{"id":5738,"date":"2017-09-18T19:29:24","date_gmt":"2017-09-18T17:29:24","guid":{"rendered":"http:\/\/garanley.com\/?p=5738"},"modified":"2020-04-01T19:26:23","modified_gmt":"2020-04-01T17:26:23","slug":"valor-venal-reparacio","status":"publish","type":"post","link":"https:\/\/garanley.com\/ca\/accidents-transit\/valor-venal-reparacio\/","title":{"rendered":"Quant val el meu cotxe despr\u00e9s d&#8217;un accident? Valor venal o reparaci\u00f3"},"content":{"rendered":"<div style=\"display: none;\"\n    class=\"kk-star-ratings kksr-valign-top kksr-align-right kksr-disabled\"\n    data-id=\"5738\"\n    data-slug=\"\">\n    <div class=\"kksr-stars\">\n    <div class=\"kksr-stars-inactive\">\n            <div class=\"kksr-star\" data-star=\"1\">\n            <div class=\"kksr-icon\" style=\"width: px; height: px;\"><\/div>\n        <\/div>\n            <div class=\"kksr-star\" data-star=\"2\">\n            <div class=\"kksr-icon\" style=\"width: px; height: px;\"><\/div>\n        <\/div>\n            <div class=\"kksr-star\" data-star=\"3\">\n            <div class=\"kksr-icon\" style=\"width: px; height: px;\"><\/div>\n        <\/div>\n            <div class=\"kksr-star\" data-star=\"4\">\n            <div class=\"kksr-icon\" style=\"width: px; height: px;\"><\/div>\n        <\/div>\n            <div class=\"kksr-star\" data-star=\"5\">\n            <div class=\"kksr-icon\" style=\"width: px; height: px;\"><\/div>\n        <\/div>\n    <\/div>\n    <div class=\"kksr-stars-active\" style=\"width: 0px;\">\n            <div class=\"kksr-star\">\n            <div class=\"kksr-icon\" style=\"width: px; height: px;\"><\/div>\n        <\/div>\n            <div class=\"kksr-star\">\n            <div class=\"kksr-icon\" style=\"width: px; height: px;\"><\/div>\n        <\/div>\n            <div class=\"kksr-star\">\n            <div class=\"kksr-icon\" style=\"width: px; height: px;\"><\/div>\n        <\/div>\n            <div class=\"kksr-star\">\n            <div class=\"kksr-icon\" style=\"width: px; height: px;\"><\/div>\n        <\/div>\n            <div class=\"kksr-star\">\n            <div class=\"kksr-icon\" style=\"width: px; height: px;\"><\/div>\n        <\/div>\n    <\/div>\n<\/div>\n    <div class=\"kksr-legend\">\n            <span class=\"kksr-muted\"><\/span>\n    <\/div>\n<\/div>\n<p><strong>Si com a conseq\u00fc\u00e8ncia d&#8217;un accident de tr\u00e0nsit pateix danys materials al seu vehicle i vost\u00e8 no \u00e9s culpable del sinistre, posseeix dues alternatives per reclamar davant l&#8217;asseguradora responsable. Pot optar per sol\u00b7licitar la indemnitzaci\u00f3 per valor venal de l&#8217;autom\u00f2bil o demanar la reparaci\u00f3 del mateix.<\/strong><\/p>\n<hr \/>\n<p>Potser s&#8217;hagi vist, alguna vegada, en un cas semblant. Imagini que ha tingut un accident de circulaci\u00f3 en qu\u00e8, per fortuna, nom\u00e9s ha patit danys materials al vehicle. A m\u00e9s, vost\u00e8 no ha estat el culpable del sinistre. En aquest cas, es troba amb dos possibles alternatives si vol reclamar a l&#8217;asseguradora deL conductor responsable. Pot decantar-se per sol\u00b7licitar que li <strong>reparin el cotxe<\/strong> o, per contra, pot optar per exigir la <strong>indemnitzaci\u00f3 per valor venal i d&#8217;afecci\u00f3 de l&#8217;autom\u00f2bil.<\/strong><\/p>\n<div id=\"ez-toc-container\" class=\"ez-toc-v2_0_17 counter-hierarchy counter-numeric ez-toc-transparent\">\n<div class=\"ez-toc-title-container\">\n<p class=\"ez-toc-title\">Resumen del art&iacute;culo<\/p>\n<span class=\"ez-toc-title-toggle\"><a class=\"ez-toc-pull-right ez-toc-btn ez-toc-btn-xs ez-toc-btn-default ez-toc-toggle\" style=\"display: none;\"><i class=\"ez-toc-glyphicon ez-toc-icon-toggle\"><\/i><\/a><\/span><\/div>\n<nav><ul class=\"ez-toc-list ez-toc-list-level-1\"><li class=\"ez-toc-page-1 ez-toc-heading-level-2\"><a class=\"ez-toc-link ez-toc-heading-1\" href=\"https:\/\/garanley.com\/ca\/accidents-transit\/valor-venal-reparacio\/#que-son-el-valor-venal-i-dafeccio-dun-vehicle\" title=\"Qu\u00e8 s\u00f3n el valor venal i d&#8217;afecci\u00f3 d&#8217;un vehicle?\">Qu\u00e8 s\u00f3n el valor venal i d&#8217;afecci\u00f3 d&#8217;un vehicle?<\/a><ul class=\"ez-toc-list-level-3\"><li class=\"ez-toc-heading-level-3\"><a class=\"ez-toc-link ez-toc-heading-2\" href=\"https:\/\/garanley.com\/ca\/accidents-transit\/valor-venal-reparacio\/#que-solen-fer-les-asseguradores-jurisprudencia-al-respecte\" title=\"Qu\u00e8 solen fer les asseguradores? Jurisprud\u00e8ncia al respecte\">Qu\u00e8 solen fer les asseguradores? Jurisprud\u00e8ncia al respecte<\/a><\/li><li class=\"ez-toc-page-1 ez-toc-heading-level-3\"><a class=\"ez-toc-link ez-toc-heading-3\" href=\"https:\/\/garanley.com\/ca\/accidents-transit\/valor-venal-reparacio\/#recomanacions\" title=\"Recomanacions\">Recomanacions<\/a><\/li><\/ul><\/li><\/ul><\/nav><\/div>\n<h2><span class=\"ez-toc-section\" id=\"que-son-el-valor-venal-i-dafeccio-dun-vehicle\"><\/span>Qu\u00e8 s\u00f3n el valor venal i d&#8217;afecci\u00f3 d&#8217;un vehicle?<span class=\"ez-toc-section-end\"><\/span><\/h2>\n<p>El valor venal \u00e9s el<strong> valor de venda de el vehicle sinistrat.<\/strong> Si utilitzem un llenguatge una mica m\u00e9s t\u00e8cnic, pot definir-se com la indemnitzaci\u00f3 que rebria l&#8217;usuari per la taxaci\u00f3 de venda en el moment de l&#8217;accident, \u00e9s a dir, els diners que percebria el propietari si vengu\u00e9s el cotxe just a l&#8217;produir-se el contratemps.<\/p>\n<p>Com \u00e9s l\u00f2gic, el <span style=\"color: #00ffff;\">valor venal<\/span> d&#8217;un cotxe accidentat acabat d&#8217;adquirir no \u00e9s el mateix que el d&#8217;un vehicle amb m\u00e9s de deu anys, per exemple. La <strong>indemnitzaci\u00f3<\/strong> varia considerablement d&#8217;un a un altre cas. El valor venal s&#8217;ha de tenir en compte, per tant, a l&#8217;hora de decidir si ens compensa contractar una p\u00f2lissa a tot risc, per a un autom\u00f2bil amb alguns anys d&#8217;antiguitat.<\/p>\n<p>Per<strong> calcular el valor venal<\/strong> d&#8217;un vehicle s&#8217;empren una s\u00e8rie de barems, que tenen en compte aspectes com les caracter\u00edstiques i l&#8217;antiguitat de l&#8217;autom\u00f2bil. Si vol coneixer la indemnitzaci\u00f3 concreta que rebria, ha de consultar la lletra petita i les condicions generals de la p\u00f2lissa.<\/p>\n<p><img loading=\"lazy\" decoding=\"async\" class=\"size-full wp-image-1786 aligncenter\" src=\"http:\/\/garanley.com\/wp-content\/uploads\/Valor-venal-coche.jpg\" alt=\"Valor venal del coche\" width=\"810\" height=\"450\" srcset=\"https:\/\/garanley.com\/wp-content\/uploads\/Valor-venal-coche.jpg 810w, https:\/\/garanley.com\/wp-content\/uploads\/Valor-venal-coche-768x427.jpg 768w\" sizes=\"auto, (max-width: 810px) 100vw, 810px\" \/><\/p>\n<p>\u00c9s usual que les asseguradores indemnitzin pel valor de nou, durant els dos primers anys de vida del cotxe. Durant el tercer i quart any solen pagar el <strong>valor venal millorat<\/strong> (incrementat en un 30 per cent, aproximadament). A partir del cinqu\u00e8 any, la indemnitzaci\u00f3 nom\u00e9s compr\u00e8n el valor venal. No obstant aix\u00f2, hi ha importants difer\u00e8ncies entre unes i altres companyies. L&#8217;ideal \u00e9s contractar els serveis d&#8217;un advocat especialitzat en assegurances, perqu\u00e8 l&#8217;assessori i informe de tots aquests aspectes.<\/p>\n<p>El <strong>valor d&#8217;afecci\u00f3<\/strong> compr\u00e8n el valor venal i un percentatge que s&#8217;afegeix a el mateix (d&#8217;entre el 20 i el 30 per cent), per cobrir les mol\u00e8sties i trastorns que pateix el propietari de el vehicle sinistrat. Aquest concepte es va introduir, al comprovar-se que el valor venal en solitari no tenia, en si mateix, d&#8217;elements o criteris reparadors.<\/p>\n<h3><span class=\"ez-toc-section\" id=\"que-solen-fer-les-asseguradores-jurisprudencia-al-respecte\"><\/span><strong>Qu\u00e8 solen fer les asseguradores? Jurisprud\u00e8ncia al respecte<\/strong><span class=\"ez-toc-section-end\"><\/span><\/h3>\n<p>No ens enganyem, les companyies asseguradores opten sempre per la via que m\u00e9s els interessa des del punt de vista econ\u00f2mic. L&#8217;usual \u00e9s que es decantin per la indemnitzaci\u00f3 de valor venal. Entre els perjudicats, el m\u00e9s habitual \u00e9s triar la reparaci\u00f3 de el vehicle, perqu\u00e8 actuen sota criteris sentimentals i no tant econ\u00f2mics.<\/p>\n<p>La major part de la jurisprud\u00e8ncia considera que \u00e9s el propietari el que t\u00e9 dret a triar entre <strong>reparaci\u00f3 o valor venal i d&#8217;afecci\u00f3.<\/strong> Aix\u00f2 s\u00ed, pot passar que hi hagi una desproporci\u00f3 econ\u00f2mica entre els dos conceptes. \u00c9s a dir, \u00e9s possible que la reparaci\u00f3 sigui molt\u00edssim m\u00e9s costosa que el valor venal el vehicle, o viceversa. En aquests casos s&#8217;ha de produir una reducci\u00f3 d&#8217;un o altre, per evitar enriquiments injustos i desequilibris. No obstant aix\u00f2, en cap cas la mesura pot implicar la negaci\u00f3 de el dret a indemnitzaci\u00f3 de l&#8217;usuari.<\/p>\n<p>S\u00f3n moltes les resolucions judicials que donen suport a la posici\u00f3 exposada en el par\u00e0graf anterior. Aix\u00ed, la <strong>Sent\u00e8ncia de l&#8217;Audi\u00e8ncia<\/strong> <strong>Provincial de Girona, Secci\u00f3 Primera, de 2 de novembre de 2009<\/strong>, estableix que &#8220;<em>el propietari t\u00e9 dret a reparar el vehicle i que el causant del dany, aix\u00ed com la seva asseguradora, no poden limitar aquest dret, per la qual cosa ha de ser indemnitzat per l&#8217;import de la reparaci\u00f3, encara que aquesta superi en exc\u00e9s el valor de el vehicle. Nom\u00e9s si s&#8217;aprecia que amb la reparaci\u00f3 s&#8217;ha produ\u00eft o es produir\u00e0 una millora apreciable, ser\u00e0 procedent reduir l&#8217;import de la indemnitzaci\u00f3 &#8220;.<\/em><\/p>\n<p>En resum, les asseguradores no poden negar-se a que el perjudicat en un accident de circulaci\u00f3 sol\u00b7liciti la reparaci\u00f3 del seu vehicle, sempre que el cost no sigui escandalosament superior a el de la indemnitzaci\u00f3 per valor venal. De la mateixa manera, no tenen fonament les negatives a concedir aquesta \u00faltima a l&#8217;usuari perjudicat, sempre que no excedeixi significativament el cost de la reparaci\u00f3.<\/p>\n<h3><span class=\"ez-toc-section\" id=\"recomanacions\"><\/span><strong>Recomanacions<\/strong><span class=\"ez-toc-section-end\"><\/span><\/h3>\n<p>\u00c9s crucial que <strong>conegui amb detall la p\u00f2lissa de l&#8217;asseguran\u00e7a<\/strong>, abans de signar el contracte. No pot c\u00f3rrer el risc de perdre milers d&#8217;euros, nom\u00e9s per estalviar uns centenars. Fixeu-vos en les <strong>condicions generals<\/strong> i comprovi que durant els dos primers anys de possessi\u00f3 de el vehicle va a gaudir, en cas de sinistre, de la indemnitzaci\u00f3 per valor de nou. Comproveu si, a partir d&#8217;el tercer any, la seva asseguradora li ofereix valor venal millorat o no.<\/p>\n<p>Si posseeix vehicle nou, resulta aconsellable assegurar-ho de tal manera que quedi garantit el valor de nou. Per contra, si el seu cotxe t\u00e9 els seus anyets, de res serveix l&#8217;anterior, perqu\u00e8 les companyies nom\u00e9s li indemnitzar pel valor venal o venal millorat. A m\u00e9s, tingui present que les empreses d&#8217;assegurances estableixen<strong> l&#8217;antiguitat de l&#8217;autom\u00f2bil<\/strong> amb la <strong>primera matriculaci\u00f3.<\/strong><\/p>\n<p>Si heu patit un accident, t\u00e9 danys materials al vehicle i no sap quin tipus de reclamaci\u00f3 realitzar, adreceu-vos a un despatx d&#8217;advocats especialitzats en assegurances i accidents de tr\u00e0nsit. All\u00e0 li indicaran la millor alternativa al seu cas i podr\u00e0 demanar la reparaci\u00f3 deL cotxe o, directament, la indemnitzaci\u00f3 per valor venal a l&#8217;asseguradora en q\u00fcesti\u00f3.<\/p>\n","protected":false},"excerpt":{"rendered":"<p>Si com a conseq\u00fc\u00e8ncia d&#8217;un accident de tr\u00e0nsit pateix danys materials al seu vehicle i vost\u00e8 no \u00e9s culpable del sinistre, posseeix dues alternatives per reclamar davant l&#8217;asseguradora responsable. Pot optar per sol\u00b7licitar la indemnitzaci\u00f3 per valor venal de l&#8217;autom\u00f2bil o demanar la reparaci\u00f3 del mateix. Potser s&#8217;hagi vist, alguna vegada, en un cas semblant. &hellip;<\/p>\n<p class=\"read-more\"> <a class=\"\" href=\"https:\/\/garanley.com\/ca\/accidents-transit\/valor-venal-reparacio\/\"> <span class=\"screen-reader-text\">Quant val el meu cotxe despr\u00e9s d&#8217;un accident? Valor venal o reparaci\u00f3<\/span> Read More \u00bb<\/a><\/p>\n","protected":false},"author":9,"featured_media":2552,"comment_status":"closed","ping_status":"open","sticky":false,"template":"","format":"standard","meta":{"_monsterinsights_skip_tracking":false,"_monsterinsights_sitenote_active":false,"_monsterinsights_sitenote_note":"","_monsterinsights_sitenote_category":0,"footnotes":""},"categories":[16],"tags":[],"class_list":["post-5738","post","type-post","status-publish","format-standard","has-post-thumbnail","hentry","category-accidents-transit"],"yoast_head":"<!-- This site is optimized with the Yoast SEO plugin v23.2 - https:\/\/yoast.com\/wordpress\/plugins\/seo\/ -->\n<title>Valor venal del cotxe o reparaci\u00f3 | Garanley Advocats<\/title>\n<meta name=\"robots\" content=\"index, follow, max-snippet:-1, max-image-preview:large, max-video-preview:-1\" \/>\n<link rel=\"canonical\" href=\"https:\/\/garanley.com\/ca\/accidentes-trafico\/valor-venal\/\" \/>\n<meta property=\"og:locale\" content=\"ca_ES\" \/>\n<meta property=\"og:type\" content=\"article\" \/>\n<meta property=\"og:title\" content=\"Valor venal del cotxe o reparaci\u00f3 | Garanley Advocats\" \/>\n<meta property=\"og:description\" content=\"Si com a conseq\u00fc\u00e8ncia d&#8217;un accident de tr\u00e0nsit pateix danys materials al seu vehicle i vost\u00e8 no \u00e9s culpable del sinistre, posseeix dues alternatives per reclamar davant l&#8217;asseguradora responsable. Pot optar per sol\u00b7licitar la indemnitzaci\u00f3 per valor venal de l&#8217;autom\u00f2bil o demanar la reparaci\u00f3 del mateix. Potser s&#8217;hagi vist, alguna vegada, en un cas semblant. &hellip; Quant val el meu cotxe despr\u00e9s d&#8217;un accident? Valor venal o reparaci\u00f3 Read More \u00bb\" \/>\n<meta property=\"og:url\" content=\"https:\/\/garanley.com\/accidentes-trafico\/valor-venal\/\" \/>\n<meta property=\"og:site_name\" content=\"Garanley Abogados\" \/>\n<meta property=\"article:publisher\" content=\"https:\/\/www.facebook.com\/Garanley\/\" \/>\n<meta property=\"article:published_time\" content=\"2017-09-18T17:29:24+00:00\" \/>\n<meta property=\"article:modified_time\" content=\"2020-04-01T17:26:23+00:00\" \/>\n<meta property=\"og:image\" content=\"https:\/\/garanley.com\/wp-content\/uploads\/Valor-venal-coche.jpg\" \/>\n\t<meta property=\"og:image:width\" content=\"810\" \/>\n\t<meta property=\"og:image:height\" content=\"450\" \/>\n\t<meta property=\"og:image:type\" content=\"image\/jpeg\" \/>\n<meta name=\"author\" content=\"Garanley\" \/>\n<meta name=\"twitter:card\" content=\"summary_large_image\" \/>\n<meta name=\"twitter:creator\" content=\"@garanley\" \/>\n<meta name=\"twitter:site\" content=\"@garanley\" \/>\n<meta name=\"twitter:label1\" content=\"Escrit per\" \/>\n\t<meta name=\"twitter:data1\" content=\"Garanley\" \/>\n\t<meta name=\"twitter:label2\" content=\"Temps estimat de lectura\" \/>\n\t<meta name=\"twitter:data2\" content=\"5 minuts\" \/>\n<script type=\"application\/ld+json\" class=\"yoast-schema-graph\">{\"@context\":\"https:\/\/schema.org\",\"@graph\":[{\"@type\":\"Article\",\"@id\":\"https:\/\/garanley.com\/accidentes-trafico\/valor-venal\/#article\",\"isPartOf\":{\"@id\":\"https:\/\/garanley.com\/accidentes-trafico\/valor-venal\/\"},\"author\":{\"name\":\"Garanley\",\"@id\":\"https:\/\/garanley.com\/#\/schema\/person\/bac4da30eb0dcea464e4bd7c078b142c\"},\"headline\":\"Quant val el meu cotxe despr\u00e9s d&#8217;un accident? Valor venal o reparaci\u00f3\",\"datePublished\":\"2017-09-18T17:29:24+00:00\",\"dateModified\":\"2020-04-01T17:26:23+00:00\",\"mainEntityOfPage\":{\"@id\":\"https:\/\/garanley.com\/accidentes-trafico\/valor-venal\/\"},\"wordCount\":1019,\"publisher\":{\"@id\":\"https:\/\/garanley.com\/#organization\"},\"image\":{\"@id\":\"https:\/\/garanley.com\/accidentes-trafico\/valor-venal\/#primaryimage\"},\"thumbnailUrl\":\"https:\/\/garanley.com\/wp-content\/uploads\/Valor-venal-coche.jpg\",\"articleSection\":[\"Accidents de tr\u00e0nsit\"],\"inLanguage\":\"ca\"},{\"@type\":\"WebPage\",\"@id\":\"https:\/\/garanley.com\/accidentes-trafico\/valor-venal\/\",\"url\":\"https:\/\/garanley.com\/accidentes-trafico\/valor-venal\/\",\"name\":\"Valor venal del cotxe o reparaci\u00f3 | Garanley Advocats\",\"isPartOf\":{\"@id\":\"https:\/\/garanley.com\/#website\"},\"primaryImageOfPage\":{\"@id\":\"https:\/\/garanley.com\/accidentes-trafico\/valor-venal\/#primaryimage\"},\"image\":{\"@id\":\"https:\/\/garanley.com\/accidentes-trafico\/valor-venal\/#primaryimage\"},\"thumbnailUrl\":\"https:\/\/garanley.com\/wp-content\/uploads\/Valor-venal-coche.jpg\",\"datePublished\":\"2017-09-18T17:29:24+00:00\",\"dateModified\":\"2020-04-01T17:26:23+00:00\",\"breadcrumb\":{\"@id\":\"https:\/\/garanley.com\/accidentes-trafico\/valor-venal\/#breadcrumb\"},\"inLanguage\":\"ca\",\"potentialAction\":[{\"@type\":\"ReadAction\",\"target\":[\"https:\/\/garanley.com\/accidentes-trafico\/valor-venal\/\"]}]},{\"@type\":\"ImageObject\",\"inLanguage\":\"ca\",\"@id\":\"https:\/\/garanley.com\/accidentes-trafico\/valor-venal\/#primaryimage\",\"url\":\"https:\/\/garanley.com\/wp-content\/uploads\/Valor-venal-coche.jpg\",\"contentUrl\":\"https:\/\/garanley.com\/wp-content\/uploads\/Valor-venal-coche.jpg\",\"width\":810,\"height\":450,\"caption\":\"Portada art\u00edculo de blog reza: Valor venal del veh\u00edculo\"},{\"@type\":\"BreadcrumbList\",\"@id\":\"https:\/\/garanley.com\/accidentes-trafico\/valor-venal\/#breadcrumb\",\"itemListElement\":[{\"@type\":\"ListItem\",\"position\":1,\"name\":\"Inicio\",\"item\":\"https:\/\/garanley.com\/ca\/\"},{\"@type\":\"ListItem\",\"position\":2,\"name\":\"Quant val el meu cotxe despr\u00e9s d&#8217;un accident? Valor venal o reparaci\u00f3\"}]},{\"@type\":\"WebSite\",\"@id\":\"https:\/\/garanley.com\/#website\",\"url\":\"https:\/\/garanley.com\/\",\"name\":\"Garanley Abogados\",\"description\":\"Despacho de Abogados en Barcelona\",\"publisher\":{\"@id\":\"https:\/\/garanley.com\/#organization\"},\"potentialAction\":[{\"@type\":\"SearchAction\",\"target\":{\"@type\":\"EntryPoint\",\"urlTemplate\":\"https:\/\/garanley.com\/?s={search_term_string}\"},\"query-input\":\"required name=search_term_string\"}],\"inLanguage\":\"ca\"},{\"@type\":\"Organization\",\"@id\":\"https:\/\/garanley.com\/#organization\",\"name\":\"Garanley Abogados\",\"url\":\"https:\/\/garanley.com\/\",\"logo\":{\"@type\":\"ImageObject\",\"inLanguage\":\"ca\",\"@id\":\"https:\/\/garanley.com\/#\/schema\/logo\/image\/\",\"url\":\"https:\/\/garanley.com\/wp-content\/uploads\/Abogados-Barcelona-Garanley.jpg\",\"contentUrl\":\"https:\/\/garanley.com\/wp-content\/uploads\/Abogados-Barcelona-Garanley.jpg\",\"width\":320,\"height\":120,\"caption\":\"Garanley Abogados\"},\"image\":{\"@id\":\"https:\/\/garanley.com\/#\/schema\/logo\/image\/\"},\"sameAs\":[\"https:\/\/www.facebook.com\/Garanley\/\",\"https:\/\/x.com\/garanley\"]},{\"@type\":\"Person\",\"@id\":\"https:\/\/garanley.com\/#\/schema\/person\/bac4da30eb0dcea464e4bd7c078b142c\",\"name\":\"Garanley\",\"image\":{\"@type\":\"ImageObject\",\"inLanguage\":\"ca\",\"@id\":\"https:\/\/garanley.com\/#\/schema\/person\/image\/\",\"url\":\"https:\/\/secure.gravatar.com\/avatar\/36c8ab097c0a00e27519d278104329ce3c98379f20bb4c28590ee0c54be9162f?s=96&d=mm&r=g\",\"contentUrl\":\"https:\/\/secure.gravatar.com\/avatar\/36c8ab097c0a00e27519d278104329ce3c98379f20bb4c28590ee0c54be9162f?s=96&d=mm&r=g\",\"caption\":\"Garanley\"}}]}<\/script>\n<!-- \/ Yoast SEO plugin. -->","yoast_head_json":{"title":"Valor venal del cotxe o reparaci\u00f3 | Garanley Advocats","robots":{"index":"index","follow":"follow","max-snippet":"max-snippet:-1","max-image-preview":"max-image-preview:large","max-video-preview":"max-video-preview:-1"},"canonical":"https:\/\/garanley.com\/ca\/accidentes-trafico\/valor-venal\/","og_locale":"ca_ES","og_type":"article","og_title":"Valor venal del cotxe o reparaci\u00f3 | Garanley Advocats","og_description":"Si com a conseq\u00fc\u00e8ncia d&#8217;un accident de tr\u00e0nsit pateix danys materials al seu vehicle i vost\u00e8 no \u00e9s culpable del sinistre, posseeix dues alternatives per reclamar davant l&#8217;asseguradora responsable. Pot optar per sol\u00b7licitar la indemnitzaci\u00f3 per valor venal de l&#8217;autom\u00f2bil o demanar la reparaci\u00f3 del mateix. Potser s&#8217;hagi vist, alguna vegada, en un cas semblant. &hellip; Quant val el meu cotxe despr\u00e9s d&#8217;un accident? Valor venal o reparaci\u00f3 Read More \u00bb","og_url":"https:\/\/garanley.com\/accidentes-trafico\/valor-venal\/","og_site_name":"Garanley Abogados","article_publisher":"https:\/\/www.facebook.com\/Garanley\/","article_published_time":"2017-09-18T17:29:24+00:00","article_modified_time":"2020-04-01T17:26:23+00:00","og_image":[{"width":810,"height":450,"url":"https:\/\/garanley.com\/wp-content\/uploads\/Valor-venal-coche.jpg","type":"image\/jpeg"}],"author":"Garanley","twitter_card":"summary_large_image","twitter_creator":"@garanley","twitter_site":"@garanley","twitter_misc":{"Escrit per":"Garanley","Temps estimat de lectura":"5 minuts"},"schema":{"@context":"https:\/\/schema.org","@graph":[{"@type":"Article","@id":"https:\/\/garanley.com\/accidentes-trafico\/valor-venal\/#article","isPartOf":{"@id":"https:\/\/garanley.com\/accidentes-trafico\/valor-venal\/"},"author":{"name":"Garanley","@id":"https:\/\/garanley.com\/#\/schema\/person\/bac4da30eb0dcea464e4bd7c078b142c"},"headline":"Quant val el meu cotxe despr\u00e9s d&#8217;un accident? Valor venal o reparaci\u00f3","datePublished":"2017-09-18T17:29:24+00:00","dateModified":"2020-04-01T17:26:23+00:00","mainEntityOfPage":{"@id":"https:\/\/garanley.com\/accidentes-trafico\/valor-venal\/"},"wordCount":1019,"publisher":{"@id":"https:\/\/garanley.com\/#organization"},"image":{"@id":"https:\/\/garanley.com\/accidentes-trafico\/valor-venal\/#primaryimage"},"thumbnailUrl":"https:\/\/garanley.com\/wp-content\/uploads\/Valor-venal-coche.jpg","articleSection":["Accidents de tr\u00e0nsit"],"inLanguage":"ca"},{"@type":"WebPage","@id":"https:\/\/garanley.com\/accidentes-trafico\/valor-venal\/","url":"https:\/\/garanley.com\/accidentes-trafico\/valor-venal\/","name":"Valor venal del cotxe o reparaci\u00f3 | Garanley Advocats","isPartOf":{"@id":"https:\/\/garanley.com\/#website"},"primaryImageOfPage":{"@id":"https:\/\/garanley.com\/accidentes-trafico\/valor-venal\/#primaryimage"},"image":{"@id":"https:\/\/garanley.com\/accidentes-trafico\/valor-venal\/#primaryimage"},"thumbnailUrl":"https:\/\/garanley.com\/wp-content\/uploads\/Valor-venal-coche.jpg","datePublished":"2017-09-18T17:29:24+00:00","dateModified":"2020-04-01T17:26:23+00:00","breadcrumb":{"@id":"https:\/\/garanley.com\/accidentes-trafico\/valor-venal\/#breadcrumb"},"inLanguage":"ca","potentialAction":[{"@type":"ReadAction","target":["https:\/\/garanley.com\/accidentes-trafico\/valor-venal\/"]}]},{"@type":"ImageObject","inLanguage":"ca","@id":"https:\/\/garanley.com\/accidentes-trafico\/valor-venal\/#primaryimage","url":"https:\/\/garanley.com\/wp-content\/uploads\/Valor-venal-coche.jpg","contentUrl":"https:\/\/garanley.com\/wp-content\/uploads\/Valor-venal-coche.jpg","width":810,"height":450,"caption":"Portada art\u00edculo de blog reza: Valor venal del veh\u00edculo"},{"@type":"BreadcrumbList","@id":"https:\/\/garanley.com\/accidentes-trafico\/valor-venal\/#breadcrumb","itemListElement":[{"@type":"ListItem","position":1,"name":"Inicio","item":"https:\/\/garanley.com\/ca\/"},{"@type":"ListItem","position":2,"name":"Quant val el meu cotxe despr\u00e9s d&#8217;un accident? Valor venal o reparaci\u00f3"}]},{"@type":"WebSite","@id":"https:\/\/garanley.com\/#website","url":"https:\/\/garanley.com\/","name":"Garanley Abogados","description":"Despacho de Abogados en Barcelona","publisher":{"@id":"https:\/\/garanley.com\/#organization"},"potentialAction":[{"@type":"SearchAction","target":{"@type":"EntryPoint","urlTemplate":"https:\/\/garanley.com\/?s={search_term_string}"},"query-input":"required name=search_term_string"}],"inLanguage":"ca"},{"@type":"Organization","@id":"https:\/\/garanley.com\/#organization","name":"Garanley Abogados","url":"https:\/\/garanley.com\/","logo":{"@type":"ImageObject","inLanguage":"ca","@id":"https:\/\/garanley.com\/#\/schema\/logo\/image\/","url":"https:\/\/garanley.com\/wp-content\/uploads\/Abogados-Barcelona-Garanley.jpg","contentUrl":"https:\/\/garanley.com\/wp-content\/uploads\/Abogados-Barcelona-Garanley.jpg","width":320,"height":120,"caption":"Garanley Abogados"},"image":{"@id":"https:\/\/garanley.com\/#\/schema\/logo\/image\/"},"sameAs":["https:\/\/www.facebook.com\/Garanley\/","https:\/\/x.com\/garanley"]},{"@type":"Person","@id":"https:\/\/garanley.com\/#\/schema\/person\/bac4da30eb0dcea464e4bd7c078b142c","name":"Garanley","image":{"@type":"ImageObject","inLanguage":"ca","@id":"https:\/\/garanley.com\/#\/schema\/person\/image\/","url":"https:\/\/secure.gravatar.com\/avatar\/36c8ab097c0a00e27519d278104329ce3c98379f20bb4c28590ee0c54be9162f?s=96&d=mm&r=g","contentUrl":"https:\/\/secure.gravatar.com\/avatar\/36c8ab097c0a00e27519d278104329ce3c98379f20bb4c28590ee0c54be9162f?s=96&d=mm&r=g","caption":"Garanley"}}]}},"_links":{"self":[{"href":"https:\/\/garanley.com\/ca\/wp-json\/wp\/v2\/posts\/5738\/"}],"collection":[{"href":"https:\/\/garanley.com\/ca\/wp-json\/wp\/v2\/posts\/"}],"about":[{"href":"https:\/\/garanley.com\/ca\/wp-json\/wp\/v2\/types\/post\/"}],"author":[{"embeddable":true,"href":"https:\/\/garanley.com\/ca\/wp-json\/wp\/v2\/users\/9\/"}],"replies":[{"embeddable":true,"href":"https:\/\/garanley.com\/ca\/wp-json\/wp\/v2\/comments\/?post=5738"}],"version-history":[{"count":2,"href":"https:\/\/garanley.com\/ca\/wp-json\/wp\/v2\/posts\/5738\/revisions\/"}],"predecessor-version":[{"id":5760,"href":"https:\/\/garanley.com\/ca\/wp-json\/wp\/v2\/posts\/5738\/revisions\/5760\/"}],"wp:featuredmedia":[{"embeddable":true,"href":"https:\/\/garanley.com\/ca\/wp-json\/wp\/v2\/media\/2552\/"}],"wp:attachment":[{"href":"https:\/\/garanley.com\/ca\/wp-json\/wp\/v2\/media\/?parent=5738"}],"wp:term":[{"taxonomy":"category","embeddable":true,"href":"https:\/\/garanley.com\/ca\/wp-json\/wp\/v2\/categories\/?post=5738"},{"taxonomy":"post_tag","embeddable":true,"href":"https:\/\/garanley.com\/ca\/wp-json\/wp\/v2\/tags\/?post=5738"}],"curies":[{"name":"wp","href":"https:\/\/api.w.org\/{rel}","templated":true}]}}