{"id":5672,"date":"2017-09-21T13:08:26","date_gmt":"2017-09-21T11:08:26","guid":{"rendered":"http:\/\/garanley.com\/?p=5672"},"modified":"2020-03-31T21:28:31","modified_gmt":"2020-03-31T19:28:31","slug":"incapacitat-judicial-com-es-declara","status":"publish","type":"post","link":"https:\/\/garanley.com\/ca\/dret-civil\/incapacitat-judicial-com-es-declara\/","title":{"rendered":"Incapacitat judicial. Com es declara?"},"content":{"rendered":"<div style=\"display: none;\"\n    class=\"kk-star-ratings kksr-valign-top kksr-align-right kksr-disabled\"\n    data-id=\"5672\"\n    data-slug=\"\">\n    <div class=\"kksr-stars\">\n    <div class=\"kksr-stars-inactive\">\n            <div class=\"kksr-star\" data-star=\"1\">\n            <div class=\"kksr-icon\" style=\"width: px; height: px;\"><\/div>\n        <\/div>\n            <div class=\"kksr-star\" data-star=\"2\">\n            <div class=\"kksr-icon\" style=\"width: px; height: px;\"><\/div>\n        <\/div>\n            <div class=\"kksr-star\" data-star=\"3\">\n            <div class=\"kksr-icon\" style=\"width: px; height: px;\"><\/div>\n        <\/div>\n            <div class=\"kksr-star\" data-star=\"4\">\n            <div class=\"kksr-icon\" style=\"width: px; height: px;\"><\/div>\n        <\/div>\n            <div class=\"kksr-star\" data-star=\"5\">\n            <div class=\"kksr-icon\" style=\"width: px; height: px;\"><\/div>\n        <\/div>\n    <\/div>\n    <div class=\"kksr-stars-active\" style=\"width: 0px;\">\n            <div class=\"kksr-star\">\n            <div class=\"kksr-icon\" style=\"width: px; height: px;\"><\/div>\n        <\/div>\n            <div class=\"kksr-star\">\n            <div class=\"kksr-icon\" style=\"width: px; height: px;\"><\/div>\n        <\/div>\n            <div class=\"kksr-star\">\n            <div class=\"kksr-icon\" style=\"width: px; height: px;\"><\/div>\n        <\/div>\n            <div class=\"kksr-star\">\n            <div class=\"kksr-icon\" style=\"width: px; height: px;\"><\/div>\n        <\/div>\n            <div class=\"kksr-star\">\n            <div class=\"kksr-icon\" style=\"width: px; height: px;\"><\/div>\n        <\/div>\n    <\/div>\n<\/div>\n    <div class=\"kksr-legend\">\n            <span class=\"kksr-muted\"><\/span>\n    <\/div>\n<\/div>\n<p align=\"justify\"><strong>La incapacitaci\u00f3 judicial persegueix protegir a la persones que no poden governar-se per si mateixes. La corresponent sent\u00e8ncia estableix el tipus d&#8217;incapacitat i determina la persona o entitat que exerceix la tutela, la curatela o la defensa judicial.<\/strong><\/p>\n<hr \/>\n<p align=\"justify\">La incapacitaci\u00f3 \u00e9s l&#8217;estat jur\u00eddic en qu\u00e8 es troba una persona afectada d&#8217;una malaltia o defici\u00e8ncia f\u00edsica o ps\u00edquica, que li impedeix governar-se per si mateixa. S&#8217;estableix per mitj\u00e0 d&#8217;una sent\u00e8ncia judicial. Quan es manca de capacitat d&#8217;obrar, cal que una tercera persona (representant) exerceixi els drets en nom de l&#8217;incapacitat, mitjan\u00e7ant la tutela, curatela, el defensor judicial etc.<\/p>\n<p align=\"justify\">En el present post, et vam explicar el concepte i les diferents fases del proc\u00e9s <span style=\"color: #33cccc;\">d&#8217;incapacitat.<\/span> No obstant aix\u00f2, anem a comen\u00e7ar analitzant algunes q\u00fcestions pr\u00e8vies.<\/p>\n<div id=\"ez-toc-container\" class=\"ez-toc-v2_0_17 counter-hierarchy counter-numeric ez-toc-transparent\">\n<div class=\"ez-toc-title-container\">\n<p class=\"ez-toc-title\">Resumen del art&iacute;culo<\/p>\n<span class=\"ez-toc-title-toggle\"><a class=\"ez-toc-pull-right ez-toc-btn ez-toc-btn-xs ez-toc-btn-default ez-toc-toggle\" style=\"display: none;\"><i class=\"ez-toc-glyphicon ez-toc-icon-toggle\"><\/i><\/a><\/span><\/div>\n<nav><ul class=\"ez-toc-list ez-toc-list-level-1\"><li class=\"ez-toc-page-1 ez-toc-heading-level-2\"><a class=\"ez-toc-link ez-toc-heading-1\" href=\"https:\/\/garanley.com\/ca\/dret-civil\/incapacitat-judicial-com-es-declara\/#diferencies-entre-capacitat-juridica-i-capacitat-dobrar\" title=\"Difer\u00e8ncies entre capacitat jur\u00eddica i capacitat d&#8217;obrar\">Difer\u00e8ncies entre capacitat jur\u00eddica i capacitat d&#8217;obrar<\/a><ul class=\"ez-toc-list-level-3\"><li class=\"ez-toc-heading-level-3\"><a class=\"ez-toc-link ez-toc-heading-2\" href=\"https:\/\/garanley.com\/ca\/dret-civil\/incapacitat-judicial-com-es-declara\/#tipus-dincapacitat\" title=\"Tipus d&#8217;incapacitat\">Tipus d&#8217;incapacitat<\/a><\/li><li class=\"ez-toc-page-1 ez-toc-heading-level-3\"><a class=\"ez-toc-link ez-toc-heading-3\" href=\"https:\/\/garanley.com\/ca\/dret-civil\/incapacitat-judicial-com-es-declara\/#institucions-de-proteccio\" title=\"Institucions de protecci\u00f3\">Institucions de protecci\u00f3<\/a><\/li><\/ul><\/li><li class=\"ez-toc-page-1 ez-toc-heading-level-2\"><a class=\"ez-toc-link ez-toc-heading-4\" href=\"https:\/\/garanley.com\/ca\/dret-civil\/incapacitat-judicial-com-es-declara\/#proces-dincapacitat\" title=\"Proc\u00e9s d&#8217;incapacitat\">Proc\u00e9s d&#8217;incapacitat<\/a><\/li><\/ul><\/nav><\/div>\n<h2 align=\"justify\"><span class=\"ez-toc-section\" id=\"diferencies-entre-capacitat-juridica-i-capacitat-dobrar\"><\/span>Difer\u00e8ncies entre capacitat jur\u00eddica i capacitat d&#8217;obrar<span class=\"ez-toc-section-end\"><\/span><\/h2>\n<p align=\"justify\">La<strong> capacitat jur\u00eddica<\/strong> \u00e9s innata a la persona. Tots, pel sol fet de n\u00e9ixer, la posse\u00efm i nom\u00e9s es perd amb la mort. En virtut d&#8217;ella, qualsevol pot ser titular de drets i obligacions, inclosos els afectats per algun tipus de discapacitat. Aquests, per exemple, poden posseir un habitatge, accions o ser declarats hereus.<\/p>\n<p align=\"justify\">Per contra, la <strong>capacitat d&#8217;obrar<\/strong> la posseeixen tots els majors d&#8217;edat, mentre no siguin privats d&#8217;ella per mitj\u00e0 d&#8217;una incapacitaci\u00f3 judicial. Implica que la persona pot dur a terme drets i obligacions per si mateixa.<\/p>\n<h3 align=\"justify\"><span class=\"ez-toc-section\" id=\"tipus-dincapacitat\"><\/span>Tipus d&#8217;incapacitat<span class=\"ez-toc-section-end\"><\/span><\/h3>\n<p align=\"justify\">Discapacitats intel\u00b7lectuals, malalties mentals, deterioraments cognitius greus i, en general, qualsevol problema que impossibiliti a una persona per governar-se per si mateixa s\u00f3n alguns dels motius determinants de la incapacitaci\u00f3 judicial.<\/p>\n<p align=\"justify\">L&#8217;oportuna sent\u00e8ncia judicial estableix el tipus d&#8217;incapacitat, en funci\u00f3 de la situaci\u00f3 f\u00edsica, psicol\u00f2gica o social de la persona.<\/p>\n<ul>\n<li>\n<p align=\"justify\"><strong>Incapacitat total.<\/strong><\/p>\n<\/li>\n<\/ul>\n<p align=\"justify\">S&#8217;aplica a persones sense capacitat per autogovernar-se en cap \u00e0mbit de la vida. No vol dir que l&#8217;afectat perdi drets, sin\u00f3 que aquests s&#8217;han d&#8217;exercir amb el suport d&#8217;un representant. Persegueix la protecci\u00f3 personal i patrimonial de l&#8217;incapacitat.<\/p>\n<ul>\n<li>\n<p align=\"justify\"><strong>Incapacitat parcial.<\/strong><\/p>\n<\/li>\n<\/ul>\n<p align=\"justify\">Protegeix a persones mancades de capacitat per autogovernar-se en determinats actes. La sent\u00e8ncia judicial s&#8217;encarrega d&#8217;establir quan \u00e9s necess\u00e0ria la intervenci\u00f3 de l&#8217;representant.<\/p>\n<h3 align=\"justify\"><span class=\"ez-toc-section\" id=\"institucions-de-proteccio\"><\/span>Institucions de protecci\u00f3<span class=\"ez-toc-section-end\"><\/span><\/h3>\n<p align=\"justify\">Un cop declarada la incapacitat, total o parcial, el seg\u00fcent pas consisteix a nomenar la persona o entitat que actuar\u00e0 com a representant de l&#8217;incapacitat. L&#8217;article 215 de el Codi Civil estableix que <strong><em>&#8220;La guarda i protecci\u00f3 de la persona i b\u00e9ns o nom\u00e9s de la persona o dels b\u00e9ns dels menors o incapacitats, es realitzar\u00e0, en els casos que sigui procedent, mitjan\u00e7ant: 1r La tutela, 2n La curatela, 3r El defensor judicial &#8220;.<\/em><\/strong><\/p>\n<p align=\"justify\">La <strong>tutela<\/strong> \u00e9s la instituci\u00f3 de protecci\u00f3 que s&#8217;aplica quan es declara la incapacitat total d&#8217;una persona. En el proc\u00e9s d&#8217;incapacitat se sol\u00b7licita el nomenament de tutor, encara que tamb\u00e9 pot realitzar-se amb posterioritat. Estan sotmesos a tutela els menors no emancipats que no estiguin sota p\u00e0tria potestat, els incapacitats quan ho estableixi l&#8217;oportuna sent\u00e8ncia i els subjectes a p\u00e0tria potestat prorrogada, quan cessa aquesta i no procedeix la curatela.<\/p>\n<p align=\"justify\">Per ser tutor cal tenir capacitat d&#8217;obrar i estar en ple \u00fas dels drets civils. No poden ser tutors, entre altres, les seg\u00fcents persones:<\/p>\n<ul>\n<li>\n<p align=\"justify\">Remoguts legalment d&#8217;una tutela anterior.<\/p>\n<\/li>\n<li>\n<p align=\"justify\">Privats o suspesos de la p\u00e0tria potestat.<\/p>\n<\/li>\n<li>\n<p align=\"justify\">Els condemnats a penes privatives de llibertat, mentre compleixen condemna.<\/p>\n<\/li>\n<li>\n<p align=\"justify\">Els qui tinguin enemistat manifesta amb l&#8217;incapacitat.<\/p>\n<\/li>\n<li>\n<p align=\"justify\">Fallits i concursats no rehabilitats.<\/p>\n<\/li>\n<\/ul>\n<p align=\"justify\">Has de saber que el Codi Civil estableix una s\u00e8rie de prefer\u00e8ncies a l&#8217;hora de nomenar tutor. Aix\u00ed, el precepte 234 estableix: <em>&#8220;Per al nomenament de tutor es prefereix: 1r A el designat pel propi tutelat, d&#8217;acord amb el par\u00e0graf segon de l&#8217;article 223. 2n A el c\u00f2njuge que convisqui amb el tutelat. 3r Als pares. 4t A la persona o persones designades per aquests en les seves disposicions d&#8217;\u00faltima voluntat. 5\u00e8 A el descendent, ascendent o germ\u00e0 que designi el jutge. &#8220;. No<\/em> obstant aix\u00f2, aquest pot alterar l&#8217;ordre i, fins i tot, prescindir de tots les persones enumerades, si amb aix\u00f2 es beneficia l&#8217;incapacitat.<\/p>\n<p align=\"justify\">Despr\u00e9s del nomenament, <strong>el tutor ha d&#8217;acudir al jutjat a prendre possessi\u00f3 i a estampar la seva<\/strong> <strong>signatura.<\/strong> D&#8217;aquesta manera es converteix en el representant legal de l&#8217;tutelat. La persona designada t\u00e9 l&#8217;obligaci\u00f3 d&#8217;exercir les seves funcions, encara que pot al\u00b7legar malaltia, ocupacions professionals o falta de vincle amb l&#8217;incapacitat.<\/p>\n<p align=\"justify\">Per la seva banda, <strong>la curatela<\/strong> s&#8217;aplica quan es declar\u00e9s una incapacitat parcial. En aquest cas, l&#8217;incapacitat mant\u00e9 un cert grau d&#8217;autonomia, que li permet prendre decisions senzilles sobre la seva persona o patrimoni.<\/p>\n<p align=\"justify\">El <strong>defensor judicial<\/strong> \u00e9s una figura de protecci\u00f3, caracteritzada per actuar de forma provisional i transit\u00f2ria. Representa o assisteix a l&#8217;incapa\u00e7 quan no poden fer-ho o no existeixen els progenitors, el tutor o curador.<\/p>\n<h2 align=\"justify\"><span class=\"ez-toc-section\" id=\"proces-dincapacitat\"><\/span>Proc\u00e9s d&#8217;incapacitat<span class=\"ez-toc-section-end\"><\/span><\/h2>\n<p align=\"justify\">El proc\u00e9s d&#8217;incapacitat es troba regulat en la <span style=\"color: #33cccc;\">Llei d&#8217;enjudiciament civil<\/span>. S&#8217;inicia al jutjat de primera inst\u00e0ncia corresponent a el domicili de la persona presumptament incapa\u00e7. En l&#8217;escrit de demanda pot sol\u00b7licitar-se a el jutge el nomenament d&#8217;un representant legal.<\/p>\n<p align=\"justify\">El procediment pot comen\u00e7ar de dues maneres:<\/p>\n<ul>\n<li>\n<p align=\"justify\"><strong>Sol\u00b7licitud adre\u00e7ada a la Fiscalia del domicili del presumpte incapa\u00e7.<\/strong><\/p>\n<\/li>\n<li>\n<p align=\"justify\">Mitjan\u00e7ant advocat i procurador i interposant directament la demanda davant el jutge competent.<\/p>\n<\/li>\n<\/ul>\n<p align=\"justify\">Les proves susceptibles de practicar-se en el proc\u00e9s s\u00f3n: documental, audi\u00e8ncia de parents pr\u00f2xims, exploraci\u00f3 forense, entrevista amb el jutge etc.<\/p>\n<p align=\"justify\">La sent\u00e8ncia d&#8217;incapacitaci\u00f3 ha de ser d&#8217;acord amb les necessitats espec\u00edfiques de l&#8217;individu, ha d&#8217;inscriure en el Registre Civil i, quan fos necessari, en el Registre de la Propietat. La resoluci\u00f3 tamb\u00e9 ha de determinar la persona o ens que exercir\u00e0 la tutela, curatela o la pr\u00f2rroga de la p\u00e0tria potestat.<\/p>\n<p align=\"justify\">Com pots comprovar, la incapacitaci\u00f3 judicial no implica cap p\u00e8rdua de drets. Molt a contra, es tracta de protegir i <strong>ajudar a l&#8217;incapa\u00e7 a exercir aquells i a fer valer plenament els seus interessos.<\/strong><\/p>\n<p align=\"justify\">\n","protected":false},"excerpt":{"rendered":"<p>La incapacitaci\u00f3 judicial persegueix protegir a la persones que no poden governar-se per si mateixes. La corresponent sent\u00e8ncia estableix el tipus d&#8217;incapacitat i determina la persona o entitat que exerceix la tutela, la curatela o la defensa judicial. La incapacitaci\u00f3 \u00e9s l&#8217;estat jur\u00eddic en qu\u00e8 es troba una persona afectada d&#8217;una malaltia o defici\u00e8ncia f\u00edsica &hellip;<\/p>\n<p class=\"read-more\"> <a class=\"\" href=\"https:\/\/garanley.com\/ca\/dret-civil\/incapacitat-judicial-com-es-declara\/\"> <span class=\"screen-reader-text\">Incapacitat judicial. Com es declara?<\/span> Read More \u00bb<\/a><\/p>\n","protected":false},"author":9,"featured_media":0,"comment_status":"closed","ping_status":"open","sticky":false,"template":"","format":"standard","meta":{"_monsterinsights_skip_tracking":false,"_monsterinsights_sitenote_active":false,"_monsterinsights_sitenote_note":"","_monsterinsights_sitenote_category":0,"footnotes":""},"categories":[17],"tags":[],"class_list":["post-5672","post","type-post","status-publish","format-standard","hentry","category-dret-civil"],"yoast_head":"<!-- This site is optimized with the Yoast SEO plugin v23.2 - https:\/\/yoast.com\/wordpress\/plugins\/seo\/ -->\n<title>Incapacitat judicial. Com es declara? | Garanley Advocats<\/title>\n<meta name=\"robots\" content=\"index, follow, max-snippet:-1, max-image-preview:large, max-video-preview:-1\" \/>\n<link rel=\"canonical\" href=\"https:\/\/garanley.com\/ca\/civil\/declarar-incapacidad-judicial\/\" \/>\n<meta property=\"og:locale\" content=\"ca_ES\" \/>\n<meta property=\"og:type\" content=\"article\" \/>\n<meta property=\"og:title\" content=\"Incapacitat judicial. Com es declara? | Garanley Advocats\" \/>\n<meta property=\"og:description\" content=\"La incapacitaci\u00f3 judicial persegueix protegir a la persones que no poden governar-se per si mateixes. La corresponent sent\u00e8ncia estableix el tipus d&#8217;incapacitat i determina la persona o entitat que exerceix la tutela, la curatela o la defensa judicial. La incapacitaci\u00f3 \u00e9s l&#8217;estat jur\u00eddic en qu\u00e8 es troba una persona afectada d&#8217;una malaltia o defici\u00e8ncia f\u00edsica &hellip; Incapacitat judicial. Com es declara? Read More \u00bb\" \/>\n<meta property=\"og:url\" content=\"https:\/\/garanley.com\/civil\/declarar-incapacidad-judicial\/\" \/>\n<meta property=\"og:site_name\" content=\"Garanley Abogados\" \/>\n<meta property=\"article:publisher\" content=\"https:\/\/www.facebook.com\/Garanley\/\" \/>\n<meta property=\"article:published_time\" content=\"2017-09-21T11:08:26+00:00\" \/>\n<meta property=\"article:modified_time\" content=\"2020-03-31T19:28:31+00:00\" \/>\n<meta property=\"og:image\" content=\"https:\/\/garanley.com\/wp-content\/uploads\/1438655.png\" \/>\n\t<meta property=\"og:image:width\" content=\"290\" \/>\n\t<meta property=\"og:image:height\" content=\"190\" \/>\n\t<meta property=\"og:image:type\" content=\"image\/png\" \/>\n<meta name=\"author\" content=\"Garanley\" \/>\n<meta name=\"twitter:card\" content=\"summary_large_image\" \/>\n<meta name=\"twitter:creator\" content=\"@garanley\" \/>\n<meta name=\"twitter:site\" content=\"@garanley\" \/>\n<meta name=\"twitter:label1\" content=\"Escrit per\" \/>\n\t<meta name=\"twitter:data1\" content=\"Garanley\" \/>\n\t<meta name=\"twitter:label2\" content=\"Temps estimat de lectura\" \/>\n\t<meta name=\"twitter:data2\" content=\"5 minuts\" \/>\n<script type=\"application\/ld+json\" class=\"yoast-schema-graph\">{\"@context\":\"https:\/\/schema.org\",\"@graph\":[{\"@type\":\"Article\",\"@id\":\"https:\/\/garanley.com\/civil\/declarar-incapacidad-judicial\/#article\",\"isPartOf\":{\"@id\":\"https:\/\/garanley.com\/civil\/declarar-incapacidad-judicial\/\"},\"author\":{\"name\":\"Garanley\",\"@id\":\"https:\/\/garanley.com\/#\/schema\/person\/bac4da30eb0dcea464e4bd7c078b142c\"},\"headline\":\"Incapacitat judicial. Com es declara?\",\"datePublished\":\"2017-09-21T11:08:26+00:00\",\"dateModified\":\"2020-03-31T19:28:31+00:00\",\"mainEntityOfPage\":{\"@id\":\"https:\/\/garanley.com\/civil\/declarar-incapacidad-judicial\/\"},\"wordCount\":1004,\"publisher\":{\"@id\":\"https:\/\/garanley.com\/#organization\"},\"articleSection\":[\"Dret Civil\"],\"inLanguage\":\"ca\"},{\"@type\":\"WebPage\",\"@id\":\"https:\/\/garanley.com\/civil\/declarar-incapacidad-judicial\/\",\"url\":\"https:\/\/garanley.com\/civil\/declarar-incapacidad-judicial\/\",\"name\":\"Incapacitat judicial. Com es declara? | Garanley Advocats\",\"isPartOf\":{\"@id\":\"https:\/\/garanley.com\/#website\"},\"datePublished\":\"2017-09-21T11:08:26+00:00\",\"dateModified\":\"2020-03-31T19:28:31+00:00\",\"breadcrumb\":{\"@id\":\"https:\/\/garanley.com\/civil\/declarar-incapacidad-judicial\/#breadcrumb\"},\"inLanguage\":\"ca\",\"potentialAction\":[{\"@type\":\"ReadAction\",\"target\":[\"https:\/\/garanley.com\/civil\/declarar-incapacidad-judicial\/\"]}]},{\"@type\":\"BreadcrumbList\",\"@id\":\"https:\/\/garanley.com\/civil\/declarar-incapacidad-judicial\/#breadcrumb\",\"itemListElement\":[{\"@type\":\"ListItem\",\"position\":1,\"name\":\"Inicio\",\"item\":\"https:\/\/garanley.com\/ca\/\"},{\"@type\":\"ListItem\",\"position\":2,\"name\":\"Incapacitat judicial. Com es declara?\"}]},{\"@type\":\"WebSite\",\"@id\":\"https:\/\/garanley.com\/#website\",\"url\":\"https:\/\/garanley.com\/\",\"name\":\"Garanley Abogados\",\"description\":\"Despacho de Abogados en Barcelona\",\"publisher\":{\"@id\":\"https:\/\/garanley.com\/#organization\"},\"potentialAction\":[{\"@type\":\"SearchAction\",\"target\":{\"@type\":\"EntryPoint\",\"urlTemplate\":\"https:\/\/garanley.com\/?s={search_term_string}\"},\"query-input\":\"required name=search_term_string\"}],\"inLanguage\":\"ca\"},{\"@type\":\"Organization\",\"@id\":\"https:\/\/garanley.com\/#organization\",\"name\":\"Garanley Abogados\",\"url\":\"https:\/\/garanley.com\/\",\"logo\":{\"@type\":\"ImageObject\",\"inLanguage\":\"ca\",\"@id\":\"https:\/\/garanley.com\/#\/schema\/logo\/image\/\",\"url\":\"https:\/\/garanley.com\/wp-content\/uploads\/Abogados-Barcelona-Garanley.jpg\",\"contentUrl\":\"https:\/\/garanley.com\/wp-content\/uploads\/Abogados-Barcelona-Garanley.jpg\",\"width\":320,\"height\":120,\"caption\":\"Garanley Abogados\"},\"image\":{\"@id\":\"https:\/\/garanley.com\/#\/schema\/logo\/image\/\"},\"sameAs\":[\"https:\/\/www.facebook.com\/Garanley\/\",\"https:\/\/x.com\/garanley\"]},{\"@type\":\"Person\",\"@id\":\"https:\/\/garanley.com\/#\/schema\/person\/bac4da30eb0dcea464e4bd7c078b142c\",\"name\":\"Garanley\",\"image\":{\"@type\":\"ImageObject\",\"inLanguage\":\"ca\",\"@id\":\"https:\/\/garanley.com\/#\/schema\/person\/image\/\",\"url\":\"https:\/\/secure.gravatar.com\/avatar\/36c8ab097c0a00e27519d278104329ce3c98379f20bb4c28590ee0c54be9162f?s=96&d=mm&r=g\",\"contentUrl\":\"https:\/\/secure.gravatar.com\/avatar\/36c8ab097c0a00e27519d278104329ce3c98379f20bb4c28590ee0c54be9162f?s=96&d=mm&r=g\",\"caption\":\"Garanley\"}}]}<\/script>\n<!-- \/ Yoast SEO plugin. -->","yoast_head_json":{"title":"Incapacitat judicial. Com es declara? | Garanley Advocats","robots":{"index":"index","follow":"follow","max-snippet":"max-snippet:-1","max-image-preview":"max-image-preview:large","max-video-preview":"max-video-preview:-1"},"canonical":"https:\/\/garanley.com\/ca\/civil\/declarar-incapacidad-judicial\/","og_locale":"ca_ES","og_type":"article","og_title":"Incapacitat judicial. Com es declara? | Garanley Advocats","og_description":"La incapacitaci\u00f3 judicial persegueix protegir a la persones que no poden governar-se per si mateixes. La corresponent sent\u00e8ncia estableix el tipus d&#8217;incapacitat i determina la persona o entitat que exerceix la tutela, la curatela o la defensa judicial. La incapacitaci\u00f3 \u00e9s l&#8217;estat jur\u00eddic en qu\u00e8 es troba una persona afectada d&#8217;una malaltia o defici\u00e8ncia f\u00edsica &hellip; Incapacitat judicial. Com es declara? Read More \u00bb","og_url":"https:\/\/garanley.com\/civil\/declarar-incapacidad-judicial\/","og_site_name":"Garanley Abogados","article_publisher":"https:\/\/www.facebook.com\/Garanley\/","article_published_time":"2017-09-21T11:08:26+00:00","article_modified_time":"2020-03-31T19:28:31+00:00","og_image":[{"width":290,"height":190,"url":"https:\/\/garanley.com\/wp-content\/uploads\/1438655.png","type":"image\/png"}],"author":"Garanley","twitter_card":"summary_large_image","twitter_creator":"@garanley","twitter_site":"@garanley","twitter_misc":{"Escrit per":"Garanley","Temps estimat de lectura":"5 minuts"},"schema":{"@context":"https:\/\/schema.org","@graph":[{"@type":"Article","@id":"https:\/\/garanley.com\/civil\/declarar-incapacidad-judicial\/#article","isPartOf":{"@id":"https:\/\/garanley.com\/civil\/declarar-incapacidad-judicial\/"},"author":{"name":"Garanley","@id":"https:\/\/garanley.com\/#\/schema\/person\/bac4da30eb0dcea464e4bd7c078b142c"},"headline":"Incapacitat judicial. Com es declara?","datePublished":"2017-09-21T11:08:26+00:00","dateModified":"2020-03-31T19:28:31+00:00","mainEntityOfPage":{"@id":"https:\/\/garanley.com\/civil\/declarar-incapacidad-judicial\/"},"wordCount":1004,"publisher":{"@id":"https:\/\/garanley.com\/#organization"},"articleSection":["Dret Civil"],"inLanguage":"ca"},{"@type":"WebPage","@id":"https:\/\/garanley.com\/civil\/declarar-incapacidad-judicial\/","url":"https:\/\/garanley.com\/civil\/declarar-incapacidad-judicial\/","name":"Incapacitat judicial. Com es declara? | Garanley Advocats","isPartOf":{"@id":"https:\/\/garanley.com\/#website"},"datePublished":"2017-09-21T11:08:26+00:00","dateModified":"2020-03-31T19:28:31+00:00","breadcrumb":{"@id":"https:\/\/garanley.com\/civil\/declarar-incapacidad-judicial\/#breadcrumb"},"inLanguage":"ca","potentialAction":[{"@type":"ReadAction","target":["https:\/\/garanley.com\/civil\/declarar-incapacidad-judicial\/"]}]},{"@type":"BreadcrumbList","@id":"https:\/\/garanley.com\/civil\/declarar-incapacidad-judicial\/#breadcrumb","itemListElement":[{"@type":"ListItem","position":1,"name":"Inicio","item":"https:\/\/garanley.com\/ca\/"},{"@type":"ListItem","position":2,"name":"Incapacitat judicial. Com es declara?"}]},{"@type":"WebSite","@id":"https:\/\/garanley.com\/#website","url":"https:\/\/garanley.com\/","name":"Garanley Abogados","description":"Despacho de Abogados en Barcelona","publisher":{"@id":"https:\/\/garanley.com\/#organization"},"potentialAction":[{"@type":"SearchAction","target":{"@type":"EntryPoint","urlTemplate":"https:\/\/garanley.com\/?s={search_term_string}"},"query-input":"required name=search_term_string"}],"inLanguage":"ca"},{"@type":"Organization","@id":"https:\/\/garanley.com\/#organization","name":"Garanley Abogados","url":"https:\/\/garanley.com\/","logo":{"@type":"ImageObject","inLanguage":"ca","@id":"https:\/\/garanley.com\/#\/schema\/logo\/image\/","url":"https:\/\/garanley.com\/wp-content\/uploads\/Abogados-Barcelona-Garanley.jpg","contentUrl":"https:\/\/garanley.com\/wp-content\/uploads\/Abogados-Barcelona-Garanley.jpg","width":320,"height":120,"caption":"Garanley Abogados"},"image":{"@id":"https:\/\/garanley.com\/#\/schema\/logo\/image\/"},"sameAs":["https:\/\/www.facebook.com\/Garanley\/","https:\/\/x.com\/garanley"]},{"@type":"Person","@id":"https:\/\/garanley.com\/#\/schema\/person\/bac4da30eb0dcea464e4bd7c078b142c","name":"Garanley","image":{"@type":"ImageObject","inLanguage":"ca","@id":"https:\/\/garanley.com\/#\/schema\/person\/image\/","url":"https:\/\/secure.gravatar.com\/avatar\/36c8ab097c0a00e27519d278104329ce3c98379f20bb4c28590ee0c54be9162f?s=96&d=mm&r=g","contentUrl":"https:\/\/secure.gravatar.com\/avatar\/36c8ab097c0a00e27519d278104329ce3c98379f20bb4c28590ee0c54be9162f?s=96&d=mm&r=g","caption":"Garanley"}}]}},"_links":{"self":[{"href":"https:\/\/garanley.com\/ca\/wp-json\/wp\/v2\/posts\/5672\/"}],"collection":[{"href":"https:\/\/garanley.com\/ca\/wp-json\/wp\/v2\/posts\/"}],"about":[{"href":"https:\/\/garanley.com\/ca\/wp-json\/wp\/v2\/types\/post\/"}],"author":[{"embeddable":true,"href":"https:\/\/garanley.com\/ca\/wp-json\/wp\/v2\/users\/9\/"}],"replies":[{"embeddable":true,"href":"https:\/\/garanley.com\/ca\/wp-json\/wp\/v2\/comments\/?post=5672"}],"version-history":[{"count":2,"href":"https:\/\/garanley.com\/ca\/wp-json\/wp\/v2\/posts\/5672\/revisions\/"}],"predecessor-version":[{"id":5685,"href":"https:\/\/garanley.com\/ca\/wp-json\/wp\/v2\/posts\/5672\/revisions\/5685\/"}],"wp:attachment":[{"href":"https:\/\/garanley.com\/ca\/wp-json\/wp\/v2\/media\/?parent=5672"}],"wp:term":[{"taxonomy":"category","embeddable":true,"href":"https:\/\/garanley.com\/ca\/wp-json\/wp\/v2\/categories\/?post=5672"},{"taxonomy":"post_tag","embeddable":true,"href":"https:\/\/garanley.com\/ca\/wp-json\/wp\/v2\/tags\/?post=5672"}],"curies":[{"name":"wp","href":"https:\/\/api.w.org\/{rel}","templated":true}]}}