{"id":5668,"date":"2017-09-23T04:41:37","date_gmt":"2017-09-23T02:41:37","guid":{"rendered":"http:\/\/garanley.com\/?p=5668"},"modified":"2020-03-31T21:32:13","modified_gmt":"2020-03-31T19:32:13","slug":"contracte-arrendament-lloguer","status":"publish","type":"post","link":"https:\/\/garanley.com\/ca\/dret-civil\/contracte-arrendament-lloguer\/","title":{"rendered":"El contracte d&#8217;arrendament o lloguer"},"content":{"rendered":"<div style=\"display: none;\"\n    class=\"kk-star-ratings kksr-valign-top kksr-align-right kksr-disabled\"\n    data-id=\"5668\"\n    data-slug=\"\">\n    <div class=\"kksr-stars\">\n    <div class=\"kksr-stars-inactive\">\n            <div class=\"kksr-star\" data-star=\"1\">\n            <div class=\"kksr-icon\" style=\"width: px; height: px;\"><\/div>\n        <\/div>\n            <div class=\"kksr-star\" data-star=\"2\">\n            <div class=\"kksr-icon\" style=\"width: px; height: px;\"><\/div>\n        <\/div>\n            <div class=\"kksr-star\" data-star=\"3\">\n            <div class=\"kksr-icon\" style=\"width: px; height: px;\"><\/div>\n        <\/div>\n            <div class=\"kksr-star\" data-star=\"4\">\n            <div class=\"kksr-icon\" style=\"width: px; height: px;\"><\/div>\n        <\/div>\n            <div class=\"kksr-star\" data-star=\"5\">\n            <div class=\"kksr-icon\" style=\"width: px; height: px;\"><\/div>\n        <\/div>\n    <\/div>\n    <div class=\"kksr-stars-active\" style=\"width: 0px;\">\n            <div class=\"kksr-star\">\n            <div class=\"kksr-icon\" style=\"width: px; height: px;\"><\/div>\n        <\/div>\n            <div class=\"kksr-star\">\n            <div class=\"kksr-icon\" style=\"width: px; height: px;\"><\/div>\n        <\/div>\n            <div class=\"kksr-star\">\n            <div class=\"kksr-icon\" style=\"width: px; height: px;\"><\/div>\n        <\/div>\n            <div class=\"kksr-star\">\n            <div class=\"kksr-icon\" style=\"width: px; height: px;\"><\/div>\n        <\/div>\n            <div class=\"kksr-star\">\n            <div class=\"kksr-icon\" style=\"width: px; height: px;\"><\/div>\n        <\/div>\n    <\/div>\n<\/div>\n    <div class=\"kksr-legend\">\n            <span class=\"kksr-muted\"><\/span>\n    <\/div>\n<\/div>\n<p>Al signar un contracte d&#8217;arrendament, s&#8217;han de tenir moltes consideracions sobre la taula, ja que \u00e9s un dels punts m\u00e9s delicats, que pot fer que qualsevol persona entri en greus conflictes legals si arrib\u00e9s a incomplir per simple desconeixement dels termes i de les condicions en qu\u00e8 es realitzar\u00e0 el contracte i podria arribar fins i tot a generar problemes de tipus monetari incorrent en multes o en diferents accions que poden ser costoses i perilloses per a la integritat, simplement per no con\u00e8ixer que ha de tenir un contracte a l&#8217;hora de signar-se o quin tipus de contracte s&#8217;ha d&#8217;executar al tenir un arrendament a punt per efectuar-se.<\/p>\n<div id=\"ez-toc-container\" class=\"ez-toc-v2_0_17 counter-hierarchy counter-numeric ez-toc-transparent\">\n<div class=\"ez-toc-title-container\">\n<p class=\"ez-toc-title\">Resumen del art&iacute;culo<\/p>\n<span class=\"ez-toc-title-toggle\"><a class=\"ez-toc-pull-right ez-toc-btn ez-toc-btn-xs ez-toc-btn-default ez-toc-toggle\" style=\"display: none;\"><i class=\"ez-toc-glyphicon ez-toc-icon-toggle\"><\/i><\/a><\/span><\/div>\n<nav><ul class=\"ez-toc-list ez-toc-list-level-1\"><li class=\"ez-toc-page-1 ez-toc-heading-level-2\"><a class=\"ez-toc-link ez-toc-heading-1\" href=\"https:\/\/garanley.com\/ca\/dret-civil\/contracte-arrendament-lloguer\/#%c2%bfque-ha-de-tenir-un-contracte-darrendament\" title=\"\u00bfQu\u00e8 ha de tenir un contracte d&#8217;arrendament?\">\u00bfQu\u00e8 ha de tenir un contracte d&#8217;arrendament?<\/a><ul class=\"ez-toc-list-level-3\"><li class=\"ez-toc-heading-level-3\"><a class=\"ez-toc-link ez-toc-heading-2\" href=\"https:\/\/garanley.com\/ca\/dret-civil\/contracte-arrendament-lloguer\/#alguns-errors-que-es-cometen-al-signar-un-contracte-darrendament\" title=\"Alguns errors que es cometen al signar un contracte d&#8217;arrendament\">Alguns errors que es cometen al signar un contracte d&#8217;arrendament<\/a><\/li><\/ul><\/li><\/ul><\/nav><\/div>\n<h2><span class=\"ez-toc-section\" id=\"%c2%bfque-ha-de-tenir-un-contracte-darrendament\"><\/span>\u00bfQu\u00e8 ha de tenir un contracte d&#8217;arrendament?<span class=\"ez-toc-section-end\"><\/span><\/h2>\n<p>El contracte d&#8217;arrendament sense cap excepci\u00f3 ha de contenir alguns \u00edtem que s\u00f3n indispensables perqu\u00e8 tingui validesa i perqu\u00e8 no es converteixi en un paper inservible, que far\u00e0 nom\u00e9s que es torni un problema legal de m\u00e9s envergadura, ja que si no els t\u00e9 es podrien presentar mil confusions que nom\u00e9s faran que es torni una infinitat de problemes, que un rere l&#8217;altre aniran apareixent i que no deixaran res de bo ni per a l&#8217;arrendador ni per al llogater.<\/p>\n<p>Aix\u00ed que algunes regles fonamentals s\u00f3n la revisi\u00f3 dels seg\u00fcents \u00edtems, que faran que un contracte sigui leg\u00edtim i tingui el pes legal que ha de tenir.<\/p>\n<ul>\n<li>Data d&#8217;iniciaci\u00f3 del contracte, per fer el recompte dels terminis i de el temps final sense problemes.<\/li>\n<li>Identificaci\u00f3 de l&#8217;arrendatari, que ha de contenir el nom complet de qui deixa les l&#8217;immoble i les dades d&#8217;identificaci\u00f3 com el n\u00famero d&#8217;identificaci\u00f3 i les dades b\u00e0siques de contacte.<\/li>\n<li>L&#8217;arrendatari tamb\u00e9 ha de tenir totes les dades completes dins del contracte, sent el nom complet i el n\u00famero d&#8217;identificaci\u00f3 l&#8217;\u00fanica cosa que donar\u00e0 validesa a el document.<\/li>\n<li>La identificaci\u00f3 completa de l&#8217;habitatge a arrendar \u00e9s vital per signar el contracte.<\/li>\n<li>Ha d&#8217;estar clar el c\u00e0non mensual d&#8217;arrendament i la forma de pagament, incloent els dies de termini m\u00e0xim per al pagament i el valor total de cada quota.<\/li>\n<li>El terme de durada del contracte, \u00e9s fonamental, ja que amb aquest es determinaran les cl\u00e0usules i tot el que envolta el document final.<\/li>\n<li>Determinaci\u00f3 de les despeses i acords, s&#8217;ha de deixar clar que pagar\u00e0 l&#8217;arrendador i qu\u00e8 ha de pagar el llogater, com les despeses d&#8217;administraci\u00f3 i serveis p\u00fablics .<\/li>\n<\/ul>\n<p>Finalment, un contracte d&#8217;arrendament no est\u00e0 llest sense que les dues parts signin el document, preferiblement amb l&#8217;empremta digital.<\/p>\n<h3><span class=\"ez-toc-section\" id=\"alguns-errors-que-es-cometen-al-signar-un-contracte-darrendament\"><\/span>Alguns errors que es cometen al signar un contracte d&#8217;arrendament<span class=\"ez-toc-section-end\"><\/span><\/h3>\n<p>Alguns dels errors m\u00e9s freq\u00fcents al signar un contracte d&#8217;arrendament, s\u00f3n el no verificar que qui signa com arrendador sigui el propietari real de l&#8217;immoble, fer un contracte verbal o no llegir per complet el contracte abans de signar-lo, no fer inventari i revisi\u00f3 de l&#8217; immoble abans de ocupar-lo, no deixar clara l&#8217;manera de pagament dins el document signat i avan\u00e7ar grans sumes de diners per diversos mesos d&#8217;arrendament.<\/p>\n","protected":false},"excerpt":{"rendered":"<p>Al signar un contracte d&#8217;arrendament, s&#8217;han de tenir moltes consideracions sobre la taula, ja que \u00e9s un dels punts m\u00e9s delicats, que pot fer que qualsevol persona entri en greus conflictes legals si arrib\u00e9s a incomplir per simple desconeixement dels termes i de les condicions en qu\u00e8 es realitzar\u00e0 el contracte i podria arribar fins &hellip;<\/p>\n<p class=\"read-more\"> <a class=\"\" href=\"https:\/\/garanley.com\/ca\/dret-civil\/contracte-arrendament-lloguer\/\"> <span class=\"screen-reader-text\">El contracte d&#8217;arrendament o lloguer<\/span> Read More \u00bb<\/a><\/p>\n","protected":false},"author":9,"featured_media":0,"comment_status":"closed","ping_status":"open","sticky":false,"template":"","format":"standard","meta":{"_monsterinsights_skip_tracking":false,"_monsterinsights_sitenote_active":false,"_monsterinsights_sitenote_note":"","_monsterinsights_sitenote_category":0,"footnotes":""},"categories":[17],"tags":[],"class_list":["post-5668","post","type-post","status-publish","format-standard","hentry","category-dret-civil"],"yoast_head":"<!-- This site is optimized with the Yoast SEO plugin v23.2 - https:\/\/yoast.com\/wordpress\/plugins\/seo\/ -->\n<title>El contracte d&#039;arrendament o lloguer | Garanley Advocats<\/title>\n<meta name=\"robots\" content=\"index, follow, max-snippet:-1, max-image-preview:large, max-video-preview:-1\" \/>\n<link rel=\"canonical\" href=\"https:\/\/garanley.com\/ca\/civil\/contrato-arrendamiento-alquiler\/\" \/>\n<meta property=\"og:locale\" content=\"ca_ES\" \/>\n<meta property=\"og:type\" content=\"article\" \/>\n<meta property=\"og:title\" content=\"El contracte d&#039;arrendament o lloguer | Garanley Advocats\" \/>\n<meta property=\"og:description\" content=\"Al signar un contracte d&#8217;arrendament, s&#8217;han de tenir moltes consideracions sobre la taula, ja que \u00e9s un dels punts m\u00e9s delicats, que pot fer que qualsevol persona entri en greus conflictes legals si arrib\u00e9s a incomplir per simple desconeixement dels termes i de les condicions en qu\u00e8 es realitzar\u00e0 el contracte i podria arribar fins &hellip; El contracte d&#8217;arrendament o lloguer Read More \u00bb\" \/>\n<meta property=\"og:url\" content=\"https:\/\/garanley.com\/civil\/contrato-arrendamiento-alquiler\/\" \/>\n<meta property=\"og:site_name\" content=\"Garanley Abogados\" \/>\n<meta property=\"article:publisher\" content=\"https:\/\/www.facebook.com\/Garanley\/\" \/>\n<meta property=\"article:published_time\" content=\"2017-09-23T02:41:37+00:00\" \/>\n<meta property=\"article:modified_time\" content=\"2020-03-31T19:32:13+00:00\" \/>\n<meta property=\"og:image\" content=\"https:\/\/garanley.com\/wp-content\/uploads\/1438655.png\" \/>\n\t<meta property=\"og:image:width\" content=\"290\" \/>\n\t<meta property=\"og:image:height\" content=\"190\" \/>\n\t<meta property=\"og:image:type\" content=\"image\/png\" \/>\n<meta name=\"author\" content=\"Garanley\" \/>\n<meta name=\"twitter:card\" content=\"summary_large_image\" \/>\n<meta name=\"twitter:creator\" content=\"@garanley\" \/>\n<meta name=\"twitter:site\" content=\"@garanley\" \/>\n<meta name=\"twitter:label1\" content=\"Escrit per\" \/>\n\t<meta name=\"twitter:data1\" content=\"Garanley\" \/>\n\t<meta name=\"twitter:label2\" content=\"Temps estimat de lectura\" \/>\n\t<meta name=\"twitter:data2\" content=\"3 minuts\" \/>\n<script type=\"application\/ld+json\" class=\"yoast-schema-graph\">{\"@context\":\"https:\/\/schema.org\",\"@graph\":[{\"@type\":\"Article\",\"@id\":\"https:\/\/garanley.com\/civil\/contrato-arrendamiento-alquiler\/#article\",\"isPartOf\":{\"@id\":\"https:\/\/garanley.com\/civil\/contrato-arrendamiento-alquiler\/\"},\"author\":{\"name\":\"Garanley\",\"@id\":\"https:\/\/garanley.com\/#\/schema\/person\/bac4da30eb0dcea464e4bd7c078b142c\"},\"headline\":\"El contracte d&#8217;arrendament o lloguer\",\"datePublished\":\"2017-09-23T02:41:37+00:00\",\"dateModified\":\"2020-03-31T19:32:13+00:00\",\"mainEntityOfPage\":{\"@id\":\"https:\/\/garanley.com\/civil\/contrato-arrendamiento-alquiler\/\"},\"wordCount\":515,\"publisher\":{\"@id\":\"https:\/\/garanley.com\/#organization\"},\"articleSection\":[\"Dret Civil\"],\"inLanguage\":\"ca\"},{\"@type\":\"WebPage\",\"@id\":\"https:\/\/garanley.com\/civil\/contrato-arrendamiento-alquiler\/\",\"url\":\"https:\/\/garanley.com\/civil\/contrato-arrendamiento-alquiler\/\",\"name\":\"El contracte d'arrendament o lloguer | Garanley Advocats\",\"isPartOf\":{\"@id\":\"https:\/\/garanley.com\/#website\"},\"datePublished\":\"2017-09-23T02:41:37+00:00\",\"dateModified\":\"2020-03-31T19:32:13+00:00\",\"breadcrumb\":{\"@id\":\"https:\/\/garanley.com\/civil\/contrato-arrendamiento-alquiler\/#breadcrumb\"},\"inLanguage\":\"ca\",\"potentialAction\":[{\"@type\":\"ReadAction\",\"target\":[\"https:\/\/garanley.com\/civil\/contrato-arrendamiento-alquiler\/\"]}]},{\"@type\":\"BreadcrumbList\",\"@id\":\"https:\/\/garanley.com\/civil\/contrato-arrendamiento-alquiler\/#breadcrumb\",\"itemListElement\":[{\"@type\":\"ListItem\",\"position\":1,\"name\":\"Inicio\",\"item\":\"https:\/\/garanley.com\/ca\/\"},{\"@type\":\"ListItem\",\"position\":2,\"name\":\"El contracte d&#8217;arrendament o lloguer\"}]},{\"@type\":\"WebSite\",\"@id\":\"https:\/\/garanley.com\/#website\",\"url\":\"https:\/\/garanley.com\/\",\"name\":\"Garanley Abogados\",\"description\":\"Despacho de Abogados en Barcelona\",\"publisher\":{\"@id\":\"https:\/\/garanley.com\/#organization\"},\"potentialAction\":[{\"@type\":\"SearchAction\",\"target\":{\"@type\":\"EntryPoint\",\"urlTemplate\":\"https:\/\/garanley.com\/?s={search_term_string}\"},\"query-input\":\"required name=search_term_string\"}],\"inLanguage\":\"ca\"},{\"@type\":\"Organization\",\"@id\":\"https:\/\/garanley.com\/#organization\",\"name\":\"Garanley Abogados\",\"url\":\"https:\/\/garanley.com\/\",\"logo\":{\"@type\":\"ImageObject\",\"inLanguage\":\"ca\",\"@id\":\"https:\/\/garanley.com\/#\/schema\/logo\/image\/\",\"url\":\"https:\/\/garanley.com\/wp-content\/uploads\/Abogados-Barcelona-Garanley.jpg\",\"contentUrl\":\"https:\/\/garanley.com\/wp-content\/uploads\/Abogados-Barcelona-Garanley.jpg\",\"width\":320,\"height\":120,\"caption\":\"Garanley Abogados\"},\"image\":{\"@id\":\"https:\/\/garanley.com\/#\/schema\/logo\/image\/\"},\"sameAs\":[\"https:\/\/www.facebook.com\/Garanley\/\",\"https:\/\/x.com\/garanley\"]},{\"@type\":\"Person\",\"@id\":\"https:\/\/garanley.com\/#\/schema\/person\/bac4da30eb0dcea464e4bd7c078b142c\",\"name\":\"Garanley\",\"image\":{\"@type\":\"ImageObject\",\"inLanguage\":\"ca\",\"@id\":\"https:\/\/garanley.com\/#\/schema\/person\/image\/\",\"url\":\"https:\/\/secure.gravatar.com\/avatar\/36c8ab097c0a00e27519d278104329ce3c98379f20bb4c28590ee0c54be9162f?s=96&d=mm&r=g\",\"contentUrl\":\"https:\/\/secure.gravatar.com\/avatar\/36c8ab097c0a00e27519d278104329ce3c98379f20bb4c28590ee0c54be9162f?s=96&d=mm&r=g\",\"caption\":\"Garanley\"}}]}<\/script>\n<!-- \/ Yoast SEO plugin. -->","yoast_head_json":{"title":"El contracte d'arrendament o lloguer | Garanley Advocats","robots":{"index":"index","follow":"follow","max-snippet":"max-snippet:-1","max-image-preview":"max-image-preview:large","max-video-preview":"max-video-preview:-1"},"canonical":"https:\/\/garanley.com\/ca\/civil\/contrato-arrendamiento-alquiler\/","og_locale":"ca_ES","og_type":"article","og_title":"El contracte d'arrendament o lloguer | Garanley Advocats","og_description":"Al signar un contracte d&#8217;arrendament, s&#8217;han de tenir moltes consideracions sobre la taula, ja que \u00e9s un dels punts m\u00e9s delicats, que pot fer que qualsevol persona entri en greus conflictes legals si arrib\u00e9s a incomplir per simple desconeixement dels termes i de les condicions en qu\u00e8 es realitzar\u00e0 el contracte i podria arribar fins &hellip; El contracte d&#8217;arrendament o lloguer Read More \u00bb","og_url":"https:\/\/garanley.com\/civil\/contrato-arrendamiento-alquiler\/","og_site_name":"Garanley Abogados","article_publisher":"https:\/\/www.facebook.com\/Garanley\/","article_published_time":"2017-09-23T02:41:37+00:00","article_modified_time":"2020-03-31T19:32:13+00:00","og_image":[{"width":290,"height":190,"url":"https:\/\/garanley.com\/wp-content\/uploads\/1438655.png","type":"image\/png"}],"author":"Garanley","twitter_card":"summary_large_image","twitter_creator":"@garanley","twitter_site":"@garanley","twitter_misc":{"Escrit per":"Garanley","Temps estimat de lectura":"3 minuts"},"schema":{"@context":"https:\/\/schema.org","@graph":[{"@type":"Article","@id":"https:\/\/garanley.com\/civil\/contrato-arrendamiento-alquiler\/#article","isPartOf":{"@id":"https:\/\/garanley.com\/civil\/contrato-arrendamiento-alquiler\/"},"author":{"name":"Garanley","@id":"https:\/\/garanley.com\/#\/schema\/person\/bac4da30eb0dcea464e4bd7c078b142c"},"headline":"El contracte d&#8217;arrendament o lloguer","datePublished":"2017-09-23T02:41:37+00:00","dateModified":"2020-03-31T19:32:13+00:00","mainEntityOfPage":{"@id":"https:\/\/garanley.com\/civil\/contrato-arrendamiento-alquiler\/"},"wordCount":515,"publisher":{"@id":"https:\/\/garanley.com\/#organization"},"articleSection":["Dret Civil"],"inLanguage":"ca"},{"@type":"WebPage","@id":"https:\/\/garanley.com\/civil\/contrato-arrendamiento-alquiler\/","url":"https:\/\/garanley.com\/civil\/contrato-arrendamiento-alquiler\/","name":"El contracte d'arrendament o lloguer | Garanley Advocats","isPartOf":{"@id":"https:\/\/garanley.com\/#website"},"datePublished":"2017-09-23T02:41:37+00:00","dateModified":"2020-03-31T19:32:13+00:00","breadcrumb":{"@id":"https:\/\/garanley.com\/civil\/contrato-arrendamiento-alquiler\/#breadcrumb"},"inLanguage":"ca","potentialAction":[{"@type":"ReadAction","target":["https:\/\/garanley.com\/civil\/contrato-arrendamiento-alquiler\/"]}]},{"@type":"BreadcrumbList","@id":"https:\/\/garanley.com\/civil\/contrato-arrendamiento-alquiler\/#breadcrumb","itemListElement":[{"@type":"ListItem","position":1,"name":"Inicio","item":"https:\/\/garanley.com\/ca\/"},{"@type":"ListItem","position":2,"name":"El contracte d&#8217;arrendament o lloguer"}]},{"@type":"WebSite","@id":"https:\/\/garanley.com\/#website","url":"https:\/\/garanley.com\/","name":"Garanley Abogados","description":"Despacho de Abogados en Barcelona","publisher":{"@id":"https:\/\/garanley.com\/#organization"},"potentialAction":[{"@type":"SearchAction","target":{"@type":"EntryPoint","urlTemplate":"https:\/\/garanley.com\/?s={search_term_string}"},"query-input":"required name=search_term_string"}],"inLanguage":"ca"},{"@type":"Organization","@id":"https:\/\/garanley.com\/#organization","name":"Garanley Abogados","url":"https:\/\/garanley.com\/","logo":{"@type":"ImageObject","inLanguage":"ca","@id":"https:\/\/garanley.com\/#\/schema\/logo\/image\/","url":"https:\/\/garanley.com\/wp-content\/uploads\/Abogados-Barcelona-Garanley.jpg","contentUrl":"https:\/\/garanley.com\/wp-content\/uploads\/Abogados-Barcelona-Garanley.jpg","width":320,"height":120,"caption":"Garanley Abogados"},"image":{"@id":"https:\/\/garanley.com\/#\/schema\/logo\/image\/"},"sameAs":["https:\/\/www.facebook.com\/Garanley\/","https:\/\/x.com\/garanley"]},{"@type":"Person","@id":"https:\/\/garanley.com\/#\/schema\/person\/bac4da30eb0dcea464e4bd7c078b142c","name":"Garanley","image":{"@type":"ImageObject","inLanguage":"ca","@id":"https:\/\/garanley.com\/#\/schema\/person\/image\/","url":"https:\/\/secure.gravatar.com\/avatar\/36c8ab097c0a00e27519d278104329ce3c98379f20bb4c28590ee0c54be9162f?s=96&d=mm&r=g","contentUrl":"https:\/\/secure.gravatar.com\/avatar\/36c8ab097c0a00e27519d278104329ce3c98379f20bb4c28590ee0c54be9162f?s=96&d=mm&r=g","caption":"Garanley"}}]}},"_links":{"self":[{"href":"https:\/\/garanley.com\/ca\/wp-json\/wp\/v2\/posts\/5668\/"}],"collection":[{"href":"https:\/\/garanley.com\/ca\/wp-json\/wp\/v2\/posts\/"}],"about":[{"href":"https:\/\/garanley.com\/ca\/wp-json\/wp\/v2\/types\/post\/"}],"author":[{"embeddable":true,"href":"https:\/\/garanley.com\/ca\/wp-json\/wp\/v2\/users\/9\/"}],"replies":[{"embeddable":true,"href":"https:\/\/garanley.com\/ca\/wp-json\/wp\/v2\/comments\/?post=5668"}],"version-history":[{"count":2,"href":"https:\/\/garanley.com\/ca\/wp-json\/wp\/v2\/posts\/5668\/revisions\/"}],"predecessor-version":[{"id":5690,"href":"https:\/\/garanley.com\/ca\/wp-json\/wp\/v2\/posts\/5668\/revisions\/5690\/"}],"wp:attachment":[{"href":"https:\/\/garanley.com\/ca\/wp-json\/wp\/v2\/media\/?parent=5668"}],"wp:term":[{"taxonomy":"category","embeddable":true,"href":"https:\/\/garanley.com\/ca\/wp-json\/wp\/v2\/categories\/?post=5668"},{"taxonomy":"post_tag","embeddable":true,"href":"https:\/\/garanley.com\/ca\/wp-json\/wp\/v2\/tags\/?post=5668"}],"curies":[{"name":"wp","href":"https:\/\/api.w.org\/{rel}","templated":true}]}}