{"id":5578,"date":"2018-02-14T21:20:12","date_gmt":"2018-02-14T20:20:12","guid":{"rendered":"http:\/\/garanley.com\/?p=5578"},"modified":"2020-03-31T15:36:52","modified_gmt":"2020-03-31T13:36:52","slug":"indemnitzacio-mort-accident-transit","status":"publish","type":"post","link":"https:\/\/garanley.com\/ca\/accidents-transit\/indemnitzacio-mort-accident-transit\/","title":{"rendered":"Indemnitzaci\u00f3 per mort en accident de tr\u00e0nsit"},"content":{"rendered":"<div style=\"display: none;\"\n    class=\"kk-star-ratings kksr-valign-top kksr-align-right kksr-disabled\"\n    data-id=\"5578\"\n    data-slug=\"\">\n    <div class=\"kksr-stars\">\n    <div class=\"kksr-stars-inactive\">\n            <div class=\"kksr-star\" data-star=\"1\">\n            <div class=\"kksr-icon\" style=\"width: px; height: px;\"><\/div>\n        <\/div>\n            <div class=\"kksr-star\" data-star=\"2\">\n            <div class=\"kksr-icon\" style=\"width: px; height: px;\"><\/div>\n        <\/div>\n            <div class=\"kksr-star\" data-star=\"3\">\n            <div class=\"kksr-icon\" style=\"width: px; height: px;\"><\/div>\n        <\/div>\n            <div class=\"kksr-star\" data-star=\"4\">\n            <div class=\"kksr-icon\" style=\"width: px; height: px;\"><\/div>\n        <\/div>\n            <div class=\"kksr-star\" data-star=\"5\">\n            <div class=\"kksr-icon\" style=\"width: px; height: px;\"><\/div>\n        <\/div>\n    <\/div>\n    <div class=\"kksr-stars-active\" style=\"width: 0px;\">\n            <div class=\"kksr-star\">\n            <div class=\"kksr-icon\" style=\"width: px; height: px;\"><\/div>\n        <\/div>\n            <div class=\"kksr-star\">\n            <div class=\"kksr-icon\" style=\"width: px; height: px;\"><\/div>\n        <\/div>\n            <div class=\"kksr-star\">\n            <div class=\"kksr-icon\" style=\"width: px; height: px;\"><\/div>\n        <\/div>\n            <div class=\"kksr-star\">\n            <div class=\"kksr-icon\" style=\"width: px; height: px;\"><\/div>\n        <\/div>\n            <div class=\"kksr-star\">\n            <div class=\"kksr-icon\" style=\"width: px; height: px;\"><\/div>\n        <\/div>\n    <\/div>\n<\/div>\n    <div class=\"kksr-legend\">\n            <span class=\"kksr-muted\"><\/span>\n    <\/div>\n<\/div>\n\t\t<div data-elementor-type=\"wp-post\" data-elementor-id=\"5578\" class=\"elementor elementor-5578\" data-elementor-settings=\"[]\">\n\t\t\t\t\t\t<div class=\"elementor-inner\">\n\t\t\t\t\t\t\t<div class=\"elementor-section-wrap\">\n\t\t\t\t\t\t\t<section class=\"elementor-section elementor-top-section elementor-element elementor-element-d0b58f7 elementor-section-boxed elementor-section-height-default elementor-section-height-default\" data-id=\"d0b58f7\" data-element_type=\"section\">\n\t\t\t\t\t\t<div class=\"elementor-container elementor-column-gap-default\">\n\t\t\t\t\t\t\t<div class=\"elementor-row\">\n\t\t\t\t\t<div class=\"elementor-column elementor-col-100 elementor-top-column elementor-element elementor-element-62b150f1\" data-id=\"62b150f1\" data-element_type=\"column\">\n\t\t\t<div class=\"elementor-column-wrap elementor-element-populated\">\n\t\t\t\t\t\t\t<div class=\"elementor-widget-wrap\">\n\t\t\t\t\t\t<div class=\"elementor-element elementor-element-7cf89d10 elementor-widget elementor-widget-text-editor\" data-id=\"7cf89d10\" data-element_type=\"widget\" data-widget_type=\"text-editor.default\">\n\t\t\t\t<div class=\"elementor-widget-container\">\n\t\t\t\t\t\t\t\t<div class=\"elementor-text-editor elementor-clearfix\">\n\t\t\t\t\t<p><span style=\"font-size: 14pt;\"><strong><img loading=\"lazy\" decoding=\"async\" class=\" wp-image-1560 alignleft\" src=\"http:\/\/garanley.com\/wp-content\/uploads\/indemnizacion-muerte-accidente.png\" alt=\"indemnizaci\u00f3n por fallecimiento en accidente de tr\u00e1fico\" width=\"169\" height=\"169\" srcset=\"https:\/\/garanley.com\/wp-content\/uploads\/indemnizacion-muerte-accidente.png 225w, https:\/\/garanley.com\/wp-content\/uploads\/indemnizacion-muerte-accidente-80x80.png 80w\" sizes=\"auto, (max-width: 169px) 100vw, 169px\" \/>Los accidentes de tr\u00e1fico pueden tener consecuencias muy graves. De hecho, desgraciadamente, una de las m\u00e1s comunes es la muerte. Por ello, como<\/strong><\/span><a href=\"http:\/\/garanley.com\/especialidades\/accidentes-trafico\/\" target=\"_blank\"> abogados especialistas en accidentes de circulaci\u00f3n<\/a><span style=\"font-size: 14pt;\"><strong>, te vamos a hablar profundamente acerca de la&nbsp;indemnizaci\u00f3n por muerte en accidente de tr\u00e1fico.&nbsp;Un tema del que pocos conocen demasiado y que puede suscitar una gran cantidad de dudas.&nbsp;<\/strong><\/span><\/p>\n<hr>\n<div id=\"ez-toc-container\" class=\"ez-toc-v2_0_17 counter-hierarchy counter-numeric ez-toc-transparent\">\n<div class=\"ez-toc-title-container\">\n<p class=\"ez-toc-title\">Resumen del art&iacute;culo<\/p>\n<span class=\"ez-toc-title-toggle\"><a class=\"ez-toc-pull-right ez-toc-btn ez-toc-btn-xs ez-toc-btn-default ez-toc-toggle\" style=\"display: none;\"><i class=\"ez-toc-glyphicon ez-toc-icon-toggle\"><\/i><\/a><\/span><\/div>\n<nav><ul class=\"ez-toc-list ez-toc-list-level-1\"><li class=\"ez-toc-page-1 ez-toc-heading-level-2\"><a class=\"ez-toc-link ez-toc-heading-1\" href=\"https:\/\/garanley.com\/ca\/accidents-transit\/indemnitzacio-mort-accident-transit\/#baremo-y-tablas-en-la-indemnizacion-por-fallecimiento-en-accidente-de-transito\" title=\"Baremo y tablas en la indemnizaci\u00f3n por fallecimiento en accidente de tr\u00e1nsito\">Baremo y tablas en la indemnizaci\u00f3n por fallecimiento en accidente de tr\u00e1nsito<\/a><\/li><li class=\"ez-toc-page-1 ez-toc-heading-level-2\"><a class=\"ez-toc-link ez-toc-heading-2\" href=\"https:\/\/garanley.com\/ca\/accidents-transit\/indemnitzacio-mort-accident-transit\/#conceptos-de-la-indemnizacion-en-accidente-de-circulacion\" title=\"Conceptos de la indemnizaci\u00f3n en accidente de circulaci\u00f3n\">Conceptos de la indemnizaci\u00f3n en accidente de circulaci\u00f3n<\/a><ul class=\"ez-toc-list-level-3\"><li class=\"ez-toc-heading-level-3\"><a class=\"ez-toc-link ez-toc-heading-3\" href=\"https:\/\/garanley.com\/ca\/accidents-transit\/indemnitzacio-mort-accident-transit\/#1-perjuicio-personal-basico\" title=\"1. Perjuicio personal b\u00e1sico\">1. Perjuicio personal b\u00e1sico<\/a><\/li><li class=\"ez-toc-page-1 ez-toc-heading-level-3\"><a class=\"ez-toc-link ez-toc-heading-4\" href=\"https:\/\/garanley.com\/ca\/accidents-transit\/indemnitzacio-mort-accident-transit\/#2-perjuicio-personal-particular\" title=\"2. Perjuicio personal particular\">2. Perjuicio personal particular<\/a><\/li><li class=\"ez-toc-page-1 ez-toc-heading-level-3\"><a class=\"ez-toc-link ez-toc-heading-5\" href=\"https:\/\/garanley.com\/ca\/accidents-transit\/indemnitzacio-mort-accident-transit\/#3-perjuicio-patrimonial\" title=\"3. Perjuicio patrimonial\">3. Perjuicio patrimonial<\/a><\/li><\/ul><\/li><li class=\"ez-toc-page-1 ez-toc-heading-level-2\"><a class=\"ez-toc-link ez-toc-heading-6\" href=\"https:\/\/garanley.com\/ca\/accidents-transit\/indemnitzacio-mort-accident-transit\/#%c2%bfquienes-tienen-derecho-a-cobrar\" title=\"\u00bfQui\u00e9nes tienen derecho a cobrar?\">\u00bfQui\u00e9nes tienen derecho a cobrar?<\/a><ul class=\"ez-toc-list-level-3\"><li class=\"ez-toc-heading-level-3\"><a class=\"ez-toc-link ez-toc-heading-7\" href=\"https:\/\/garanley.com\/ca\/accidents-transit\/indemnitzacio-mort-accident-transit\/#indemnizacion-por-muerte-en-accidente-de-trafico-el-conyuge-viudo\" title=\"Indemnizaci\u00f3n por muerte en accidente de tr\u00e1fico: El c\u00f3nyuge viudo\">Indemnizaci\u00f3n por muerte en accidente de tr\u00e1fico: El c\u00f3nyuge viudo<\/a><\/li><li class=\"ez-toc-page-1 ez-toc-heading-level-3\"><a class=\"ez-toc-link ez-toc-heading-8\" href=\"https:\/\/garanley.com\/ca\/accidents-transit\/indemnitzacio-mort-accident-transit\/#indemnizacion-por-muerte-en-accidente-de-trafico-los-ascendientes\" title=\"Indemnizaci\u00f3n por muerte en accidente de tr\u00e1fico: Los ascendientes\">Indemnizaci\u00f3n por muerte en accidente de tr\u00e1fico: Los ascendientes<\/a><\/li><li class=\"ez-toc-page-1 ez-toc-heading-level-3\"><a class=\"ez-toc-link ez-toc-heading-9\" href=\"https:\/\/garanley.com\/ca\/accidents-transit\/indemnitzacio-mort-accident-transit\/#indemnizacion-por-muerte-en-accidente-de-trafico-los-descendientes\" title=\"Indemnizaci\u00f3n por muerte en accidente de tr\u00e1fico: Los descendientes\">Indemnizaci\u00f3n por muerte en accidente de tr\u00e1fico: Los descendientes<\/a><\/li><li class=\"ez-toc-page-1 ez-toc-heading-level-3\"><a class=\"ez-toc-link ez-toc-heading-10\" href=\"https:\/\/garanley.com\/ca\/accidents-transit\/indemnitzacio-mort-accident-transit\/#indemnizacion-por-muerte-en-accidente-de-trafico-los-hermanos\" title=\"Indemnizaci\u00f3n por muerte en accidente de tr\u00e1fico: los hermanos\">Indemnizaci\u00f3n por muerte en accidente de tr\u00e1fico: los hermanos<\/a><\/li><li class=\"ez-toc-page-1 ez-toc-heading-level-3\"><a class=\"ez-toc-link ez-toc-heading-11\" href=\"https:\/\/garanley.com\/ca\/accidents-transit\/indemnitzacio-mort-accident-transit\/#indemnizacion-por-muerte-en-accidente-de-trafico-los-allegados\" title=\"Indemnizaci\u00f3n por muerte en accidente de tr\u00e1fico: Los allegados\">Indemnizaci\u00f3n por muerte en accidente de tr\u00e1fico: Los allegados<\/a><\/li><\/ul><\/li><li class=\"ez-toc-page-1 ez-toc-heading-level-2\"><a class=\"ez-toc-link ez-toc-heading-12\" href=\"https:\/\/garanley.com\/ca\/accidents-transit\/indemnitzacio-mort-accident-transit\/#indemnizaciones-por-fallecimiento-y-novedades-en-el-baremo-de-2017\" title=\"Indemnizaciones por fallecimiento y novedades en el baremo de 2017\">Indemnizaciones por fallecimiento y novedades en el baremo de 2017<\/a><\/li><li class=\"ez-toc-page-1 ez-toc-heading-level-2\"><a class=\"ez-toc-link ez-toc-heading-13\" href=\"https:\/\/garanley.com\/ca\/accidents-transit\/indemnitzacio-mort-accident-transit\/#la-importancia-de-un-asesoramiento-profesional-y-personalizado\" title=\"La importancia de un asesoramiento profesional y personalizado\">La importancia de un asesoramiento profesional y personalizado<\/a><\/li><\/ul><\/nav><\/div>\n<h2><span class=\"ez-toc-section\" id=\"baremo-y-tablas-en-la-indemnizacion-por-fallecimiento-en-accidente-de-transito\"><\/span>Baremo y tablas en la indemnizaci\u00f3n por fallecimiento en accidente de tr\u00e1nsito<span class=\"ez-toc-section-end\"><\/span><\/h2>\n<p>El baremo y las tablas de indemnizaci\u00f3n son la forma m\u00e1s sencilla de saber aproximadamente qu\u00e9 cantidad puede correspondernos en caso de que un familiar o allegado fallezca a causa de un<strong> accidente de circulaci\u00f3n<\/strong>. De esta forma, el <strong>calculo de la indemnizacion por fallecimiento<\/strong> se hace m\u00e1s amena, pero para ello debemos conocer algunos conceptos que nos ayudar\u00e1n a identificar en qu\u00e9 casilla debemos situarnos y qu\u00e9 cuant\u00eda nos pertenecer\u00eda.<\/p>\n<h2><span class=\"ez-toc-section\" id=\"conceptos-de-la-indemnizacion-en-accidente-de-circulacion\"><\/span>Conceptos de la indemnizaci\u00f3n en accidente de circulaci\u00f3n<span class=\"ez-toc-section-end\"><\/span><\/h2>\n<h3 style=\"text-align: left;\"><span class=\"ez-toc-section\" id=\"1-perjuicio-personal-basico\"><\/span>1. Perjuicio personal b\u00e1sico<span class=\"ez-toc-section-end\"><\/span><\/h3>\n<p>El perjuicio personal b\u00e1sico es el da\u00f1o que sufre cada beneficiario de la indemnizaci\u00f3n simplemente por serlo. Es decir, que si somos hijos, padres, c\u00f3nyuges o allegados de la v\u00edctima ya estar\u00edamos sufriendo el perjuicio personal b\u00e1sico simplemente por tener dicha relaci\u00f3n familiar o personal con el difunto.<\/p>\n<p>De esta forma, independientemente del resto de perjuicios a los que puedas atenerte a causa del fallecimiento, la base de la indemnizaci\u00f3n depender\u00e1 de estos&nbsp;par\u00e1metros acotados al tipo de relaci\u00f3n con el fallecido. Estos par\u00e1metros tienen ciertas modulaciones con respecto a la edad y relaci\u00f3n con la persona accidentada. Por ello, para conocer al cien por cien la base de nuestra indemnizaci\u00f3n, lo ideal es consultar la tabla 1.a de la actualizaci\u00f3n del baremo de 2017.<\/p>\n<p>Y a esta cantidad que nos pertenezca se le sumar\u00e1n el resto de da\u00f1os a los que puedas atenerte por las situaciones que comentaremos a continuaci\u00f3n.<\/p>\n<h3 style=\"text-align: left;\"><span class=\"ez-toc-section\" id=\"2-perjuicio-personal-particular\"><\/span>2. Perjuicio personal particular<span class=\"ez-toc-section-end\"><\/span><\/h3>\n<p>Este tipo de da\u00f1os depender\u00e1n de nuestra relaci\u00f3n o dependencia para con el difunto. Por tanto, si uno de los hijos sufre una discapacidad, adem\u00e1s del perjuicio personal b\u00e1sico, habr\u00e1 que a\u00f1adirle el perjuicio personal particular que viene dado por su condici\u00f3n. A este respeto, comentaremos cada uno de los casos que se contemplan en el baremo de&nbsp;<strong>indemnizaci\u00f3n por muerte en accidente de tr\u00e1fico<\/strong>.<\/p>\n<ul>\n<li><strong>Discapacidad f\u00edsica, ps\u00edquica o sensorial del beneficiario:<\/strong> para que se pueda computar este perjuicio, la discapacidad debe ser superior al 33 % y haber sido diagnosticada antes del fallecimiento del difunto. Se debe destacar, adem\u00e1s, que esta es la \u00fanica caracter\u00edstica personal que puede aplicarse a la categor\u00eda de los allegados. La cuant\u00eda depender\u00e1 de la cantidad que se estipula en la tabla 1.a. y podr\u00e1 oscilar entre el 25 y el 75 %, dependiendo de las caracter\u00edsticas de la discapacidad.<\/li>\n<li><strong>Por convivencia con el difunto: <\/strong>en este caso, podr\u00e1n reclamar este perjuicio los hermanos e&nbsp;hijos mayores de treinta a\u00f1os, los abuelos y los nietos del difunto. En el resto de casos no es aplicable debido a que se sobreentiende que el c\u00f3nyuge e hijos y los hermanos menores de treinta a\u00f1os conviven con \u00e9l y no son totalmente independientes.<\/li>\n<li><strong>Condici\u00f3n de perjudicado \u00fanico en su categor\u00eda:<\/strong> los hijos \u00fanicos, hermanos \u00fanicos, abuelos o padres viudos pueden a\u00f1adir esta circunstancia a su indemnizaci\u00f3n. A la cuant\u00eda, en este caso, habr\u00eda que a\u00f1adirle un 25 % de la cantidad que le correspondiese cobrar seg\u00fan la tabla 1.a. del baremo.<\/li>\n<li><strong>Condici\u00f3n de \u00fanico perjudicado:<\/strong> en el caso de que solo existiese una persona que tuviese derecho a cobrar la indemnizaci\u00f3n por la muerte del fallecido, este tendr\u00eda derecho a cobrar un 25 % m\u00e1s del importe que se le adjudicar\u00eda seg\u00fan la tabla 1.a. del baremo. As\u00ed pues, cobrar\u00eda la indemnizaci\u00f3n por da\u00f1o personal b\u00e1sico, un 25 % m\u00e1s por esta condici\u00f3n, y un 25 % m\u00e1s por el caso explicado anteriormente. No debes olvidar que seg\u00fan el baremo estas condiciones son acumulables.<\/li>\n<li><strong>Perjuicio personal por fallecimiento de progenitor \u00fanico:<\/strong> en caso de que la persona fallecida fuera el \u00fanico progenitor que estuviese vivo, los hijos tendr\u00edan derecho a sumar a la cuant\u00eda correspondiente por perjuicio personal b\u00e1sico un 50 % m\u00e1s si el descendiente tiene menos de 20 a\u00f1os y un 25 % m\u00e1s para los descendientes mayores de esta edad.<\/li>\n<li><strong>Fallecimiento de ambos progenitores en un mismo accidente de tr\u00e1fico: <\/strong>en este caso, aquellos hijos que tuvieran m\u00e1s de veinte a\u00f1os recibir\u00edan un aumento sobre su cuant\u00eda del 35 % y los menores de esta edad percibir\u00edan un aumento del 75 %.<\/li>\n<li><strong>Fallecimiento de hijo \u00fanico: <\/strong>si esto sucediese as\u00ed, cada progenitor tendr\u00eda derecho a un aumento del 25 % sobre la cuant\u00eda que le correspondiese seg\u00fan la tabla 1.a.<\/li>\n<li><strong>Fallecimiento de v\u00edctima embarazada con p\u00e9rdida de feto:<\/strong> si se da este caso, el c\u00f3nyuge recibir\u00eda un aumento del 25 % sobre la cuant\u00eda que le corresponder\u00eda seg\u00fan la tabla. Dicho porcentaje aumentar\u00eda conforme m\u00e1s avanzado estuviera el periodo de gestaci\u00f3n. Cabe destacar que en el baremo no se contempla la posibilidad de que el hijo de la mujer fallecida no fuese hijo de su c\u00f3nyuge.<\/li>\n<li><strong>Perjuicio excepcional: <\/strong>este apartado puede ser reclamado por todas aquellas personas que no est\u00e9n contempladas en la tabla de indemnizaciones. As\u00ed pues, la consecuci\u00f3n o no de indemnizaci\u00f3n depender\u00e1 del dictamen de cada juez.<\/li>\n<\/ul>\n<h3><span class=\"ez-toc-section\" id=\"3-perjuicio-patrimonial\"><\/span>3. Perjuicio patrimonial<span class=\"ez-toc-section-end\"><\/span><\/h3>\n<p>Por \u00faltimo, para terminar con la \u00faltima parte que ha de tenerse en cuenta a la hora de pedir una&nbsp;<strong>indemnizaci\u00f3n por fallecimiento en accidente de tr\u00e1nsito <\/strong>debemos prestar atenci\u00f3n a los <span style=\"text-decoration: underline;\">da\u00f1os materiales.&nbsp;<\/span><\/p>\n<p>Este tipo de perjuicio se basa en dos variables, el<span style=\"color: #ffffff;\">&nbsp;<\/span><span style=\"background-color: #e78b19;\"><span style=\"color: #ffffff;\"><strong>lucro cesante&nbsp;<\/strong>y el&nbsp;<strong>da\u00f1o emergente<\/strong><\/span>.<\/span> Ambos pueden ser reclamados en las indemnizaciones, pero para ello ha de tenerse en cuenta que deben pertenecer a alguno de los grupos cubiertos por el baremo y que se explicar\u00e1n m\u00e1s detalladamente a continuaci\u00f3n.<\/p>\n<ul>\n<li>El&nbsp;<strong>lucro cesante<\/strong>&nbsp;hace referencia a todo dinero que haya podido ganarse y no se haya ganado por causa del accidente de tr\u00e1nsito. Es decir, si el hermano del fallecido es un aut\u00f3nomo que ha de parar su actividad laboral para acudir al entierro de un familiar muerto en un accidente de circulaci\u00f3n, este podr\u00e1 reclamar en su indemnizaci\u00f3n el dinero que haya podido perder por este motivo.<\/li>\n<\/ul>\n<p>No obstante, esta cuant\u00eda no se especifica en ninguna de las <strong>tablas de indemnizacion por accidente de trafico <\/strong>que podemos encontrar en el baremo, por lo que lo ideal es <a href=\"http:\/\/garanley.com\/especialidades\/accidentes-trafico\/\">buscar ayuda profesional<\/a> que pueda asesorarnos acerca de c\u00f3mo hacer este c\u00f3mputo.<\/p>\n<ul>\n<li>El<strong> da\u00f1o emergente<\/strong>, en el caso de una&nbsp;indemnizaci\u00f3n por muerte&nbsp;en accidente de tr\u00e1fico<strong>,<\/strong> hace referencia al dinero que ha de desembolsarse para acudir al funeral y dem\u00e1s compromisos que conlleve la muerte del familiar o allegado.<\/li>\n<\/ul>\n<p>De esta manera, si, por ejemplo, los hijos del fallecido viven en ciudades diferentes a este y han de desplazarse para acudir a entierro o a la lectura de testamento, estos pueden a\u00f1adir a la cuant\u00eda de la indemnizaci\u00f3n estos gastos.<\/p>\n<p>Seg\u00fan el baremo, estos gastos se cifran en 400 euros. Por tanto, si los gastos que nos ha supuesto este desgraciado incidente son iguales o inferiores a esta cantidad, solo habr\u00e1 que sum\u00e1rsela a la que nos corresponda dependiendo de la tabla 1.a y 1.b. Sin embargo, si la cantidad es mayor, habr\u00e1 que a\u00f1adir la cantidad total y acreditarla con las correspondientes facturas para que su devoluci\u00f3n sea efectiva.<\/p>\n<p>Para los familiares y allegados, los gastos que pueden computarse como da\u00f1os emergentes son desplazamiento, manutenci\u00f3n y alojamiento con motivo de acudir al funeral del difunto. No obstante, la ley es ambigua acerca de los acompa\u00f1antes del beneficiario, ya que no se especifica si estos pueden o no reclamar los gastos de esta \u00edndole.<\/p>\n<p>En el caso del propio difunto, sus familiares podr\u00e1n reclamar los gastos que les suponga el funeral, entierro, traslado del fallecido e incluso repatriaci\u00f3n de su cuerpo en caso de que se encontrase en el extranjero en el momento del accidente.<\/p>\n<h2><span class=\"ez-toc-section\" id=\"%c2%bfquienes-tienen-derecho-a-cobrar\"><\/span>\u00bfQui\u00e9nes tienen derecho a cobrar?<span class=\"ez-toc-section-end\"><\/span><\/h2>\n<p>Una de las novedades que trajo consigo el baremo para la indemnizaci\u00f3n por muerte en accidente de tr\u00e1fico de 2016 fue el hecho de que abr\u00eda el espectro acerca de qui\u00e9nes ten\u00edan derecho a cobrar una cuant\u00eda por parte del seguro del fallecido. De esta forma, observamos c\u00f3mo el baremo incluye elementos y roles a la familia modernizados, que tienen en cuenta factores que hasta entonces eran indiferentes.<\/p>\n<h3><span class=\"ez-toc-section\" id=\"indemnizacion-por-muerte-en-accidente-de-trafico-el-conyuge-viudo\"><\/span>Indemnizaci\u00f3n por muerte en accidente de tr\u00e1fico: El c\u00f3nyuge viudo<span class=\"ez-toc-section-end\"><\/span><\/h3>\n<p>Se considera al c\u00f3nyuge viudo como aquella persona que mantuviera una relaci\u00f3n amorosa con la persona fallecida y que estuviera registrada de cualquiera de las formas legales. Adem\u00e1s, el cobro de la indemnizaci\u00f3n no ser\u00e1 legal ni reclamable en caso de que esta persona se hubiese separado del fallecido o hubiese iniciado los tr\u00e1mites para hacerlo.<\/p>\n<p>En cuanto a lo que se refiere a la cuant\u00eda, el seguro otorgar\u00e1 una cantidad fija hasta los 15 a\u00f1os de convivencia de ambas partes. Y, en caso de que la convivencia durase m\u00e1s de este tiempo, se otorga una cantidad adicional por cada a\u00f1o que sobrepase a los 15.<\/p>\n<p>Para el c\u00e1lculo de estos a\u00f1os se tendr\u00e1 en cuenta el tiempo desde la fecha de matrimonio o de declaraci\u00f3n de pareja de hecho.<\/p>\n<h3><span class=\"ez-toc-section\" id=\"indemnizacion-por-muerte-en-accidente-de-trafico-los-ascendientes\"><\/span>Indemnizaci\u00f3n por muerte en accidente de tr\u00e1fico: Los ascendientes<span class=\"ez-toc-section-end\"><\/span><\/h3>\n<p>Los ascendientes del fallecido, es decir, los padres del mismo, tambi\u00e9n tienen derecho a recibir una indemnizaci\u00f3n en caso de que su hijo fallezca. Si el o la fallecida superaba la edad de 30 a\u00f1os, la cuant\u00eda a cobrar aumenta.<\/p>\n<p>En caso de que los padres hayan fallecidos, esta indemnizaci\u00f3n recaer\u00eda sobre los abuelos de la v\u00edctima. Pero en este caso no existir\u00eda un aumento de la cuant\u00eda en funci\u00f3n a la edad del afectado.<\/p>\n<h3><span class=\"ez-toc-section\" id=\"indemnizacion-por-muerte-en-accidente-de-trafico-los-descendientes\"><\/span>Indemnizaci\u00f3n por muerte en accidente de tr\u00e1fico: Los descendientes<span class=\"ez-toc-section-end\"><\/span><\/h3>\n<p>Los descendientes ser\u00e1n los hijos de la v\u00edctima. Seg\u00fan el baremo, todos los hijos tendr\u00e1n derecho a cobrar una indemnizaci\u00f3n si alguno de los progenitores muere por un&nbsp;<strong>accidente de circulaci\u00f3n.&nbsp;<\/strong>La cuant\u00eda a percibir por los descendientes var\u00eda en funci\u00f3n de la edad del beneficiario.<\/p>\n<p>Se entiende que cuanto menor edad tenga el descendiente, mayor&nbsp;dependencia emocional y econ\u00f3mica tendr\u00eda del progenitor, por lo que la indemnizaci\u00f3n ser\u00e1 mayor cuanto m\u00e1s joven sea el beneficiario de la misma. Los tramos de edad entre los que var\u00eda dicha indemnizaci\u00f3n por muerte en accidente de tr\u00e1fico son de 0 a 14, de 14 a 20 a\u00f1os, de 20 a 30 y de 30 a\u00f1os en adelante.<\/p>\n<h3><span class=\"ez-toc-section\" id=\"indemnizacion-por-muerte-en-accidente-de-trafico-los-hermanos\"><\/span>Indemnizaci\u00f3n por muerte en accidente de tr\u00e1fico: los hermanos<span class=\"ez-toc-section-end\"><\/span><\/h3>\n<p>Los hermanos de la v\u00edctima tambi\u00e9n tendr\u00e1n derecho a cobrar una cantidad en caso de que fallezca su hermano. En este caso, la cantidad variar\u00e1 dependiendo de si el beneficiario tiene m\u00e1s de treinta a\u00f1os o menos.<\/p>\n<h3><span class=\"ez-toc-section\" id=\"indemnizacion-por-muerte-en-accidente-de-trafico-los-allegados\"><\/span>Indemnizaci\u00f3n por muerte en accidente de tr\u00e1fico: Los allegados<span class=\"ez-toc-section-end\"><\/span><\/h3>\n<p>El reconocimiento de la figura de los allegados como beneficiarios del cobro de una indemnizaci\u00f3n por muerte en accidente de tr\u00e1fico es muy reciente. Este concepto se recoge en el art\u00edculo 67 del baremo, donde se dictamina que:&nbsp;\u201c<em>son allegados aquellas personas que, sin tener la condici\u00f3n de perjudicados seg\u00fan las reglas anteriores, hubieran convivido familiarmente con la v\u00edctima durante un m\u00ednimo de cinco a\u00f1os inmediatamente anteriores al fallecimiento y fueran especialmente cercanas a ella en parentesco o afectividad<\/em>.\u201d<\/p>\n<p>De esta manera, aquellas parejas que convivan maritalmente pero no est\u00e9n inscritas como pareja de hecho o no se han casado podr\u00e1n ser reconocidas por el baremo a la hora de cobrar una indemnizaci\u00f3n. La \u00fanica condici\u00f3n ser\u00eda que la convivencia se hubiese dado durante m\u00e1s de cinco a\u00f1os y que esta se pueda demostrar.<\/p>\n<p>De igual forma, los hijos no biol\u00f3gicos que hayan convivido con la persona tambi\u00e9n tendr\u00e1n derecho a recibir una cuant\u00eda. Dicha cantidad no funcionar\u00e1 de igual forma que en el caso de los hijos biol\u00f3gicos, ya que ser\u00e1 fija y menor que la de estos.<\/p>\n<h2><span class=\"ez-toc-section\" id=\"indemnizaciones-por-fallecimiento-y-novedades-en-el-baremo-de-2017\"><\/span>Indemnizaciones por fallecimiento y novedades en el baremo de 2017<span class=\"ez-toc-section-end\"><\/span><\/h2>\n<p>Realmente, el baremo de indemnizaci\u00f3n por accidente de tr\u00e1fico de 2017 es, b\u00e1sicamente, una actualizaci\u00f3n del baremo de 2016. Es decir, que pr\u00e1cticamente lo \u00fanico que ha hecho el legislador es cambiar las indemnizaciones con respecto al baremo del a\u00f1o anterior para que estas no queden desfasadas en proporci\u00f3n al incremento del coste de la vida (IPC).<\/p>\n<p>Debido a que el baremo de 2017 es una actualizaci\u00f3n y no uno nuevo, tomar\u00e1n como fecha de comienzo de aplicaci\u00f3n la fecha en la que se otorgue el alta m\u00e9dica o, en el caso de fallecimiento, la fecha del mismo. De esta forma, si tenemos un accidente en 2016 pero el alta m\u00e9dica o el fallecimiento se produce en 2017, a la hora de pedir una indemnizaci\u00f3n nos regiremos por la actualizaci\u00f3n de 2017.<\/p>\n<p>En la actualizaci\u00f3n del baremo de este a\u00f1o cabe destacar que el aumento en las indemnizaciones no se ha hecho siguiendo el \u00cdndice de Precios al Consumo, sino que se ha estipulado en base a la subida de las pensiones que se dictamina en los presupuestos generales.<\/p>\n<p>No obstante, y debido a la no aprobaci\u00f3n de los presupuestos generales, se ha establecido que el incremento de las indemnizaciones sea el m\u00ednimo exigido en las pensiones. Es decir, un 0.25 % frente al 1.4 % que suele representar el IPC.<\/p>\n<p>Otra de las novedades que contempla la actualizaci\u00f3n del baremo de 2016 es que ya no importar\u00e1 el n\u00famero de hijos que haya en la familia. Todos ellos tendr\u00e1n derecho a recibir su indemnizaci\u00f3n correspondiente atendiendo a sus circunstancias personales, al contrario que en el baremo anterior.<\/p>\n<p>Tambi\u00e9n la contemplaci\u00f3n del lucro cesante es un elemento novedoso. Este par\u00e1metro puede llegar a aumentar notablemente las indemnizaciones y supone un perjuicio patrimonial importante que conviene tener en cuenta en el c\u00e1lculo de la indemnizaci\u00f3n.<\/p>\n<p>En general, se observa una mayor protecci\u00f3n de las v\u00edctimas de accidentes de tr\u00e1fico, sobre todo en el caso de quienes desgraciadamente fallecen, ya que, a fin de cuentas, son los m\u00e1s damnificados, tanto ellos como sus familiares.<\/p>\n<h2><span class=\"ez-toc-section\" id=\"la-importancia-de-un-asesoramiento-profesional-y-personalizado\"><\/span>La importancia de un asesoramiento profesional y personalizado<span class=\"ez-toc-section-end\"><\/span><\/h2>\n<p>Como has podido observar, todo lo que rodea a una muerte por accidente de tr\u00e1fico en cuanto a indemnizaciones se refiere es bastante complejo. Adem\u00e1s, debido al nerviosismo de esos momentos y la cantidad de tr\u00e1mites a llevar a cabo, en muchos casos las familias no saben c\u00f3mo actuar. Ni mucho menos se paran a pensar en si la indemnizaci\u00f3n que les ofrecen es la m\u00e1s adecuada y justa dadas sus circunstancias.<\/p>\n<p>Muchas veces, el plazo para reclamar una indemnizaci\u00f3n se agota debido a que los familiares se dejan aconsejar por las aseguradoras. Estas suelen recomendar esperar a que se les ofrezca un trato por parte de la aseguradora del responsable. No obstante, puede que esto no ocurra nunca y que entre los periodos de tiempo que existen hasta recibir las respuestas entre aseguradoras pierdas la oportunidad para reclamar una indemnizaci\u00f3n por lo ocurrido.<\/p>\n<p>Por ello, en estos casos, lo m\u00e1s recomendable es acudir a ayuda de profesionales que puedan asesorarte acerca de c\u00f3mo has de actuar. Adem\u00e1s, ellos mismos conocen las leyes y las actualizaciones de los baremos a la perfecci\u00f3n, por lo que podr\u00e1n decirte la cuant\u00eda exacta que te pertenece.<\/p>\n<p>Esto te ayudar\u00e1, por una parte, porque no tendr\u00e1s que ser t\u00fa mismo quien se ponga a calcular la cuant\u00eda que pertenece a cada miembro. Y, por otra, porque tendr\u00e1s una referencia veraz de lo que es la indemnizaci\u00f3n que mereces; por tanto, sabr\u00e1s si es adecuado aceptar el trato que puedan proponerte o no.<\/p>\n<p>En suma, puede ser muy perjudicial para los familiares hacerse cargo de este tipo de tr\u00e1mites, ya que esto solo les servir\u00e1 para recordar lo sucedido una y otra vez. Algo que puede causar profundos da\u00f1os a nivel psicol\u00f3gico, evitando que pueda superarse el dolor y seguir adelante.<\/p>\n<p>Pero si recurres a profesionales, ellos se encargar\u00e1n de todo el papeleo, todas las negociaciones y todas las gestiones necesarias, de forma que t\u00fa solo tendr\u00e1s que preocuparte por conocer las cuant\u00edas que te correspondan, los tratos que te ofrecen y las fechas de los juicios. Algo que te beneficiar\u00e1&nbsp;enormemente la hora de superar este duro tr\u00e1mite.<\/p>\n<p>As\u00ed pues, si te encuentras en esta situaci\u00f3n y no sabes c\u00f3mo actuar, qu\u00e9 debes hacer o qu\u00e9 derechos te pertenecen a la hora de reclamar una<strong> indemnizaci\u00f3n por muerte en accidente de tr\u00e1fico<\/strong>, no dudes en contactar con&nbsp;Garanley Abogados. Somos un bufete de abogados especialistas en los casos de indemnizaciones por accidentes de tr\u00e1fico. Si quieres un trato profesional y todas las facilidades para conseguir una cuant\u00eda justa y merecida, ponte en nuestras manos y no te arrepentir\u00e1s.<\/p>\t\t\t\t\t<\/div>\n\t\t\t\t\t\t<\/div>\n\t\t\t\t<\/div>\n\t\t\t\t\t\t<\/div>\n\t\t\t\t\t<\/div>\n\t\t<\/div>\n\t\t\t\t\t\t\t\t<\/div>\n\t\t\t\t\t<\/div>\n\t\t<\/section>\n\t\t\t\t\t\t<\/div>\n\t\t\t\t\t\t<\/div>\n\t\t\t\t\t<\/div>\n\t\t","protected":false},"excerpt":{"rendered":"<p>Els accidents de tr\u00e0nsit poden tenir conseq\u00fc\u00e8ncies molt greus. De fet, malauradament, una de les m\u00e9s comunes \u00e9s la mort. Per aix\u00f2, com advocats especialistes en accidents de circulaci\u00f3, et parlarem profundament sobre la indemnitzaci\u00f3 per mort en accident de tr\u00e0nsit. Un tema de qu\u00e8 pocs coneixen massa i que pot suscitar una gran quantitat &hellip;<\/p>\n<p class=\"read-more\"> <a class=\"\" href=\"https:\/\/garanley.com\/ca\/accidents-transit\/indemnitzacio-mort-accident-transit\/\"> <span class=\"screen-reader-text\">Indemnitzaci\u00f3 per mort en accident de tr\u00e0nsit<\/span> Read More \u00bb<\/a><\/p>\n","protected":false},"author":9,"featured_media":0,"comment_status":"closed","ping_status":"open","sticky":false,"template":"","format":"standard","meta":{"_monsterinsights_skip_tracking":false,"_monsterinsights_sitenote_active":false,"_monsterinsights_sitenote_note":"","_monsterinsights_sitenote_category":0,"footnotes":""},"categories":[16],"tags":[],"class_list":["post-5578","post","type-post","status-publish","format-standard","hentry","category-accidents-transit"],"yoast_head":"<!-- This site is optimized with the Yoast SEO plugin v23.2 - https:\/\/yoast.com\/wordpress\/plugins\/seo\/ -->\n<title>Indemnitzaci\u00f3 per mort en accident de tr\u00e0nsit | Garanley Advocats<\/title>\n<meta name=\"robots\" content=\"index, follow, max-snippet:-1, max-image-preview:large, max-video-preview:-1\" \/>\n<link rel=\"canonical\" href=\"https:\/\/garanley.com\/ca\/accidentes-trafico\/indemnizacion-fallecimiento\/\" \/>\n<meta property=\"og:locale\" content=\"ca_ES\" \/>\n<meta property=\"og:type\" content=\"article\" \/>\n<meta property=\"og:title\" content=\"Indemnitzaci\u00f3 per mort en accident de tr\u00e0nsit | Garanley Advocats\" \/>\n<meta property=\"og:description\" content=\"Els accidents de tr\u00e0nsit poden tenir conseq\u00fc\u00e8ncies molt greus. De fet, malauradament, una de les m\u00e9s comunes \u00e9s la mort. Per aix\u00f2, com advocats especialistes en accidents de circulaci\u00f3, et parlarem profundament sobre la indemnitzaci\u00f3 per mort en accident de tr\u00e0nsit. Un tema de qu\u00e8 pocs coneixen massa i que pot suscitar una gran quantitat &hellip; Indemnitzaci\u00f3 per mort en accident de tr\u00e0nsit Read More \u00bb\" \/>\n<meta property=\"og:url\" content=\"https:\/\/garanley.com\/accidentes-trafico\/indemnizacion-fallecimiento\/\" \/>\n<meta property=\"og:site_name\" content=\"Garanley Abogados\" \/>\n<meta property=\"article:publisher\" content=\"https:\/\/www.facebook.com\/Garanley\/\" \/>\n<meta property=\"article:published_time\" content=\"2018-02-14T20:20:12+00:00\" \/>\n<meta property=\"article:modified_time\" content=\"2020-03-31T13:36:52+00:00\" \/>\n<meta property=\"og:image\" content=\"http:\/\/garanley.com\/wp-content\/uploads\/indemnizacion-muerte-accidente.png\" \/>\n<meta name=\"author\" content=\"Garanley\" \/>\n<meta name=\"twitter:card\" content=\"summary_large_image\" \/>\n<meta name=\"twitter:creator\" content=\"@garanley\" \/>\n<meta name=\"twitter:site\" content=\"@garanley\" \/>\n<meta name=\"twitter:label1\" content=\"Escrit per\" \/>\n\t<meta name=\"twitter:data1\" content=\"Garanley\" \/>\n\t<meta name=\"twitter:label2\" content=\"Temps estimat de lectura\" \/>\n\t<meta name=\"twitter:data2\" content=\"15 minuts\" \/>\n<script type=\"application\/ld+json\" class=\"yoast-schema-graph\">{\"@context\":\"https:\/\/schema.org\",\"@graph\":[{\"@type\":\"Article\",\"@id\":\"https:\/\/garanley.com\/accidentes-trafico\/indemnizacion-fallecimiento\/#article\",\"isPartOf\":{\"@id\":\"https:\/\/garanley.com\/accidentes-trafico\/indemnizacion-fallecimiento\/\"},\"author\":{\"name\":\"Garanley\",\"@id\":\"https:\/\/garanley.com\/#\/schema\/person\/bac4da30eb0dcea464e4bd7c078b142c\"},\"headline\":\"Indemnitzaci\u00f3 per mort en accident de tr\u00e0nsit\",\"datePublished\":\"2018-02-14T20:20:12+00:00\",\"dateModified\":\"2020-03-31T13:36:52+00:00\",\"mainEntityOfPage\":{\"@id\":\"https:\/\/garanley.com\/accidentes-trafico\/indemnizacion-fallecimiento\/\"},\"wordCount\":2921,\"publisher\":{\"@id\":\"https:\/\/garanley.com\/#organization\"},\"image\":{\"@id\":\"https:\/\/garanley.com\/accidentes-trafico\/indemnizacion-fallecimiento\/#primaryimage\"},\"thumbnailUrl\":\"http:\/\/garanley.com\/wp-content\/uploads\/indemnizacion-muerte-accidente.png\",\"articleSection\":[\"Accidents de tr\u00e0nsit\"],\"inLanguage\":\"ca\"},{\"@type\":\"WebPage\",\"@id\":\"https:\/\/garanley.com\/accidentes-trafico\/indemnizacion-fallecimiento\/\",\"url\":\"https:\/\/garanley.com\/accidentes-trafico\/indemnizacion-fallecimiento\/\",\"name\":\"Indemnitzaci\u00f3 per mort en accident de tr\u00e0nsit | Garanley Advocats\",\"isPartOf\":{\"@id\":\"https:\/\/garanley.com\/#website\"},\"primaryImageOfPage\":{\"@id\":\"https:\/\/garanley.com\/accidentes-trafico\/indemnizacion-fallecimiento\/#primaryimage\"},\"image\":{\"@id\":\"https:\/\/garanley.com\/accidentes-trafico\/indemnizacion-fallecimiento\/#primaryimage\"},\"thumbnailUrl\":\"http:\/\/garanley.com\/wp-content\/uploads\/indemnizacion-muerte-accidente.png\",\"datePublished\":\"2018-02-14T20:20:12+00:00\",\"dateModified\":\"2020-03-31T13:36:52+00:00\",\"breadcrumb\":{\"@id\":\"https:\/\/garanley.com\/accidentes-trafico\/indemnizacion-fallecimiento\/#breadcrumb\"},\"inLanguage\":\"ca\",\"potentialAction\":[{\"@type\":\"ReadAction\",\"target\":[\"https:\/\/garanley.com\/accidentes-trafico\/indemnizacion-fallecimiento\/\"]}]},{\"@type\":\"ImageObject\",\"inLanguage\":\"ca\",\"@id\":\"https:\/\/garanley.com\/accidentes-trafico\/indemnizacion-fallecimiento\/#primaryimage\",\"url\":\"http:\/\/garanley.com\/wp-content\/uploads\/indemnizacion-muerte-accidente.png\",\"contentUrl\":\"http:\/\/garanley.com\/wp-content\/uploads\/indemnizacion-muerte-accidente.png\"},{\"@type\":\"BreadcrumbList\",\"@id\":\"https:\/\/garanley.com\/accidentes-trafico\/indemnizacion-fallecimiento\/#breadcrumb\",\"itemListElement\":[{\"@type\":\"ListItem\",\"position\":1,\"name\":\"Inicio\",\"item\":\"https:\/\/garanley.com\/ca\/\"},{\"@type\":\"ListItem\",\"position\":2,\"name\":\"Indemnitzaci\u00f3 per mort en accident de tr\u00e0nsit\"}]},{\"@type\":\"WebSite\",\"@id\":\"https:\/\/garanley.com\/#website\",\"url\":\"https:\/\/garanley.com\/\",\"name\":\"Garanley Abogados\",\"description\":\"Despacho de Abogados en Barcelona\",\"publisher\":{\"@id\":\"https:\/\/garanley.com\/#organization\"},\"potentialAction\":[{\"@type\":\"SearchAction\",\"target\":{\"@type\":\"EntryPoint\",\"urlTemplate\":\"https:\/\/garanley.com\/?s={search_term_string}\"},\"query-input\":\"required name=search_term_string\"}],\"inLanguage\":\"ca\"},{\"@type\":\"Organization\",\"@id\":\"https:\/\/garanley.com\/#organization\",\"name\":\"Garanley Abogados\",\"url\":\"https:\/\/garanley.com\/\",\"logo\":{\"@type\":\"ImageObject\",\"inLanguage\":\"ca\",\"@id\":\"https:\/\/garanley.com\/#\/schema\/logo\/image\/\",\"url\":\"https:\/\/garanley.com\/wp-content\/uploads\/Abogados-Barcelona-Garanley.jpg\",\"contentUrl\":\"https:\/\/garanley.com\/wp-content\/uploads\/Abogados-Barcelona-Garanley.jpg\",\"width\":320,\"height\":120,\"caption\":\"Garanley Abogados\"},\"image\":{\"@id\":\"https:\/\/garanley.com\/#\/schema\/logo\/image\/\"},\"sameAs\":[\"https:\/\/www.facebook.com\/Garanley\/\",\"https:\/\/x.com\/garanley\"]},{\"@type\":\"Person\",\"@id\":\"https:\/\/garanley.com\/#\/schema\/person\/bac4da30eb0dcea464e4bd7c078b142c\",\"name\":\"Garanley\",\"image\":{\"@type\":\"ImageObject\",\"inLanguage\":\"ca\",\"@id\":\"https:\/\/garanley.com\/#\/schema\/person\/image\/\",\"url\":\"https:\/\/secure.gravatar.com\/avatar\/36c8ab097c0a00e27519d278104329ce3c98379f20bb4c28590ee0c54be9162f?s=96&d=mm&r=g\",\"contentUrl\":\"https:\/\/secure.gravatar.com\/avatar\/36c8ab097c0a00e27519d278104329ce3c98379f20bb4c28590ee0c54be9162f?s=96&d=mm&r=g\",\"caption\":\"Garanley\"}}]}<\/script>\n<!-- \/ Yoast SEO plugin. -->","yoast_head_json":{"title":"Indemnitzaci\u00f3 per mort en accident de tr\u00e0nsit | Garanley Advocats","robots":{"index":"index","follow":"follow","max-snippet":"max-snippet:-1","max-image-preview":"max-image-preview:large","max-video-preview":"max-video-preview:-1"},"canonical":"https:\/\/garanley.com\/ca\/accidentes-trafico\/indemnizacion-fallecimiento\/","og_locale":"ca_ES","og_type":"article","og_title":"Indemnitzaci\u00f3 per mort en accident de tr\u00e0nsit | Garanley Advocats","og_description":"Els accidents de tr\u00e0nsit poden tenir conseq\u00fc\u00e8ncies molt greus. De fet, malauradament, una de les m\u00e9s comunes \u00e9s la mort. Per aix\u00f2, com advocats especialistes en accidents de circulaci\u00f3, et parlarem profundament sobre la indemnitzaci\u00f3 per mort en accident de tr\u00e0nsit. Un tema de qu\u00e8 pocs coneixen massa i que pot suscitar una gran quantitat &hellip; Indemnitzaci\u00f3 per mort en accident de tr\u00e0nsit Read More \u00bb","og_url":"https:\/\/garanley.com\/accidentes-trafico\/indemnizacion-fallecimiento\/","og_site_name":"Garanley Abogados","article_publisher":"https:\/\/www.facebook.com\/Garanley\/","article_published_time":"2018-02-14T20:20:12+00:00","article_modified_time":"2020-03-31T13:36:52+00:00","og_image":[{"url":"http:\/\/garanley.com\/wp-content\/uploads\/indemnizacion-muerte-accidente.png"}],"author":"Garanley","twitter_card":"summary_large_image","twitter_creator":"@garanley","twitter_site":"@garanley","twitter_misc":{"Escrit per":"Garanley","Temps estimat de lectura":"15 minuts"},"schema":{"@context":"https:\/\/schema.org","@graph":[{"@type":"Article","@id":"https:\/\/garanley.com\/accidentes-trafico\/indemnizacion-fallecimiento\/#article","isPartOf":{"@id":"https:\/\/garanley.com\/accidentes-trafico\/indemnizacion-fallecimiento\/"},"author":{"name":"Garanley","@id":"https:\/\/garanley.com\/#\/schema\/person\/bac4da30eb0dcea464e4bd7c078b142c"},"headline":"Indemnitzaci\u00f3 per mort en accident de tr\u00e0nsit","datePublished":"2018-02-14T20:20:12+00:00","dateModified":"2020-03-31T13:36:52+00:00","mainEntityOfPage":{"@id":"https:\/\/garanley.com\/accidentes-trafico\/indemnizacion-fallecimiento\/"},"wordCount":2921,"publisher":{"@id":"https:\/\/garanley.com\/#organization"},"image":{"@id":"https:\/\/garanley.com\/accidentes-trafico\/indemnizacion-fallecimiento\/#primaryimage"},"thumbnailUrl":"http:\/\/garanley.com\/wp-content\/uploads\/indemnizacion-muerte-accidente.png","articleSection":["Accidents de tr\u00e0nsit"],"inLanguage":"ca"},{"@type":"WebPage","@id":"https:\/\/garanley.com\/accidentes-trafico\/indemnizacion-fallecimiento\/","url":"https:\/\/garanley.com\/accidentes-trafico\/indemnizacion-fallecimiento\/","name":"Indemnitzaci\u00f3 per mort en accident de tr\u00e0nsit | Garanley Advocats","isPartOf":{"@id":"https:\/\/garanley.com\/#website"},"primaryImageOfPage":{"@id":"https:\/\/garanley.com\/accidentes-trafico\/indemnizacion-fallecimiento\/#primaryimage"},"image":{"@id":"https:\/\/garanley.com\/accidentes-trafico\/indemnizacion-fallecimiento\/#primaryimage"},"thumbnailUrl":"http:\/\/garanley.com\/wp-content\/uploads\/indemnizacion-muerte-accidente.png","datePublished":"2018-02-14T20:20:12+00:00","dateModified":"2020-03-31T13:36:52+00:00","breadcrumb":{"@id":"https:\/\/garanley.com\/accidentes-trafico\/indemnizacion-fallecimiento\/#breadcrumb"},"inLanguage":"ca","potentialAction":[{"@type":"ReadAction","target":["https:\/\/garanley.com\/accidentes-trafico\/indemnizacion-fallecimiento\/"]}]},{"@type":"ImageObject","inLanguage":"ca","@id":"https:\/\/garanley.com\/accidentes-trafico\/indemnizacion-fallecimiento\/#primaryimage","url":"http:\/\/garanley.com\/wp-content\/uploads\/indemnizacion-muerte-accidente.png","contentUrl":"http:\/\/garanley.com\/wp-content\/uploads\/indemnizacion-muerte-accidente.png"},{"@type":"BreadcrumbList","@id":"https:\/\/garanley.com\/accidentes-trafico\/indemnizacion-fallecimiento\/#breadcrumb","itemListElement":[{"@type":"ListItem","position":1,"name":"Inicio","item":"https:\/\/garanley.com\/ca\/"},{"@type":"ListItem","position":2,"name":"Indemnitzaci\u00f3 per mort en accident de tr\u00e0nsit"}]},{"@type":"WebSite","@id":"https:\/\/garanley.com\/#website","url":"https:\/\/garanley.com\/","name":"Garanley Abogados","description":"Despacho de Abogados en Barcelona","publisher":{"@id":"https:\/\/garanley.com\/#organization"},"potentialAction":[{"@type":"SearchAction","target":{"@type":"EntryPoint","urlTemplate":"https:\/\/garanley.com\/?s={search_term_string}"},"query-input":"required name=search_term_string"}],"inLanguage":"ca"},{"@type":"Organization","@id":"https:\/\/garanley.com\/#organization","name":"Garanley Abogados","url":"https:\/\/garanley.com\/","logo":{"@type":"ImageObject","inLanguage":"ca","@id":"https:\/\/garanley.com\/#\/schema\/logo\/image\/","url":"https:\/\/garanley.com\/wp-content\/uploads\/Abogados-Barcelona-Garanley.jpg","contentUrl":"https:\/\/garanley.com\/wp-content\/uploads\/Abogados-Barcelona-Garanley.jpg","width":320,"height":120,"caption":"Garanley Abogados"},"image":{"@id":"https:\/\/garanley.com\/#\/schema\/logo\/image\/"},"sameAs":["https:\/\/www.facebook.com\/Garanley\/","https:\/\/x.com\/garanley"]},{"@type":"Person","@id":"https:\/\/garanley.com\/#\/schema\/person\/bac4da30eb0dcea464e4bd7c078b142c","name":"Garanley","image":{"@type":"ImageObject","inLanguage":"ca","@id":"https:\/\/garanley.com\/#\/schema\/person\/image\/","url":"https:\/\/secure.gravatar.com\/avatar\/36c8ab097c0a00e27519d278104329ce3c98379f20bb4c28590ee0c54be9162f?s=96&d=mm&r=g","contentUrl":"https:\/\/secure.gravatar.com\/avatar\/36c8ab097c0a00e27519d278104329ce3c98379f20bb4c28590ee0c54be9162f?s=96&d=mm&r=g","caption":"Garanley"}}]}},"_links":{"self":[{"href":"https:\/\/garanley.com\/ca\/wp-json\/wp\/v2\/posts\/5578\/"}],"collection":[{"href":"https:\/\/garanley.com\/ca\/wp-json\/wp\/v2\/posts\/"}],"about":[{"href":"https:\/\/garanley.com\/ca\/wp-json\/wp\/v2\/types\/post\/"}],"author":[{"embeddable":true,"href":"https:\/\/garanley.com\/ca\/wp-json\/wp\/v2\/users\/9\/"}],"replies":[{"embeddable":true,"href":"https:\/\/garanley.com\/ca\/wp-json\/wp\/v2\/comments\/?post=5578"}],"version-history":[{"count":3,"href":"https:\/\/garanley.com\/ca\/wp-json\/wp\/v2\/posts\/5578\/revisions\/"}],"predecessor-version":[{"id":5639,"href":"https:\/\/garanley.com\/ca\/wp-json\/wp\/v2\/posts\/5578\/revisions\/5639\/"}],"wp:attachment":[{"href":"https:\/\/garanley.com\/ca\/wp-json\/wp\/v2\/media\/?parent=5578"}],"wp:term":[{"taxonomy":"category","embeddable":true,"href":"https:\/\/garanley.com\/ca\/wp-json\/wp\/v2\/categories\/?post=5578"},{"taxonomy":"post_tag","embeddable":true,"href":"https:\/\/garanley.com\/ca\/wp-json\/wp\/v2\/tags\/?post=5578"}],"curies":[{"name":"wp","href":"https:\/\/api.w.org\/{rel}","templated":true}]}}