{"id":5576,"date":"2018-02-14T16:02:50","date_gmt":"2018-02-14T15:02:50","guid":{"rendered":"http:\/\/garanley.com\/?p=5576"},"modified":"2020-03-30T17:13:01","modified_gmt":"2020-03-30T15:13:01","slug":"indemnitzacio-cervicalgia-lumbalgia-postraumatica","status":"publish","type":"post","link":"https:\/\/garanley.com\/ca\/accidents-transit\/indemnitzacio-cervicalgia-lumbalgia-postraumatica\/","title":{"rendered":"Indemnitzaci\u00f3 per cervic\u00e0lgia o lumb\u00e0lgia postraum\u00e0tica"},"content":{"rendered":"<div style=\"display: none;\"\n    class=\"kk-star-ratings kksr-valign-top kksr-align-right kksr-disabled\"\n    data-id=\"5576\"\n    data-slug=\"\">\n    <div class=\"kksr-stars\">\n    <div class=\"kksr-stars-inactive\">\n            <div class=\"kksr-star\" data-star=\"1\">\n            <div class=\"kksr-icon\" style=\"width: px; height: px;\"><\/div>\n        <\/div>\n            <div class=\"kksr-star\" data-star=\"2\">\n            <div class=\"kksr-icon\" style=\"width: px; height: px;\"><\/div>\n        <\/div>\n            <div class=\"kksr-star\" data-star=\"3\">\n            <div class=\"kksr-icon\" style=\"width: px; height: px;\"><\/div>\n        <\/div>\n            <div class=\"kksr-star\" data-star=\"4\">\n            <div class=\"kksr-icon\" style=\"width: px; height: px;\"><\/div>\n        <\/div>\n            <div class=\"kksr-star\" data-star=\"5\">\n            <div class=\"kksr-icon\" style=\"width: px; height: px;\"><\/div>\n        <\/div>\n    <\/div>\n    <div class=\"kksr-stars-active\" style=\"width: 0px;\">\n            <div class=\"kksr-star\">\n            <div class=\"kksr-icon\" style=\"width: px; height: px;\"><\/div>\n        <\/div>\n            <div class=\"kksr-star\">\n            <div class=\"kksr-icon\" style=\"width: px; height: px;\"><\/div>\n        <\/div>\n            <div class=\"kksr-star\">\n            <div class=\"kksr-icon\" style=\"width: px; height: px;\"><\/div>\n        <\/div>\n            <div class=\"kksr-star\">\n            <div class=\"kksr-icon\" style=\"width: px; height: px;\"><\/div>\n        <\/div>\n            <div class=\"kksr-star\">\n            <div class=\"kksr-icon\" style=\"width: px; height: px;\"><\/div>\n        <\/div>\n    <\/div>\n<\/div>\n    <div class=\"kksr-legend\">\n            <span class=\"kksr-muted\"><\/span>\n    <\/div>\n<\/div>\n<p><strong><span style=\"font-size: 16pt;\"><img loading=\"lazy\" decoding=\"async\" class=\" wp-image-1548 alignleft\" src=\"http:\/\/garanley.com\/wp-content\/uploads\/abogado-cervicalgia-indemnizacion.jpg\" alt=\"abogado cervicalgia Barcelona\" width=\"226\" height=\"137\">Si pateixes una cervic\u00e0lgia o lumb\u00e0lgia postraum\u00e0tica a causa d&#8217;un accident de tr\u00e0nsit, de qu\u00e8 no ets culpable, tens dret a una indemnitzaci\u00f3 pels danys personals i materials soferts.<br \/>\n<\/span><\/strong><\/p>\n<hr>\n<p>Cervic\u00e0lgies i lumb\u00e0lgies postraum\u00e0tiques solen manifestar-se despr\u00e9s de <strong>cops per abast<\/strong> i suposen un impacte considerable a les companyies asseguradores, a causa de les <strong>indemnitzacions<\/strong> que de les mateixes es deriven. Si has patit un d&#8217;aquests contratemps, no dubtis a posar-te en mans d&#8217;un <span style=\"color: #33cccc;\">advocat extern i especialitzat<\/span> per aconseguir el millor rescabalament possible.<\/p>\n<blockquote><p>Les <strong>cervic\u00e0lgies i lumb\u00e0lgies postraum\u00e0tiques<\/strong> s\u00f3n les lesions m\u00e9s habituals despr\u00e9s d&#8217;un accident de tr\u00e0nsit.<\/p>\n<p>Els <strong>s\u00edmptomes<\/strong> en aquests casos s\u00f3n: dolor, formigueig, p\u00e8rdua de mobilitat, debilitat, disf\u00e0gia, alteracions de l&#8217;equilibri etc.<\/p>\n<p>El <strong>tractament<\/strong> d&#8217;ambdues es basa en controlar els dolors, reposar, administrar ultrasons, fer estiraments etc.<\/p><\/blockquote>\n<p>Les lesions han diagnosticar immediatament. Ha d&#8217;acudir al servei d&#8217;urg\u00e8ncies sense dilaci\u00f3 i despr\u00e9s de l&#8217;accident de tr\u00e0nsit, quan se sentin els s\u00edmptomes dalt ressenyats. Tingues en compte que aquesta actuaci\u00f3 \u00e9s la base de la reclamaci\u00f3 i de l&#8217;oport\u00fa <span style=\"color: #33cccc;\">c\u00e0lcul de la<\/span> <span style=\"color: #33cccc;\">indemnitzaci\u00f3<\/span>.<\/p>\n<div id=\"ez-toc-container\" class=\"ez-toc-v2_0_17 counter-hierarchy counter-numeric ez-toc-transparent\">\n<div class=\"ez-toc-title-container\">\n<p class=\"ez-toc-title\">Resumen del art&iacute;culo<\/p>\n<span class=\"ez-toc-title-toggle\"><a class=\"ez-toc-pull-right ez-toc-btn ez-toc-btn-xs ez-toc-btn-default ez-toc-toggle\" style=\"display: none;\"><i class=\"ez-toc-glyphicon ez-toc-icon-toggle\"><\/i><\/a><\/span><\/div>\n<nav><ul class=\"ez-toc-list ez-toc-list-level-1\"><li class=\"ez-toc-page-1 ez-toc-heading-level-2\"><a class=\"ez-toc-link ez-toc-heading-1\" href=\"https:\/\/garanley.com\/ca\/accidents-transit\/indemnitzacio-cervicalgia-lumbalgia-postraumatica\/#qui-te-dret-a-la-indemnitzacio\" title=\"Qui t\u00e9 dret a la indemnitzaci\u00f3\">Qui t\u00e9 dret a la indemnitzaci\u00f3<\/a><ul class=\"ez-toc-list-level-3\"><li class=\"ez-toc-heading-level-3\"><a class=\"ez-toc-link ez-toc-heading-2\" href=\"https:\/\/garanley.com\/ca\/accidents-transit\/indemnitzacio-cervicalgia-lumbalgia-postraumatica\/#quantia-de-la-indemnitzacio\" title=\"Quantia de la indemnitzaci\u00f3\">Quantia de la indemnitzaci\u00f3<\/a><\/li><\/ul><\/li><\/ul><\/nav><\/div>\n<h2><span class=\"ez-toc-section\" id=\"qui-te-dret-a-la-indemnitzacio\"><\/span>Qui t\u00e9 dret a la indemnitzaci\u00f3<span class=\"ez-toc-section-end\"><\/span><\/h2>\n<p>Tenen dret a la indemnitzaci\u00f3 per cervic\u00e0lgia o lumb\u00e0lgia postraum\u00e0tica despr\u00e9s d&#8217;un accident de tr\u00e0nsit:<\/p>\n<ul>\n<li>el<strong> conductor no responsable<\/strong> de l&#8217;accident,<\/li>\n<li>els<strong> ocupants<\/strong> o <strong>passatgers<\/strong> dels vehicles implicats<\/li>\n<li>els <strong>vianants<\/strong> que, si escau, es puguin veure afectats.<\/li>\n<\/ul>\n<p>La indemnitzaci\u00f3 compr\u00e8n tots els <strong>danys personals<\/strong> soferts, per\u00f2 tamb\u00e9 els <strong>materials i<\/strong> <strong>despeses m\u00e8diques, hospitalaris i farmac\u00e8utics<\/strong> derivats de l&#8217;contratemps.<\/p>\n<p>El rescabalament es correspon amb els <strong>dies de convalesc\u00e8ncia fins a la curaci\u00f3<\/strong> i, si s&#8217;escau, amb les <strong>seq\u00fceles<\/strong> que poguessin quedar sense curar.<\/p>\n<h3><span class=\"ez-toc-section\" id=\"quantia-de-la-indemnitzacio\"><\/span>Quantia de la indemnitzaci\u00f3<span class=\"ez-toc-section-end\"><\/span><\/h3>\n<p>El c\u00e0lcul de la indemnitzaci\u00f3 s&#8217;efectua tenint en compte el temps de curaci\u00f3 i l&#8217;estabilitzaci\u00f3 de la lesi\u00f3. \u00c9s important anar recopilant tota la documentaci\u00f3 m\u00e8dica possible per a justificar l&#8217;evoluci\u00f3 del&nbsp; dany.<\/p>\n<p>Per tant, els dies, les <strong>seq\u00fceles<\/strong> i els <strong>factors de correcci\u00f3<\/strong> s\u00f3n els elements destacats a l&#8217;hora de realitzar el c\u00e0lcul. Recorda que els <strong>dies d&#8217;hospital<\/strong> s\u00f3n aquells en qu\u00e8 el lesionat est\u00e0 ingressat en un centre sanitari com a conseq\u00fc\u00e8ncia de les <strong>lesions<\/strong>. Els <span style=\"color: #33cccc;\"><strong>impeditius<\/strong><\/span> impliquen la impossibilitat de realitzar la vida quotidiana i en els <strong>no impeditius<\/strong> tot i que la lesi\u00f3 segueix donant s\u00edmptomes, l&#8217;afectat pot enfrontar-se a el seu dia a dia amb certa normalitat.<\/p>\n<blockquote class=\"wp-embedded-content\" data-secret=\"YDxNFI6jwd\"><p><a href=\"https:\/\/garanley.com\/accidentes-trafico\/indemnizacion-latigazo-cervical\/\">Indemnizaci\u00f3n por latigazo cervical<\/a><\/p><\/blockquote>\n<p><iframe loading=\"lazy\" class=\"wp-embedded-content\" sandbox=\"allow-scripts\" security=\"restricted\" style=\"position: absolute; clip: rect(1px, 1px, 1px, 1px);\" title=\"\u00abIndemnizaci\u00f3n por latigazo cervical\u00bb \u2014 Garanley Abogados\" src=\"https:\/\/garanley.com\/accidentes-trafico\/indemnizacion-latigazo-cervical\/embed\/#?secret=gPtd3MHYKN#?secret=YDxNFI6jwd\" data-secret=\"YDxNFI6jwd\" width=\"500\" height=\"282\" frameborder=\"0\" marginwidth=\"0\" marginheight=\"0\" scrolling=\"no\"><\/iframe><\/p>\n<p>Les seq\u00fceles d&#8217;una cervic\u00e0lgia o lumb\u00e0lgia postraum\u00e0tica es troben recollides en una forquilla de valoraci\u00f3 i delimitades per la corresponent puntuaci\u00f3 en cada cas concret. Aquesta ha de efectuar-se per un expert en valoracions de danys personals (un <strong>forense<\/strong> o un <strong>perit metge especialista<\/strong>).<\/p>\n<p>Els <strong>factors de correcci\u00f3<\/strong>, per la seva banda, s\u00f3n circumst\u00e0ncies que alteren l&#8217;informe de valoraci\u00f3 de lesions, per adequar-lo a la realitat m\u00e8dica de la persona accidentada. D&#8217;aquesta manera i per valorar els perjudicis econ\u00f2mics, el total de la indemnitzaci\u00f3 s&#8217;incrementa en funci\u00f3 dels ingressos nets anuals del lesionat.<\/p>\n<p>L&#8217;anomenat &#8220;barem d&#8217;accidents&#8221; es publica anualment. El de 2015, per exemple, s&#8217;aplica a les lesions estabilitzades durant aquest any, tot i que al gener de 2016 ha entrat en vigor la <strong>nova<\/strong> <span style=\"color: #33cccc;\">Llei 35\/2015, de 22 de setembre, de reforma del Sistema per a la Valoraci\u00f3 dels Danys i Perjudicis causats a les Persones en Accidents de Circulaci\u00f3.<\/span><\/p>\n<p>Recorda que aquest nou text legal s&#8217;aplica a les lesions produ\u00efdes en accidents de tr\u00e0nsit ocorreguts des del <strong>1 de gener de 2016<\/strong>, data de la seva entrada en vigor. Els danys ocasionats en sinistres esdevinguts amb anterioritat es regulen tan sols per l&#8217;annex i annex del Text ref\u00f3s de la Llei sobre responsabilitat civil i asseguran\u00e7a en la circulaci\u00f3 de vehicles de motor (RDL 8\/2004, de 29 d&#8217;octubre).<\/p>\n<p>La nova llei incrementa la protecci\u00f3 als lesionats per cervic\u00e0lgia o lumb\u00e0lgia posttraum\u00e0tica, millorant el tractament rescabalador i establint un<strong> mecanisme d&#8217;indemnitzaci\u00f3 m\u00e9s realista i actualitzat<\/strong> (d&#8217;acord amb l&#8217;\u00edndex de revaloritzaci\u00f3 de les pensions). Les notes m\u00e9s destacades de la norma s\u00f3n:<\/p>\n<ul>\n<li><strong>Racionalitzaci\u00f3 el c\u00e0lcul de<\/strong><span style=\"color: #33cccc;\"> lucre cessant.<\/span><\/li>\n<li><strong>Refor\u00e7ament de les reparacions a grans lesionats.<\/strong><\/li>\n<li><strong>Distinci\u00f3 entre despeses d&#8217;assist\u00e8ncia sanit\u00e0ria i despeses diverses indemnitzables<\/strong><\/li>\n<\/ul>\n<p>Si malauradament heu patit una cervic\u00e0lgia o lumb\u00e0lgia postraum\u00e0tica despr\u00e9s d&#8217;un accident, t&#8217;aconsellem contactar amb <strong>advocats aliens a les asseguradores<\/strong>. Els professionals independents obtenen una indemnitzaci\u00f3 superior, perqu\u00e8 les companyies tendeixen a valorar a la baixa les lesions.<\/p>\n<p>No ho dubtis i <strong>consulta&#8217;ns abans d&#8217;acceptar la primera oferta que et faci l&#8217;asseguradora<\/strong>. En <span style=\"color: #33cccc;\">Garanley Advocats som professionals en indemnitzacions per accidents de tr\u00e0nsit<\/span> i treballem perqu\u00e8 obtinguis la m\u00e9s elevada i en el menor temps possible.<\/p>\n","protected":false},"excerpt":{"rendered":"<p>Si pateixes una cervic\u00e0lgia o lumb\u00e0lgia postraum\u00e0tica a causa d&#8217;un accident de tr\u00e0nsit, de qu\u00e8 no ets culpable, tens dret a una indemnitzaci\u00f3 pels danys personals i materials soferts. Cervic\u00e0lgies i lumb\u00e0lgies postraum\u00e0tiques solen manifestar-se despr\u00e9s de cops per abast i suposen un impacte considerable a les companyies asseguradores, a causa de les indemnitzacions que &hellip;<\/p>\n<p class=\"read-more\"> <a class=\"\" href=\"https:\/\/garanley.com\/ca\/accidents-transit\/indemnitzacio-cervicalgia-lumbalgia-postraumatica\/\"> <span class=\"screen-reader-text\">Indemnitzaci\u00f3 per cervic\u00e0lgia o lumb\u00e0lgia postraum\u00e0tica<\/span> Read More \u00bb<\/a><\/p>\n","protected":false},"author":9,"featured_media":2532,"comment_status":"closed","ping_status":"open","sticky":false,"template":"","format":"standard","meta":{"_monsterinsights_skip_tracking":false,"_monsterinsights_sitenote_active":false,"_monsterinsights_sitenote_note":"","_monsterinsights_sitenote_category":0,"footnotes":""},"categories":[16],"tags":[],"class_list":["post-5576","post","type-post","status-publish","format-standard","has-post-thumbnail","hentry","category-accidents-transit"],"yoast_head":"<!-- This site is optimized with the Yoast SEO plugin v23.2 - https:\/\/yoast.com\/wordpress\/plugins\/seo\/ -->\n<title>Indemnitzaci\u00f3 per cervic\u00e0lgia o lumb\u00e0lgia postraum\u00e0tica | Garanley Advocats<\/title>\n<meta name=\"robots\" content=\"index, follow, max-snippet:-1, max-image-preview:large, max-video-preview:-1\" \/>\n<link rel=\"canonical\" href=\"https:\/\/garanley.com\/ca\/accidentes-trafico\/indemnizacion-cervicalgia-lumbalgia-postraumatica\/\" \/>\n<meta property=\"og:locale\" content=\"ca_ES\" \/>\n<meta property=\"og:type\" content=\"article\" \/>\n<meta property=\"og:title\" content=\"Indemnitzaci\u00f3 per cervic\u00e0lgia o lumb\u00e0lgia postraum\u00e0tica | Garanley Advocats\" \/>\n<meta property=\"og:description\" content=\"Si pateixes una cervic\u00e0lgia o lumb\u00e0lgia postraum\u00e0tica a causa d&#8217;un accident de tr\u00e0nsit, de qu\u00e8 no ets culpable, tens dret a una indemnitzaci\u00f3 pels danys personals i materials soferts. Cervic\u00e0lgies i lumb\u00e0lgies postraum\u00e0tiques solen manifestar-se despr\u00e9s de cops per abast i suposen un impacte considerable a les companyies asseguradores, a causa de les indemnitzacions que &hellip; Indemnitzaci\u00f3 per cervic\u00e0lgia o lumb\u00e0lgia postraum\u00e0tica Read More \u00bb\" \/>\n<meta property=\"og:url\" content=\"https:\/\/garanley.com\/accidentes-trafico\/indemnizacion-cervicalgia-lumbalgia-postraumatica\/\" \/>\n<meta property=\"og:site_name\" content=\"Garanley Abogados\" \/>\n<meta property=\"article:publisher\" content=\"https:\/\/www.facebook.com\/Garanley\/\" \/>\n<meta property=\"article:published_time\" content=\"2018-02-14T15:02:50+00:00\" \/>\n<meta property=\"article:modified_time\" content=\"2020-03-30T15:13:01+00:00\" \/>\n<meta property=\"og:image\" content=\"https:\/\/garanley.com\/wp-content\/uploads\/indemnizaci\u00f3n-cervicalgia-lumbalgia.jpg\" \/>\n\t<meta property=\"og:image:width\" content=\"810\" \/>\n\t<meta property=\"og:image:height\" content=\"450\" \/>\n\t<meta property=\"og:image:type\" content=\"image\/jpeg\" \/>\n<meta name=\"author\" content=\"Garanley\" \/>\n<meta name=\"twitter:card\" content=\"summary_large_image\" \/>\n<meta name=\"twitter:creator\" content=\"@garanley\" \/>\n<meta name=\"twitter:site\" content=\"@garanley\" \/>\n<meta name=\"twitter:label1\" content=\"Escrit per\" \/>\n\t<meta name=\"twitter:data1\" content=\"Garanley\" \/>\n\t<meta name=\"twitter:label2\" content=\"Temps estimat de lectura\" \/>\n\t<meta name=\"twitter:data2\" content=\"4 minuts\" \/>\n<script type=\"application\/ld+json\" class=\"yoast-schema-graph\">{\"@context\":\"https:\/\/schema.org\",\"@graph\":[{\"@type\":\"Article\",\"@id\":\"https:\/\/garanley.com\/accidentes-trafico\/indemnizacion-cervicalgia-lumbalgia-postraumatica\/#article\",\"isPartOf\":{\"@id\":\"https:\/\/garanley.com\/accidentes-trafico\/indemnizacion-cervicalgia-lumbalgia-postraumatica\/\"},\"author\":{\"name\":\"Garanley\",\"@id\":\"https:\/\/garanley.com\/#\/schema\/person\/bac4da30eb0dcea464e4bd7c078b142c\"},\"headline\":\"Indemnitzaci\u00f3 per cervic\u00e0lgia o lumb\u00e0lgia postraum\u00e0tica\",\"datePublished\":\"2018-02-14T15:02:50+00:00\",\"dateModified\":\"2020-03-30T15:13:01+00:00\",\"mainEntityOfPage\":{\"@id\":\"https:\/\/garanley.com\/accidentes-trafico\/indemnizacion-cervicalgia-lumbalgia-postraumatica\/\"},\"wordCount\":816,\"publisher\":{\"@id\":\"https:\/\/garanley.com\/#organization\"},\"image\":{\"@id\":\"https:\/\/garanley.com\/accidentes-trafico\/indemnizacion-cervicalgia-lumbalgia-postraumatica\/#primaryimage\"},\"thumbnailUrl\":\"https:\/\/garanley.com\/wp-content\/uploads\/indemnizaci\u00f3n-cervicalgia-lumbalgia.jpg\",\"articleSection\":[\"Accidents de tr\u00e0nsit\"],\"inLanguage\":\"ca\"},{\"@type\":\"WebPage\",\"@id\":\"https:\/\/garanley.com\/accidentes-trafico\/indemnizacion-cervicalgia-lumbalgia-postraumatica\/\",\"url\":\"https:\/\/garanley.com\/accidentes-trafico\/indemnizacion-cervicalgia-lumbalgia-postraumatica\/\",\"name\":\"Indemnitzaci\u00f3 per cervic\u00e0lgia o lumb\u00e0lgia postraum\u00e0tica | Garanley Advocats\",\"isPartOf\":{\"@id\":\"https:\/\/garanley.com\/#website\"},\"primaryImageOfPage\":{\"@id\":\"https:\/\/garanley.com\/accidentes-trafico\/indemnizacion-cervicalgia-lumbalgia-postraumatica\/#primaryimage\"},\"image\":{\"@id\":\"https:\/\/garanley.com\/accidentes-trafico\/indemnizacion-cervicalgia-lumbalgia-postraumatica\/#primaryimage\"},\"thumbnailUrl\":\"https:\/\/garanley.com\/wp-content\/uploads\/indemnizaci\u00f3n-cervicalgia-lumbalgia.jpg\",\"datePublished\":\"2018-02-14T15:02:50+00:00\",\"dateModified\":\"2020-03-30T15:13:01+00:00\",\"breadcrumb\":{\"@id\":\"https:\/\/garanley.com\/accidentes-trafico\/indemnizacion-cervicalgia-lumbalgia-postraumatica\/#breadcrumb\"},\"inLanguage\":\"ca\",\"potentialAction\":[{\"@type\":\"ReadAction\",\"target\":[\"https:\/\/garanley.com\/accidentes-trafico\/indemnizacion-cervicalgia-lumbalgia-postraumatica\/\"]}]},{\"@type\":\"ImageObject\",\"inLanguage\":\"ca\",\"@id\":\"https:\/\/garanley.com\/accidentes-trafico\/indemnizacion-cervicalgia-lumbalgia-postraumatica\/#primaryimage\",\"url\":\"https:\/\/garanley.com\/wp-content\/uploads\/indemnizaci\u00f3n-cervicalgia-lumbalgia.jpg\",\"contentUrl\":\"https:\/\/garanley.com\/wp-content\/uploads\/indemnizaci\u00f3n-cervicalgia-lumbalgia.jpg\",\"width\":810,\"height\":450,\"caption\":\"Portada art\u00edculo de blog reza: 'Indemnizaci\u00f3n por cervicalgia o lumbalgia postraum\u00e1tica'\"},{\"@type\":\"BreadcrumbList\",\"@id\":\"https:\/\/garanley.com\/accidentes-trafico\/indemnizacion-cervicalgia-lumbalgia-postraumatica\/#breadcrumb\",\"itemListElement\":[{\"@type\":\"ListItem\",\"position\":1,\"name\":\"Inicio\",\"item\":\"https:\/\/garanley.com\/ca\/\"},{\"@type\":\"ListItem\",\"position\":2,\"name\":\"Indemnitzaci\u00f3 per cervic\u00e0lgia o lumb\u00e0lgia postraum\u00e0tica\"}]},{\"@type\":\"WebSite\",\"@id\":\"https:\/\/garanley.com\/#website\",\"url\":\"https:\/\/garanley.com\/\",\"name\":\"Garanley Abogados\",\"description\":\"Despacho de Abogados en Barcelona\",\"publisher\":{\"@id\":\"https:\/\/garanley.com\/#organization\"},\"potentialAction\":[{\"@type\":\"SearchAction\",\"target\":{\"@type\":\"EntryPoint\",\"urlTemplate\":\"https:\/\/garanley.com\/?s={search_term_string}\"},\"query-input\":\"required name=search_term_string\"}],\"inLanguage\":\"ca\"},{\"@type\":\"Organization\",\"@id\":\"https:\/\/garanley.com\/#organization\",\"name\":\"Garanley Abogados\",\"url\":\"https:\/\/garanley.com\/\",\"logo\":{\"@type\":\"ImageObject\",\"inLanguage\":\"ca\",\"@id\":\"https:\/\/garanley.com\/#\/schema\/logo\/image\/\",\"url\":\"https:\/\/garanley.com\/wp-content\/uploads\/Abogados-Barcelona-Garanley.jpg\",\"contentUrl\":\"https:\/\/garanley.com\/wp-content\/uploads\/Abogados-Barcelona-Garanley.jpg\",\"width\":320,\"height\":120,\"caption\":\"Garanley Abogados\"},\"image\":{\"@id\":\"https:\/\/garanley.com\/#\/schema\/logo\/image\/\"},\"sameAs\":[\"https:\/\/www.facebook.com\/Garanley\/\",\"https:\/\/x.com\/garanley\"]},{\"@type\":\"Person\",\"@id\":\"https:\/\/garanley.com\/#\/schema\/person\/bac4da30eb0dcea464e4bd7c078b142c\",\"name\":\"Garanley\",\"image\":{\"@type\":\"ImageObject\",\"inLanguage\":\"ca\",\"@id\":\"https:\/\/garanley.com\/#\/schema\/person\/image\/\",\"url\":\"https:\/\/secure.gravatar.com\/avatar\/36c8ab097c0a00e27519d278104329ce3c98379f20bb4c28590ee0c54be9162f?s=96&d=mm&r=g\",\"contentUrl\":\"https:\/\/secure.gravatar.com\/avatar\/36c8ab097c0a00e27519d278104329ce3c98379f20bb4c28590ee0c54be9162f?s=96&d=mm&r=g\",\"caption\":\"Garanley\"}}]}<\/script>\n<!-- \/ Yoast SEO plugin. -->","yoast_head_json":{"title":"Indemnitzaci\u00f3 per cervic\u00e0lgia o lumb\u00e0lgia postraum\u00e0tica | Garanley Advocats","robots":{"index":"index","follow":"follow","max-snippet":"max-snippet:-1","max-image-preview":"max-image-preview:large","max-video-preview":"max-video-preview:-1"},"canonical":"https:\/\/garanley.com\/ca\/accidentes-trafico\/indemnizacion-cervicalgia-lumbalgia-postraumatica\/","og_locale":"ca_ES","og_type":"article","og_title":"Indemnitzaci\u00f3 per cervic\u00e0lgia o lumb\u00e0lgia postraum\u00e0tica | Garanley Advocats","og_description":"Si pateixes una cervic\u00e0lgia o lumb\u00e0lgia postraum\u00e0tica a causa d&#8217;un accident de tr\u00e0nsit, de qu\u00e8 no ets culpable, tens dret a una indemnitzaci\u00f3 pels danys personals i materials soferts. Cervic\u00e0lgies i lumb\u00e0lgies postraum\u00e0tiques solen manifestar-se despr\u00e9s de cops per abast i suposen un impacte considerable a les companyies asseguradores, a causa de les indemnitzacions que &hellip; Indemnitzaci\u00f3 per cervic\u00e0lgia o lumb\u00e0lgia postraum\u00e0tica Read More \u00bb","og_url":"https:\/\/garanley.com\/accidentes-trafico\/indemnizacion-cervicalgia-lumbalgia-postraumatica\/","og_site_name":"Garanley Abogados","article_publisher":"https:\/\/www.facebook.com\/Garanley\/","article_published_time":"2018-02-14T15:02:50+00:00","article_modified_time":"2020-03-30T15:13:01+00:00","og_image":[{"width":810,"height":450,"url":"https:\/\/garanley.com\/wp-content\/uploads\/indemnizaci\u00f3n-cervicalgia-lumbalgia.jpg","type":"image\/jpeg"}],"author":"Garanley","twitter_card":"summary_large_image","twitter_creator":"@garanley","twitter_site":"@garanley","twitter_misc":{"Escrit per":"Garanley","Temps estimat de lectura":"4 minuts"},"schema":{"@context":"https:\/\/schema.org","@graph":[{"@type":"Article","@id":"https:\/\/garanley.com\/accidentes-trafico\/indemnizacion-cervicalgia-lumbalgia-postraumatica\/#article","isPartOf":{"@id":"https:\/\/garanley.com\/accidentes-trafico\/indemnizacion-cervicalgia-lumbalgia-postraumatica\/"},"author":{"name":"Garanley","@id":"https:\/\/garanley.com\/#\/schema\/person\/bac4da30eb0dcea464e4bd7c078b142c"},"headline":"Indemnitzaci\u00f3 per cervic\u00e0lgia o lumb\u00e0lgia postraum\u00e0tica","datePublished":"2018-02-14T15:02:50+00:00","dateModified":"2020-03-30T15:13:01+00:00","mainEntityOfPage":{"@id":"https:\/\/garanley.com\/accidentes-trafico\/indemnizacion-cervicalgia-lumbalgia-postraumatica\/"},"wordCount":816,"publisher":{"@id":"https:\/\/garanley.com\/#organization"},"image":{"@id":"https:\/\/garanley.com\/accidentes-trafico\/indemnizacion-cervicalgia-lumbalgia-postraumatica\/#primaryimage"},"thumbnailUrl":"https:\/\/garanley.com\/wp-content\/uploads\/indemnizaci\u00f3n-cervicalgia-lumbalgia.jpg","articleSection":["Accidents de tr\u00e0nsit"],"inLanguage":"ca"},{"@type":"WebPage","@id":"https:\/\/garanley.com\/accidentes-trafico\/indemnizacion-cervicalgia-lumbalgia-postraumatica\/","url":"https:\/\/garanley.com\/accidentes-trafico\/indemnizacion-cervicalgia-lumbalgia-postraumatica\/","name":"Indemnitzaci\u00f3 per cervic\u00e0lgia o lumb\u00e0lgia postraum\u00e0tica | Garanley Advocats","isPartOf":{"@id":"https:\/\/garanley.com\/#website"},"primaryImageOfPage":{"@id":"https:\/\/garanley.com\/accidentes-trafico\/indemnizacion-cervicalgia-lumbalgia-postraumatica\/#primaryimage"},"image":{"@id":"https:\/\/garanley.com\/accidentes-trafico\/indemnizacion-cervicalgia-lumbalgia-postraumatica\/#primaryimage"},"thumbnailUrl":"https:\/\/garanley.com\/wp-content\/uploads\/indemnizaci\u00f3n-cervicalgia-lumbalgia.jpg","datePublished":"2018-02-14T15:02:50+00:00","dateModified":"2020-03-30T15:13:01+00:00","breadcrumb":{"@id":"https:\/\/garanley.com\/accidentes-trafico\/indemnizacion-cervicalgia-lumbalgia-postraumatica\/#breadcrumb"},"inLanguage":"ca","potentialAction":[{"@type":"ReadAction","target":["https:\/\/garanley.com\/accidentes-trafico\/indemnizacion-cervicalgia-lumbalgia-postraumatica\/"]}]},{"@type":"ImageObject","inLanguage":"ca","@id":"https:\/\/garanley.com\/accidentes-trafico\/indemnizacion-cervicalgia-lumbalgia-postraumatica\/#primaryimage","url":"https:\/\/garanley.com\/wp-content\/uploads\/indemnizaci\u00f3n-cervicalgia-lumbalgia.jpg","contentUrl":"https:\/\/garanley.com\/wp-content\/uploads\/indemnizaci\u00f3n-cervicalgia-lumbalgia.jpg","width":810,"height":450,"caption":"Portada art\u00edculo de blog reza: 'Indemnizaci\u00f3n por cervicalgia o lumbalgia postraum\u00e1tica'"},{"@type":"BreadcrumbList","@id":"https:\/\/garanley.com\/accidentes-trafico\/indemnizacion-cervicalgia-lumbalgia-postraumatica\/#breadcrumb","itemListElement":[{"@type":"ListItem","position":1,"name":"Inicio","item":"https:\/\/garanley.com\/ca\/"},{"@type":"ListItem","position":2,"name":"Indemnitzaci\u00f3 per cervic\u00e0lgia o lumb\u00e0lgia postraum\u00e0tica"}]},{"@type":"WebSite","@id":"https:\/\/garanley.com\/#website","url":"https:\/\/garanley.com\/","name":"Garanley Abogados","description":"Despacho de Abogados en Barcelona","publisher":{"@id":"https:\/\/garanley.com\/#organization"},"potentialAction":[{"@type":"SearchAction","target":{"@type":"EntryPoint","urlTemplate":"https:\/\/garanley.com\/?s={search_term_string}"},"query-input":"required name=search_term_string"}],"inLanguage":"ca"},{"@type":"Organization","@id":"https:\/\/garanley.com\/#organization","name":"Garanley Abogados","url":"https:\/\/garanley.com\/","logo":{"@type":"ImageObject","inLanguage":"ca","@id":"https:\/\/garanley.com\/#\/schema\/logo\/image\/","url":"https:\/\/garanley.com\/wp-content\/uploads\/Abogados-Barcelona-Garanley.jpg","contentUrl":"https:\/\/garanley.com\/wp-content\/uploads\/Abogados-Barcelona-Garanley.jpg","width":320,"height":120,"caption":"Garanley Abogados"},"image":{"@id":"https:\/\/garanley.com\/#\/schema\/logo\/image\/"},"sameAs":["https:\/\/www.facebook.com\/Garanley\/","https:\/\/x.com\/garanley"]},{"@type":"Person","@id":"https:\/\/garanley.com\/#\/schema\/person\/bac4da30eb0dcea464e4bd7c078b142c","name":"Garanley","image":{"@type":"ImageObject","inLanguage":"ca","@id":"https:\/\/garanley.com\/#\/schema\/person\/image\/","url":"https:\/\/secure.gravatar.com\/avatar\/36c8ab097c0a00e27519d278104329ce3c98379f20bb4c28590ee0c54be9162f?s=96&d=mm&r=g","contentUrl":"https:\/\/secure.gravatar.com\/avatar\/36c8ab097c0a00e27519d278104329ce3c98379f20bb4c28590ee0c54be9162f?s=96&d=mm&r=g","caption":"Garanley"}}]}},"_links":{"self":[{"href":"https:\/\/garanley.com\/ca\/wp-json\/wp\/v2\/posts\/5576\/"}],"collection":[{"href":"https:\/\/garanley.com\/ca\/wp-json\/wp\/v2\/posts\/"}],"about":[{"href":"https:\/\/garanley.com\/ca\/wp-json\/wp\/v2\/types\/post\/"}],"author":[{"embeddable":true,"href":"https:\/\/garanley.com\/ca\/wp-json\/wp\/v2\/users\/9\/"}],"replies":[{"embeddable":true,"href":"https:\/\/garanley.com\/ca\/wp-json\/wp\/v2\/comments\/?post=5576"}],"version-history":[{"count":2,"href":"https:\/\/garanley.com\/ca\/wp-json\/wp\/v2\/posts\/5576\/revisions\/"}],"predecessor-version":[{"id":5589,"href":"https:\/\/garanley.com\/ca\/wp-json\/wp\/v2\/posts\/5576\/revisions\/5589\/"}],"wp:featuredmedia":[{"embeddable":true,"href":"https:\/\/garanley.com\/ca\/wp-json\/wp\/v2\/media\/2532\/"}],"wp:attachment":[{"href":"https:\/\/garanley.com\/ca\/wp-json\/wp\/v2\/media\/?parent=5576"}],"wp:term":[{"taxonomy":"category","embeddable":true,"href":"https:\/\/garanley.com\/ca\/wp-json\/wp\/v2\/categories\/?post=5576"},{"taxonomy":"post_tag","embeddable":true,"href":"https:\/\/garanley.com\/ca\/wp-json\/wp\/v2\/tags\/?post=5576"}],"curies":[{"name":"wp","href":"https:\/\/api.w.org\/{rel}","templated":true}]}}