{"id":5574,"date":"2018-02-15T15:00:34","date_gmt":"2018-02-15T14:00:34","guid":{"rendered":"http:\/\/garanley.com\/?p=5574"},"modified":"2020-03-30T17:09:58","modified_gmt":"2020-03-30T15:09:58","slug":"barem-indemnitzacio-accident-transit","status":"publish","type":"post","link":"https:\/\/garanley.com\/ca\/accidents-transit\/barem-indemnitzacio-accident-transit\/","title":{"rendered":"Barem d&#8217;indemnitzaci\u00f3 per accident de tr\u00e0nsit"},"content":{"rendered":"<div style=\"display: none;\"\n    class=\"kk-star-ratings kksr-valign-top kksr-align-right kksr-disabled\"\n    data-id=\"5574\"\n    data-slug=\"\">\n    <div class=\"kksr-stars\">\n    <div class=\"kksr-stars-inactive\">\n            <div class=\"kksr-star\" data-star=\"1\">\n            <div class=\"kksr-icon\" style=\"width: px; height: px;\"><\/div>\n        <\/div>\n            <div class=\"kksr-star\" data-star=\"2\">\n            <div class=\"kksr-icon\" style=\"width: px; height: px;\"><\/div>\n        <\/div>\n            <div class=\"kksr-star\" data-star=\"3\">\n            <div class=\"kksr-icon\" style=\"width: px; height: px;\"><\/div>\n        <\/div>\n            <div class=\"kksr-star\" data-star=\"4\">\n            <div class=\"kksr-icon\" style=\"width: px; height: px;\"><\/div>\n        <\/div>\n            <div class=\"kksr-star\" data-star=\"5\">\n            <div class=\"kksr-icon\" style=\"width: px; height: px;\"><\/div>\n        <\/div>\n    <\/div>\n    <div class=\"kksr-stars-active\" style=\"width: 0px;\">\n            <div class=\"kksr-star\">\n            <div class=\"kksr-icon\" style=\"width: px; height: px;\"><\/div>\n        <\/div>\n            <div class=\"kksr-star\">\n            <div class=\"kksr-icon\" style=\"width: px; height: px;\"><\/div>\n        <\/div>\n            <div class=\"kksr-star\">\n            <div class=\"kksr-icon\" style=\"width: px; height: px;\"><\/div>\n        <\/div>\n            <div class=\"kksr-star\">\n            <div class=\"kksr-icon\" style=\"width: px; height: px;\"><\/div>\n        <\/div>\n            <div class=\"kksr-star\">\n            <div class=\"kksr-icon\" style=\"width: px; height: px;\"><\/div>\n        <\/div>\n    <\/div>\n<\/div>\n    <div class=\"kksr-legend\">\n            <span class=\"kksr-muted\"><\/span>\n    <\/div>\n<\/div>\n<p><strong>El barem d&#8217;indemnitzaci\u00f3 per accident de tr\u00e0nsit<\/strong> \u00e9s l&#8217;indicador que ens ajuda a saber quina pot ser la quantia que rebrem en el cas que patim un accident de tr\u00e0nsit i reclamem una indemnitzaci\u00f3.<\/p>\n<p>Tots sabem que els accidents de tr\u00e0nsit poden tenir conseq\u00fc\u00e8ncies grav\u00edssimes i que aquestes conseq\u00fc\u00e8ncies pot repercutir sobre nosaltres de forma molt negativa. Per aix\u00f2, en aquest article parlarem de tot el necessari perqu\u00e8 comprenguis quins drets tens en cas de patir un accident d&#8217;aquestes caracter\u00edstiques.<\/p>\n<hr>\n<div id=\"ez-toc-container\" class=\"ez-toc-v2_0_17 counter-hierarchy counter-numeric ez-toc-transparent\">\n<div class=\"ez-toc-title-container\">\n<p class=\"ez-toc-title\">Resumen del art&iacute;culo<\/p>\n<span class=\"ez-toc-title-toggle\"><a class=\"ez-toc-pull-right ez-toc-btn ez-toc-btn-xs ez-toc-btn-default ez-toc-toggle\" style=\"display: none;\"><i class=\"ez-toc-glyphicon ez-toc-icon-toggle\"><\/i><\/a><\/span><\/div>\n<nav><ul class=\"ez-toc-list ez-toc-list-level-1\"><li class=\"ez-toc-page-1 ez-toc-heading-level-2\"><a class=\"ez-toc-link ez-toc-heading-1\" href=\"https:\/\/garanley.com\/ca\/accidents-transit\/barem-indemnitzacio-accident-transit\/#que-es-i-per-a-que-serveix-el-barem-dindemnitzacio-per-accident-de-transit\" title=\"Qu\u00e8 \u00e9s i per a qu\u00e8 serveix el barem d&#8217;indemnitzaci\u00f3 per accident de tr\u00e0nsit?\">Qu\u00e8 \u00e9s i per a qu\u00e8 serveix el barem d&#8217;indemnitzaci\u00f3 per accident de tr\u00e0nsit?<\/a><\/li><li class=\"ez-toc-page-1 ez-toc-heading-level-2\"><a class=\"ez-toc-link ez-toc-heading-2\" href=\"https:\/\/garanley.com\/ca\/accidents-transit\/barem-indemnitzacio-accident-transit\/#quanties-dindemnitzacions-per-danys-i-perjudicis-causats-en-accidents-de-circulacio\" title=\"Quanties d&#8217;indemnitzacions per danys i perjudicis causats en accidents de circulaci\u00f3\">Quanties d&#8217;indemnitzacions per danys i perjudicis causats en accidents de circulaci\u00f3<\/a><ul class=\"ez-toc-list-level-3\"><li class=\"ez-toc-heading-level-3\"><a class=\"ez-toc-link ez-toc-heading-3\" href=\"https:\/\/garanley.com\/ca\/accidents-transit\/barem-indemnitzacio-accident-transit\/#factors-a-considerar-per-calcular-una-indemnitzacio-per-accident-de-transit\" title=\"Factors a considerar per calcular una indemnitzaci\u00f3 per accident de tr\u00e0nsit\">Factors a considerar per calcular una indemnitzaci\u00f3 per accident de tr\u00e0nsit<\/a><ul class=\"ez-toc-list-level-4\"><li class=\"ez-toc-heading-level-4\"><a class=\"ez-toc-link ez-toc-heading-4\" href=\"https:\/\/garanley.com\/ca\/accidents-transit\/barem-indemnitzacio-accident-transit\/#1-incapacitat-temporal\" title=\"1. Incapacitat temporal\">1. Incapacitat temporal<\/a><\/li><li class=\"ez-toc-page-1 ez-toc-heading-level-4\"><a class=\"ez-toc-link ez-toc-heading-5\" href=\"https:\/\/garanley.com\/ca\/accidents-transit\/barem-indemnitzacio-accident-transit\/#2-valoracio-de-sequeles\" title=\"2. Valoraci\u00f3 de seq\u00fceles\">2. Valoraci\u00f3 de seq\u00fceles<\/a><\/li><li class=\"ez-toc-page-1 ez-toc-heading-level-4\"><a class=\"ez-toc-link ez-toc-heading-6\" href=\"https:\/\/garanley.com\/ca\/accidents-transit\/barem-indemnitzacio-accident-transit\/#3-incapacitat-permanent\" title=\"3. Incapacitat permanent\">3. Incapacitat permanent<\/a><\/li><li class=\"ez-toc-page-1 ez-toc-heading-level-4\"><a class=\"ez-toc-link ez-toc-heading-7\" href=\"https:\/\/garanley.com\/ca\/accidents-transit\/barem-indemnitzacio-accident-transit\/#4-danys-economics\" title=\"4. Danys econ\u00f2mics\">4. Danys econ\u00f2mics<\/a><\/li><\/ul><\/li><li class=\"ez-toc-page-1 ez-toc-heading-level-3\"><a class=\"ez-toc-link ez-toc-heading-8\" href=\"https:\/\/garanley.com\/ca\/accidents-transit\/barem-indemnitzacio-accident-transit\/#els-terminis-per-a-reclamar-la-indemnitzacio-son-molt-importants\" title=\"Els terminis per a reclamar la indemnitzaci\u00f3 s\u00f3n molt importants\">Els terminis per a reclamar la indemnitzaci\u00f3 s\u00f3n molt importants<\/a><\/li><li class=\"ez-toc-page-1 ez-toc-heading-level-3\"><a class=\"ez-toc-link ez-toc-heading-9\" href=\"https:\/\/garanley.com\/ca\/accidents-transit\/barem-indemnitzacio-accident-transit\/#assegurat-assessorar-adequadament\" title=\"Assegura&#8217;t assessorar adequadament\">Assegura&#8217;t assessorar adequadament<\/a><\/li><\/ul><\/li><\/ul><\/nav><\/div>\n<h2><span class=\"ez-toc-section\" id=\"que-es-i-per-a-que-serveix-el-barem-dindemnitzacio-per-accident-de-transit\"><\/span>Qu\u00e8 \u00e9s i per a qu\u00e8 serveix el barem d&#8217;indemnitzaci\u00f3 per accident de tr\u00e0nsit?<span class=\"ez-toc-section-end\"><\/span><\/h2>\n<p>Per entendre a la perfecci\u00f3 aquest article, has de saber qu\u00e8 \u00e9s un barem d&#8217;indemnitzaci\u00f3. Per aix\u00f2, hem de explicar-te que<strong> les indemnitzacions es calculen en base a una s\u00e8rie de taules que<\/strong> <strong>l&#8217;organisme legislador s&#8217;actualitza de forma anual.<\/strong> En aquestes taules, es troben reflectides les quanties que pertanyen a cada perjudicat per un accident de tr\u00e0nsit.<\/p>\n<p>Aquestes quanties actuen com una guia mitjan\u00e7ant la qual podrem descobrir quina \u00e9s la quantitat de diners que podem arribar a rebre si hem estat perjudicats per un accident de tr\u00e0nsit.<\/p>\n<p>En el cas del barem aprovat per 2017, hi ha difer\u00e8ncies notables pel que fa a el de l&#8217;any anterior. D&#8217;aquesta manera, el nou barem t\u00e9 en compte el lucre cessant, que explicarem en els seg\u00fcents punts d&#8217;aquest article. I tampoc es tindr\u00e0 en compte la culpa compartida a partir d&#8217;ara. \u00c9s a dir, que ara, en el cas que la v\u00edctima tingui una mica de responsabilitat en l&#8217;accident, tindr\u00e0 dret a rebre el 100% de la indemnitzaci\u00f3 si \u00e9s que l&#8217;altra part tamb\u00e9 ha estat responsable.<\/p>\n<p>Aix\u00ed doncs, o b\u00e9 la v\u00edctima \u00e9s l&#8217;\u00fanica responsable de l&#8217;accident i no rep cap indemnitzaci\u00f3, o b\u00e9 el responsable \u00e9s l&#8217;altra part i la v\u00edctima rep la totalitat de la indemnizaci\u00f3n.arte tamb\u00e9 ha estat responsable<\/p>\n<p>Per tant, amb aquesta actualitzaci\u00f3 del barem d&#8217;indemnitzaci\u00f3 per accident de tr\u00e0nsit de 2017 la v\u00edctima es troba m\u00e9s recolzada i protegida per la llei.<\/p>\n<h2><span class=\"ez-toc-section\" id=\"quanties-dindemnitzacions-per-danys-i-perjudicis-causats-en-accidents-de-circulacio\"><\/span>Quanties d&#8217;indemnitzacions per danys i perjudicis causats en accidents de circulaci\u00f3<span class=\"ez-toc-section-end\"><\/span><\/h2>\n<p>En el nou barem de 2017, pel que fa a les indemnitzacions, hi ha diversos aspectes a tenir en compte. Cal destacar que les quanties en tots els casos han augmentat notablement. Aix\u00ed doncs, <span style=\"color: #33cccc;\">les indemnitzacions per mort de l&#8217;afectat<\/span> augmenten en un 50%. En el cas d&#8217;aquelles indemnitzacions que es deuen a seq\u00fceles ha augmentat un 35% de mitjana. I en el cas de les indemnitzacions per lesions, la quantia s&#8217;ha incrementat en un 12,8%.<\/p>\n<p>No obstant aix\u00f2, les indemnitzacions que fan refer\u00e8ncia als dies impeditius i no impeditius les quanties s&#8217;han vist redu\u00efdes. Tot i que no \u00e9s un descens massa pronunciat, aquesta quantitat ha baixat, cosa que pot perjudicar les indemnitzacions d&#8217;accidents lleus que no puguin acollir-se a mort, seq\u00fceles o lesions.<\/p>\n<p>A l&#8217;hora de con\u00e8ixer la quantitat exacta que et pertany si has patit un accident de tr\u00e0nsit, entren en joc multitud de factors. Per aix\u00f2, en el seg\u00fcent punt anem a enumerar i explicar-los perqu\u00e8 no et c\u00e0piga cap dubte. A m\u00e9s, hem de fer \u00e8mfasi que tots aquests factors influeixen i et seran requerits a l&#8217;hora d&#8217;utilitzar una <strong>calculadora d&#8217;indemnizacion per accident de tr\u00e0nsit.<\/strong><\/p>\n<h3><span class=\"ez-toc-section\" id=\"factors-a-considerar-per-calcular-una-indemnitzacio-per-accident-de-transit\"><\/span>Factors a considerar per calcular una indemnitzaci\u00f3 per accident de tr\u00e0nsit<span class=\"ez-toc-section-end\"><\/span><\/h3>\n<p>Aquests factors que es tenen en compte s\u00f3n d&#8217;\u00edndole temporal i econ\u00f2mics. Per descomptat, tamb\u00e9 es valoren els danys que hagis pogut patir en <strong>l&#8217;accident de circulaci\u00f3<\/strong>, aix\u00ed com les possibles seq\u00fceles que puguin quedar-te amb motiu d&#8217;aquest accident.<\/p>\n<p>D&#8217;altra banda, depenent de el tipus de lesi\u00f3 que pateixis, tindr\u00e0s dret a una indemnitzaci\u00f3 o una altra, ja que no es considera de la mateixa manera una lesi\u00f3 al cap o l&#8217;esquena que al bra\u00e7 o la cama.<\/p>\n<h4 style=\"text-align: left;\"><span class=\"ez-toc-section\" id=\"1-incapacitat-temporal\"><\/span>1. Incapacitat temporal<span class=\"ez-toc-section-end\"><\/span><\/h4>\n<p>La incapacitat temporal fa refer\u00e8ncia a el per\u00edode de temps que transcorre entre que es produeix l&#8217;accident de tr\u00e0nsit i la persona afectada es recupera de les lesions o, en cas que no es recuperi perqu\u00e8 li quedin seq\u00fceles, aquestes s&#8217;estabilitzin. La quantia que cobrar\u00e0s per aquest tipus d&#8217;incapacitat dependr\u00e0 dels dies d&#8217;hospitalitzaci\u00f3, els dies impeditius i els no impeditius. Aquests conceptes s&#8217;expliquen a continuaci\u00f3.<\/p>\n<h5 style=\"text-align: center;\">Dies d&#8217;hospitalitzaci\u00f3<\/h5>\n<p>Segons el barem de 2017, per cada dia que la persona passi hospitalitzada tindr\u00e0 dret a cobrar 75,18 euros. Cal destacar que en l&#8217;actualitzaci\u00f3 del barem duta a terme el 2015, el pagament per cada dia que la v\u00edctima pass\u00e9s hospitalitzada era de 71,84 euros. Aix\u00ed doncs, la quantia ha augmentat. Tot i ser un petit augment, quan es tracta d&#8217;una lesi\u00f3 greu en la que els dies d&#8217;hospitalitzaci\u00f3 s\u00f3n nombrosos, la difer\u00e8ncia \u00e9s for\u00e7a elevada en comparaci\u00f3 amb el barem anterior.<\/p>\n<p>Cal destacar que el nou barem s&#8217;ha incl\u00f2s una matisaci\u00f3 molt important, que \u00e9s el fet que l&#8217;hospitalitzaci\u00f3 es consideri greu o molt greu. En el cas dels dies d&#8217;hospitalitzaci\u00f3 que es classifiquin com a molt greus, la indemnitzaci\u00f3 per cada dia d&#8217;estada hospital\u00e0ria \u00e9s de 100,25 euros.<\/p>\n<h5 style=\"text-align: center;\">Dies impeditius<\/h5>\n<p>Els dies impeditius, coneguts fins ara per aquest nom, passen a denominar-se dies de perjudici personal particular moderats. I, enfront de la quantia de 58,41 euros que s&#8217;atorgava en el barem de 2015, ara passa a indemnitzar amb 52,13. De la mateixa manera que ocorre en el cas dels dies d&#8217;hospitalitzaci\u00f3, la quantitat a percebre s&#8217;ha vist disminu\u00efda.<\/p>\n<h5 style=\"text-align: center;\">Dies no impeditius<\/h5>\n<p>Aquests es denominen en l&#8217;actualitzaci\u00f3 de el barem com a dies de perjudici b\u00e0sic i la quantia a pagar tamb\u00e9 ha disminu\u00eft. En aquest cas, davant els 31,43 euros que es cobraven segons el barem de 2015, el 2017 es cobrarien 30,075.<\/p>\n<h4 style=\"text-align: left;\"><span class=\"ez-toc-section\" id=\"2-valoracio-de-sequeles\"><\/span>2. Valoraci\u00f3 de seq\u00fceles<span class=\"ez-toc-section-end\"><\/span><\/h4>\n<p>Has de tenir clar que per deduir que un dany \u00e9s una seq\u00fcela, ha de perdurar tot i que el temps de recuperaci\u00f3 dels danys de l&#8217;accident hagi acabat. Les seq\u00fceles poden ser f\u00edsiques o psicol\u00f2giques i tots dos tipus tenen el seu corresponent indemnitzaci\u00f3.<\/p>\n<p>Es considera seq\u00fcela tot possible dany que sigui conseq\u00fc\u00e8ncia de l&#8217;accident i que segons l&#8217;opini\u00f3 d&#8217;un metge no vagi a curar-se del tot. Aix\u00ed doncs, les <strong>seq\u00fceles f\u00edsiques<\/strong> serien qualsevol p\u00e8rdua anat\u00f2mica o funcional; aix\u00ed mateix, dolors i mol\u00e8sties es considerarien tamb\u00e9 seq\u00fceles i serien susceptibles d&#8217;indemnitzaci\u00f3. S&#8217;estableix una jerarquia pel que fa a la part de el cos afectada, de manera que cap, cara i tronc s\u00f3n les parts m\u00e9s protegides i millor indemnitzades.<\/p>\n<p>Per calcular la quantia que es cobrar\u00e0 per una seq\u00fcela, caldr\u00e0 rec\u00f3rrer obligat\u00f2riament a un p\u00e8rit metge. I ser\u00e0 aquesta figura la que decidir\u00e0 la quantia que mereix el dany irreversible que hagi causat l&#8217;accident.<\/p>\n<p>Els <strong>perjudicis est\u00e8tics<\/strong> s\u00f3n aquells canvis en l&#8217;aparen\u00e7a de l&#8217;accidentat que afecten negativament a la seva imatge. Aquests perjudicis fan refer\u00e8ncia tant a la seva fisonomia com a la seva mobilitat. En aquests casos, la seq\u00fcela es valora de 0 a 50 punts i, aproximadament, solen concedir 100 euros per cada punt. No obstant aix\u00f2, tot dependr\u00e0 del perit m\u00e8dic.<\/p>\n<p>Els perjudicis morals s\u00f3n els danys no visibles. \u00c9s a dir, les possibles <strong>seq\u00fceles psicol\u00f2giques<\/strong> percebudes per la mateixa v\u00edctima, aix\u00ed com per un psic\u00f2leg o un psiquiatre. De nou, ser\u00e0 un perit el que estableixi la indemnitzaci\u00f3 a rebre en cada cas concret.<\/p>\n<h4 style=\"text-align: left;\"><span class=\"ez-toc-section\" id=\"3-incapacitat-permanent\"><\/span>3. Incapacitat permanent<span class=\"ez-toc-section-end\"><\/span><\/h4>\n<p>La incapacitat permanent es considera com a tal un cop que l&#8217;afectat acaba el seu tractament hospitalari i com a conseq\u00fc\u00e8ncia de l&#8217;accident no pot tornar a la seva activitat laboral. Aix\u00f2 pot ser degut a algun perjudici en la seva anatomia o per danys funcionals que li impedeixin reprendre la tasca laboral a la qual es dedicava en el moment de l&#8217;accident.<\/p>\n<p>La determinaci\u00f3 d&#8217;aquest tipus d&#8217;incapacitat requereix, en primer lloc, la superaci\u00f3 de el temps en qu\u00e8 un impediment pot considerar capacitat temporal. Despr\u00e9s d&#8217;aix\u00f2, \u00e9s competent la Direcci\u00f3 Provincial de l&#8217;Institut de la Seguretat Social del seguiment dut a terme pels<strong> equips<\/strong> <strong>de valoraci\u00f3 d&#8217;incapacitats.<\/strong><\/p>\n<p>No obstant aix\u00f2, perqu\u00e8 tinguis una idea orientativa, us informem que aquest tipus d&#8217;indemnitzacions es calculen a trav\u00e9s de punts. \u00c9s a dir, depenent del motiu pel qual et doni la incapacitat permanent, rebr\u00e0s m\u00e9s o menys punts. Cada punt est\u00e0 valorat en 1.105,04 euros. Per exemple, si pateixes una limitaci\u00f3 en la mobilitat de la columna, es valora amb 7 punts. I a cada lesi\u00f3 incapacitadora se li atorguen m\u00e9s o menys punts. Cal destacar, a m\u00e9s, que normalment no es tracta d&#8217;un sol motiu, sin\u00f3 que \u00e9s la combinaci\u00f3 de diversos la que determina la incapacitat permanent. Per aix\u00f2, aquest tipus d&#8217;indemnitzacions s\u00f3n tan elevades.<\/p>\n<h4 style=\"text-align: left;\"><span class=\"ez-toc-section\" id=\"4-danys-economics\"><\/span>4. Danys econ\u00f2mics<span class=\"ez-toc-section-end\"><\/span><\/h4>\n<p>Pel que fa als danys econ\u00f2mics, hem de destacar que aquests tenen en compte tant el dany emergent com el lucre cessant. A causa de que aquests dos conceptes no s\u00f3n massa coneguts, donarem una definici\u00f3 i aproximaci\u00f3 cap als dos perqu\u00e8 puguis entendre millor els teus drets a l&#8217;hora de reclamar.<\/p>\n<p>El<strong> dany emergent<\/strong> \u00e9s el valor o preu que t\u00e9 un b\u00e9 material que ha patit algun tipus de dany o deteriorament. En el cas d&#8217;un accident de tr\u00e0nsit, el causant dels fets haur\u00e0 de respondre econ\u00f2micament de tots els b\u00e9ns de la v\u00edctima que hagi destru\u00eft o deteriorat.<\/p>\n<p>Cal assenyalar que el barem d&#8217;Indemnitzaci\u00f3 publicat al BOE el 2017 t\u00e9 en compte el <strong>lucre<\/strong> <strong>cessant,<\/strong> \u00e9s a dir, el dany patrimonial que es produeix sobre la v\u00edctima&nbsp; de l&#8217;accident o els seus familiars propers causa de l&#8217;accident. D&#8217;aquesta manera, en la indemnitzaci\u00f3 per danys econ\u00f2mics, a partir d&#8217;aquest moment s\u00ed es t\u00e9 en compte la p\u00e8rdua de guanys o utilitat econ\u00f2mica que pateixi l&#8217;afectat.<\/p>\n<p>Per tant, si a causa dels danys f\u00edsics i psicol\u00f2gics la capacitat econ\u00f2mica de l&#8217;afectat o l&#8217;afectada es veu minvada o no es mant\u00e9 com hagu\u00e9s, aix\u00f2 podria incloure en el cas que es demani una indemnitzaci\u00f3.<\/p>\n<p>Un exemple pot ser la reclamaci\u00f3 que interposaria una persona aut\u00f2noma que pat\u00eds un accident i aix\u00f2 li imped\u00eds anar a treballar i, per tant, guanyar diners. Aquesta quantia podria ser perfectament reclamada per l&#8217;afectat en q\u00fcesti\u00f3.<\/p>\n<h3><span class=\"ez-toc-section\" id=\"els-terminis-per-a-reclamar-la-indemnitzacio-son-molt-importants\"><\/span>Els terminis per a reclamar la indemnitzaci\u00f3 s\u00f3n molt importants<span class=\"ez-toc-section-end\"><\/span><\/h3>\n<p>Si has patit un accident de tr\u00e0nsit i est\u00e0s pensant en demanar una indemnitzaci\u00f3, heu de tenir en compte que hi ha un termini m\u00e0xim per fer-ho. Per aix\u00f2, l&#8217;ideal \u00e9s que expliquis amb assessorament professional en qu\u00e8 siguis informat sobre el temps de qu\u00e8 disposes.<\/p>\n<p>No ser\u00e0s el primer ni l&#8217;\u00faltim que perd el seu dret a reclamar per estar fora de el termini estipulat. Per aix\u00f2, hem volgut deixar un petit buit en aquest article per fer refer\u00e8ncia als terminis.<\/p>\n<p>Es pot denunciar per la <strong>via civil en el termini d&#8217;un any.<\/strong><\/p>\n<h3><span class=\"ez-toc-section\" id=\"assegurat-assessorar-adequadament\"><\/span>Assegura&#8217;t assessorar adequadament<span class=\"ez-toc-section-end\"><\/span><\/h3>\n<p>Com has pogut observar, hi ha una gran quantitat de factors que afecten a la indemnitzaci\u00f3 que pots arribar a cobrar. El m\u00e9s normal \u00e9s que estiguis una mica perdut pel que fa a el<strong> barem<\/strong> <strong>d&#8217;indemnitzaci\u00f3 per accident de tr\u00e0nsit<\/strong> i, per aix\u00f2, l&#8217;ideal en aquests casos \u00e9s que busquis assessorament professional. Posa&#8217;t en contacte amb els <span style=\"color: #33cccc;\">nostres advocats<\/span> <span style=\"color: #33cccc;\">especialistes en accidents de tr\u00e0nsit<\/span>, ja que no has de perdre de vista que et jugues molts diners i que fer-ho tot de manera mida i amb la llei per davant \u00e9s fonamental per a rebre la quantia que realment et mereixes.<\/p>\n","protected":false},"excerpt":{"rendered":"<p>El barem d&#8217;indemnitzaci\u00f3 per accident de tr\u00e0nsit \u00e9s l&#8217;indicador que ens ajuda a saber quina pot ser la quantia que rebrem en el cas que patim un accident de tr\u00e0nsit i reclamem una indemnitzaci\u00f3. Tots sabem que els accidents de tr\u00e0nsit poden tenir conseq\u00fc\u00e8ncies grav\u00edssimes i que aquestes conseq\u00fc\u00e8ncies pot repercutir sobre nosaltres de forma &hellip;<\/p>\n<p class=\"read-more\"> <a class=\"\" href=\"https:\/\/garanley.com\/ca\/accidents-transit\/barem-indemnitzacio-accident-transit\/\"> <span class=\"screen-reader-text\">Barem d&#8217;indemnitzaci\u00f3 per accident de tr\u00e0nsit<\/span> Read More \u00bb<\/a><\/p>\n","protected":false},"author":9,"featured_media":0,"comment_status":"closed","ping_status":"open","sticky":false,"template":"","format":"standard","meta":{"_monsterinsights_skip_tracking":false,"_monsterinsights_sitenote_active":false,"_monsterinsights_sitenote_note":"","_monsterinsights_sitenote_category":0,"footnotes":""},"categories":[16],"tags":[],"class_list":["post-5574","post","type-post","status-publish","format-standard","hentry","category-accidents-transit"],"yoast_head":"<!-- This site is optimized with the Yoast SEO plugin v23.2 - https:\/\/yoast.com\/wordpress\/plugins\/seo\/ -->\n<title>Barem d&#039;indemnitzaci\u00f3 per accident de tr\u00e0nsit | Garanley Advocats<\/title>\n<meta name=\"robots\" content=\"index, follow, max-snippet:-1, max-image-preview:large, max-video-preview:-1\" \/>\n<link rel=\"canonical\" href=\"https:\/\/garanley.com\/ca\/accidentes-trafico\/baremo-indemnizacion\/\" \/>\n<meta property=\"og:locale\" content=\"ca_ES\" \/>\n<meta property=\"og:type\" content=\"article\" \/>\n<meta property=\"og:title\" content=\"Barem d&#039;indemnitzaci\u00f3 per accident de tr\u00e0nsit | Garanley Advocats\" \/>\n<meta property=\"og:description\" content=\"El barem d&#8217;indemnitzaci\u00f3 per accident de tr\u00e0nsit \u00e9s l&#8217;indicador que ens ajuda a saber quina pot ser la quantia que rebrem en el cas que patim un accident de tr\u00e0nsit i reclamem una indemnitzaci\u00f3. Tots sabem que els accidents de tr\u00e0nsit poden tenir conseq\u00fc\u00e8ncies grav\u00edssimes i que aquestes conseq\u00fc\u00e8ncies pot repercutir sobre nosaltres de forma &hellip; Barem d&#8217;indemnitzaci\u00f3 per accident de tr\u00e0nsit Read More \u00bb\" \/>\n<meta property=\"og:url\" content=\"https:\/\/garanley.com\/accidentes-trafico\/baremo-indemnizacion\/\" \/>\n<meta property=\"og:site_name\" content=\"Garanley Abogados\" \/>\n<meta property=\"article:publisher\" content=\"https:\/\/www.facebook.com\/Garanley\/\" \/>\n<meta property=\"article:published_time\" content=\"2018-02-15T14:00:34+00:00\" \/>\n<meta property=\"article:modified_time\" content=\"2020-03-30T15:09:58+00:00\" \/>\n<meta property=\"og:image\" content=\"https:\/\/garanley.com\/wp-content\/uploads\/1438655.png\" \/>\n\t<meta property=\"og:image:width\" content=\"290\" \/>\n\t<meta property=\"og:image:height\" content=\"190\" \/>\n\t<meta property=\"og:image:type\" content=\"image\/png\" \/>\n<meta name=\"author\" content=\"Garanley\" \/>\n<meta name=\"twitter:card\" content=\"summary_large_image\" \/>\n<meta name=\"twitter:creator\" content=\"@garanley\" \/>\n<meta name=\"twitter:site\" content=\"@garanley\" \/>\n<meta name=\"twitter:label1\" content=\"Escrit per\" \/>\n\t<meta name=\"twitter:data1\" content=\"Garanley\" \/>\n\t<meta name=\"twitter:label2\" content=\"Temps estimat de lectura\" \/>\n\t<meta name=\"twitter:data2\" content=\"10 minuts\" \/>\n<script type=\"application\/ld+json\" class=\"yoast-schema-graph\">{\"@context\":\"https:\/\/schema.org\",\"@graph\":[{\"@type\":\"Article\",\"@id\":\"https:\/\/garanley.com\/accidentes-trafico\/baremo-indemnizacion\/#article\",\"isPartOf\":{\"@id\":\"https:\/\/garanley.com\/accidentes-trafico\/baremo-indemnizacion\/\"},\"author\":{\"name\":\"Garanley\",\"@id\":\"https:\/\/garanley.com\/#\/schema\/person\/bac4da30eb0dcea464e4bd7c078b142c\"},\"headline\":\"Barem d&#8217;indemnitzaci\u00f3 per accident de tr\u00e0nsit\",\"datePublished\":\"2018-02-15T14:00:34+00:00\",\"dateModified\":\"2020-03-30T15:09:58+00:00\",\"mainEntityOfPage\":{\"@id\":\"https:\/\/garanley.com\/accidentes-trafico\/baremo-indemnizacion\/\"},\"wordCount\":1960,\"publisher\":{\"@id\":\"https:\/\/garanley.com\/#organization\"},\"articleSection\":[\"Accidents de tr\u00e0nsit\"],\"inLanguage\":\"ca\"},{\"@type\":\"WebPage\",\"@id\":\"https:\/\/garanley.com\/accidentes-trafico\/baremo-indemnizacion\/\",\"url\":\"https:\/\/garanley.com\/accidentes-trafico\/baremo-indemnizacion\/\",\"name\":\"Barem d'indemnitzaci\u00f3 per accident de tr\u00e0nsit | Garanley Advocats\",\"isPartOf\":{\"@id\":\"https:\/\/garanley.com\/#website\"},\"datePublished\":\"2018-02-15T14:00:34+00:00\",\"dateModified\":\"2020-03-30T15:09:58+00:00\",\"breadcrumb\":{\"@id\":\"https:\/\/garanley.com\/accidentes-trafico\/baremo-indemnizacion\/#breadcrumb\"},\"inLanguage\":\"ca\",\"potentialAction\":[{\"@type\":\"ReadAction\",\"target\":[\"https:\/\/garanley.com\/accidentes-trafico\/baremo-indemnizacion\/\"]}]},{\"@type\":\"BreadcrumbList\",\"@id\":\"https:\/\/garanley.com\/accidentes-trafico\/baremo-indemnizacion\/#breadcrumb\",\"itemListElement\":[{\"@type\":\"ListItem\",\"position\":1,\"name\":\"Inicio\",\"item\":\"https:\/\/garanley.com\/ca\/\"},{\"@type\":\"ListItem\",\"position\":2,\"name\":\"Barem d&#8217;indemnitzaci\u00f3 per accident de tr\u00e0nsit\"}]},{\"@type\":\"WebSite\",\"@id\":\"https:\/\/garanley.com\/#website\",\"url\":\"https:\/\/garanley.com\/\",\"name\":\"Garanley Abogados\",\"description\":\"Despacho de Abogados en Barcelona\",\"publisher\":{\"@id\":\"https:\/\/garanley.com\/#organization\"},\"potentialAction\":[{\"@type\":\"SearchAction\",\"target\":{\"@type\":\"EntryPoint\",\"urlTemplate\":\"https:\/\/garanley.com\/?s={search_term_string}\"},\"query-input\":\"required name=search_term_string\"}],\"inLanguage\":\"ca\"},{\"@type\":\"Organization\",\"@id\":\"https:\/\/garanley.com\/#organization\",\"name\":\"Garanley Abogados\",\"url\":\"https:\/\/garanley.com\/\",\"logo\":{\"@type\":\"ImageObject\",\"inLanguage\":\"ca\",\"@id\":\"https:\/\/garanley.com\/#\/schema\/logo\/image\/\",\"url\":\"https:\/\/garanley.com\/wp-content\/uploads\/Abogados-Barcelona-Garanley.jpg\",\"contentUrl\":\"https:\/\/garanley.com\/wp-content\/uploads\/Abogados-Barcelona-Garanley.jpg\",\"width\":320,\"height\":120,\"caption\":\"Garanley Abogados\"},\"image\":{\"@id\":\"https:\/\/garanley.com\/#\/schema\/logo\/image\/\"},\"sameAs\":[\"https:\/\/www.facebook.com\/Garanley\/\",\"https:\/\/x.com\/garanley\"]},{\"@type\":\"Person\",\"@id\":\"https:\/\/garanley.com\/#\/schema\/person\/bac4da30eb0dcea464e4bd7c078b142c\",\"name\":\"Garanley\",\"image\":{\"@type\":\"ImageObject\",\"inLanguage\":\"ca\",\"@id\":\"https:\/\/garanley.com\/#\/schema\/person\/image\/\",\"url\":\"https:\/\/secure.gravatar.com\/avatar\/36c8ab097c0a00e27519d278104329ce3c98379f20bb4c28590ee0c54be9162f?s=96&d=mm&r=g\",\"contentUrl\":\"https:\/\/secure.gravatar.com\/avatar\/36c8ab097c0a00e27519d278104329ce3c98379f20bb4c28590ee0c54be9162f?s=96&d=mm&r=g\",\"caption\":\"Garanley\"}}]}<\/script>\n<!-- \/ Yoast SEO plugin. -->","yoast_head_json":{"title":"Barem d'indemnitzaci\u00f3 per accident de tr\u00e0nsit | Garanley Advocats","robots":{"index":"index","follow":"follow","max-snippet":"max-snippet:-1","max-image-preview":"max-image-preview:large","max-video-preview":"max-video-preview:-1"},"canonical":"https:\/\/garanley.com\/ca\/accidentes-trafico\/baremo-indemnizacion\/","og_locale":"ca_ES","og_type":"article","og_title":"Barem d'indemnitzaci\u00f3 per accident de tr\u00e0nsit | Garanley Advocats","og_description":"El barem d&#8217;indemnitzaci\u00f3 per accident de tr\u00e0nsit \u00e9s l&#8217;indicador que ens ajuda a saber quina pot ser la quantia que rebrem en el cas que patim un accident de tr\u00e0nsit i reclamem una indemnitzaci\u00f3. Tots sabem que els accidents de tr\u00e0nsit poden tenir conseq\u00fc\u00e8ncies grav\u00edssimes i que aquestes conseq\u00fc\u00e8ncies pot repercutir sobre nosaltres de forma &hellip; Barem d&#8217;indemnitzaci\u00f3 per accident de tr\u00e0nsit Read More \u00bb","og_url":"https:\/\/garanley.com\/accidentes-trafico\/baremo-indemnizacion\/","og_site_name":"Garanley Abogados","article_publisher":"https:\/\/www.facebook.com\/Garanley\/","article_published_time":"2018-02-15T14:00:34+00:00","article_modified_time":"2020-03-30T15:09:58+00:00","og_image":[{"width":290,"height":190,"url":"https:\/\/garanley.com\/wp-content\/uploads\/1438655.png","type":"image\/png"}],"author":"Garanley","twitter_card":"summary_large_image","twitter_creator":"@garanley","twitter_site":"@garanley","twitter_misc":{"Escrit per":"Garanley","Temps estimat de lectura":"10 minuts"},"schema":{"@context":"https:\/\/schema.org","@graph":[{"@type":"Article","@id":"https:\/\/garanley.com\/accidentes-trafico\/baremo-indemnizacion\/#article","isPartOf":{"@id":"https:\/\/garanley.com\/accidentes-trafico\/baremo-indemnizacion\/"},"author":{"name":"Garanley","@id":"https:\/\/garanley.com\/#\/schema\/person\/bac4da30eb0dcea464e4bd7c078b142c"},"headline":"Barem d&#8217;indemnitzaci\u00f3 per accident de tr\u00e0nsit","datePublished":"2018-02-15T14:00:34+00:00","dateModified":"2020-03-30T15:09:58+00:00","mainEntityOfPage":{"@id":"https:\/\/garanley.com\/accidentes-trafico\/baremo-indemnizacion\/"},"wordCount":1960,"publisher":{"@id":"https:\/\/garanley.com\/#organization"},"articleSection":["Accidents de tr\u00e0nsit"],"inLanguage":"ca"},{"@type":"WebPage","@id":"https:\/\/garanley.com\/accidentes-trafico\/baremo-indemnizacion\/","url":"https:\/\/garanley.com\/accidentes-trafico\/baremo-indemnizacion\/","name":"Barem d'indemnitzaci\u00f3 per accident de tr\u00e0nsit | Garanley Advocats","isPartOf":{"@id":"https:\/\/garanley.com\/#website"},"datePublished":"2018-02-15T14:00:34+00:00","dateModified":"2020-03-30T15:09:58+00:00","breadcrumb":{"@id":"https:\/\/garanley.com\/accidentes-trafico\/baremo-indemnizacion\/#breadcrumb"},"inLanguage":"ca","potentialAction":[{"@type":"ReadAction","target":["https:\/\/garanley.com\/accidentes-trafico\/baremo-indemnizacion\/"]}]},{"@type":"BreadcrumbList","@id":"https:\/\/garanley.com\/accidentes-trafico\/baremo-indemnizacion\/#breadcrumb","itemListElement":[{"@type":"ListItem","position":1,"name":"Inicio","item":"https:\/\/garanley.com\/ca\/"},{"@type":"ListItem","position":2,"name":"Barem d&#8217;indemnitzaci\u00f3 per accident de tr\u00e0nsit"}]},{"@type":"WebSite","@id":"https:\/\/garanley.com\/#website","url":"https:\/\/garanley.com\/","name":"Garanley Abogados","description":"Despacho de Abogados en Barcelona","publisher":{"@id":"https:\/\/garanley.com\/#organization"},"potentialAction":[{"@type":"SearchAction","target":{"@type":"EntryPoint","urlTemplate":"https:\/\/garanley.com\/?s={search_term_string}"},"query-input":"required name=search_term_string"}],"inLanguage":"ca"},{"@type":"Organization","@id":"https:\/\/garanley.com\/#organization","name":"Garanley Abogados","url":"https:\/\/garanley.com\/","logo":{"@type":"ImageObject","inLanguage":"ca","@id":"https:\/\/garanley.com\/#\/schema\/logo\/image\/","url":"https:\/\/garanley.com\/wp-content\/uploads\/Abogados-Barcelona-Garanley.jpg","contentUrl":"https:\/\/garanley.com\/wp-content\/uploads\/Abogados-Barcelona-Garanley.jpg","width":320,"height":120,"caption":"Garanley Abogados"},"image":{"@id":"https:\/\/garanley.com\/#\/schema\/logo\/image\/"},"sameAs":["https:\/\/www.facebook.com\/Garanley\/","https:\/\/x.com\/garanley"]},{"@type":"Person","@id":"https:\/\/garanley.com\/#\/schema\/person\/bac4da30eb0dcea464e4bd7c078b142c","name":"Garanley","image":{"@type":"ImageObject","inLanguage":"ca","@id":"https:\/\/garanley.com\/#\/schema\/person\/image\/","url":"https:\/\/secure.gravatar.com\/avatar\/36c8ab097c0a00e27519d278104329ce3c98379f20bb4c28590ee0c54be9162f?s=96&d=mm&r=g","contentUrl":"https:\/\/secure.gravatar.com\/avatar\/36c8ab097c0a00e27519d278104329ce3c98379f20bb4c28590ee0c54be9162f?s=96&d=mm&r=g","caption":"Garanley"}}]}},"_links":{"self":[{"href":"https:\/\/garanley.com\/ca\/wp-json\/wp\/v2\/posts\/5574\/"}],"collection":[{"href":"https:\/\/garanley.com\/ca\/wp-json\/wp\/v2\/posts\/"}],"about":[{"href":"https:\/\/garanley.com\/ca\/wp-json\/wp\/v2\/types\/post\/"}],"author":[{"embeddable":true,"href":"https:\/\/garanley.com\/ca\/wp-json\/wp\/v2\/users\/9\/"}],"replies":[{"embeddable":true,"href":"https:\/\/garanley.com\/ca\/wp-json\/wp\/v2\/comments\/?post=5574"}],"version-history":[{"count":2,"href":"https:\/\/garanley.com\/ca\/wp-json\/wp\/v2\/posts\/5574\/revisions\/"}],"predecessor-version":[{"id":5586,"href":"https:\/\/garanley.com\/ca\/wp-json\/wp\/v2\/posts\/5574\/revisions\/5586\/"}],"wp:attachment":[{"href":"https:\/\/garanley.com\/ca\/wp-json\/wp\/v2\/media\/?parent=5574"}],"wp:term":[{"taxonomy":"category","embeddable":true,"href":"https:\/\/garanley.com\/ca\/wp-json\/wp\/v2\/categories\/?post=5574"},{"taxonomy":"post_tag","embeddable":true,"href":"https:\/\/garanley.com\/ca\/wp-json\/wp\/v2\/tags\/?post=5574"}],"curies":[{"name":"wp","href":"https:\/\/api.w.org\/{rel}","templated":true}]}}