{"id":5510,"date":"2018-02-20T22:22:52","date_gmt":"2018-02-20T21:22:52","guid":{"rendered":"http:\/\/garanley.com\/?p=5510"},"modified":"2020-03-28T18:47:22","modified_gmt":"2020-03-28T17:47:22","slug":"indemnitzacio-fuetada-cervical","status":"publish","type":"post","link":"https:\/\/garanley.com\/ca\/accidents-transit\/indemnitzacio-fuetada-cervical\/","title":{"rendered":"Indemnitzaci\u00f3 per fuetada cervical"},"content":{"rendered":"<div style=\"display: none;\"\n    class=\"kk-star-ratings kksr-valign-top kksr-align-right kksr-disabled\"\n    data-id=\"5510\"\n    data-slug=\"\">\n    <div class=\"kksr-stars\">\n    <div class=\"kksr-stars-inactive\">\n            <div class=\"kksr-star\" data-star=\"1\">\n            <div class=\"kksr-icon\" style=\"width: px; height: px;\"><\/div>\n        <\/div>\n            <div class=\"kksr-star\" data-star=\"2\">\n            <div class=\"kksr-icon\" style=\"width: px; height: px;\"><\/div>\n        <\/div>\n            <div class=\"kksr-star\" data-star=\"3\">\n            <div class=\"kksr-icon\" style=\"width: px; height: px;\"><\/div>\n        <\/div>\n            <div class=\"kksr-star\" data-star=\"4\">\n            <div class=\"kksr-icon\" style=\"width: px; height: px;\"><\/div>\n        <\/div>\n            <div class=\"kksr-star\" data-star=\"5\">\n            <div class=\"kksr-icon\" style=\"width: px; height: px;\"><\/div>\n        <\/div>\n    <\/div>\n    <div class=\"kksr-stars-active\" style=\"width: 0px;\">\n            <div class=\"kksr-star\">\n            <div class=\"kksr-icon\" style=\"width: px; height: px;\"><\/div>\n        <\/div>\n            <div class=\"kksr-star\">\n            <div class=\"kksr-icon\" style=\"width: px; height: px;\"><\/div>\n        <\/div>\n            <div class=\"kksr-star\">\n            <div class=\"kksr-icon\" style=\"width: px; height: px;\"><\/div>\n        <\/div>\n            <div class=\"kksr-star\">\n            <div class=\"kksr-icon\" style=\"width: px; height: px;\"><\/div>\n        <\/div>\n            <div class=\"kksr-star\">\n            <div class=\"kksr-icon\" style=\"width: px; height: px;\"><\/div>\n        <\/div>\n    <\/div>\n<\/div>\n    <div class=\"kksr-legend\">\n            <span class=\"kksr-muted\"><\/span>\n    <\/div>\n<\/div>\n<p><span style=\"font-size: 16pt;\"><strong><img loading=\"lazy\" decoding=\"async\" class=\"size-full wp-image-1746 alignleft\" src=\"http:\/\/garanley.com\/wp-content\/uploads\/indemnizacion-esguince-cervical.png\" alt=\"Indemnizaci\u00f3n por latigazo cervical\" width=\"250\" height=\"190\" \/>La fuetada cervical \u00e9s una de les lesions m\u00e9s usuals en qualsevol accident de tr\u00e0nsit. \u00c9s aconsellable no confiar el c\u00e0lcul de la indemnitzaci\u00f3 a l&#8217;asseguradora i dirigir-se a un advocat especialista en la mat\u00e8ria.<br \/>\n<\/strong><\/span><\/p>\n<hr \/>\n<p>Es calcula que al voltant del 90 per cent de les persones que pateix un d&#8217;aquests sinistres es veu afectada per aquest tipus d&#8217;esquin\u00e7os. Les companyies asseguradores es queixen de les despeses que els provoquen les indemnitzacions per la malaltia, per\u00f2 es tracta d&#8217;un dret que les v\u00edctimes sempre haurien d&#8217;exercir.<\/p>\n<blockquote><p>Si has patit un accident de tr\u00e0nsit i tens una <strong>fuetada o esquin\u00e7 cervical o un cervic\u00e0lgia postraum\u00e0tica<\/strong> el m\u00e9s segur \u00e9s que tinguis dret a percebre una indemnitzaci\u00f3 per les lesions sofertes, <span style=\"color: #33cccc;\">contacta amb nosaltres.<\/span><\/p><\/blockquote>\n<div id=\"ez-toc-container\" class=\"ez-toc-v2_0_17 counter-hierarchy counter-numeric ez-toc-transparent\">\n<div class=\"ez-toc-title-container\">\n<p class=\"ez-toc-title\">Resumen del art&iacute;culo<\/p>\n<span class=\"ez-toc-title-toggle\"><a class=\"ez-toc-pull-right ez-toc-btn ez-toc-btn-xs ez-toc-btn-default ez-toc-toggle\" style=\"display: none;\"><i class=\"ez-toc-glyphicon ez-toc-icon-toggle\"><\/i><\/a><\/span><\/div>\n<nav><ul class=\"ez-toc-list ez-toc-list-level-1\"><li class=\"ez-toc-page-1 ez-toc-heading-level-2\"><a class=\"ez-toc-link ez-toc-heading-1\" href=\"https:\/\/garanley.com\/ca\/accidents-transit\/indemnitzacio-fuetada-cervical\/#com-es-produeix-una-fuetada-cervical-simptomes-i-tractament\" title=\"Com es produeix una fuetada cervical? S\u00edmptomes i tractament\">Com es produeix una fuetada cervical? S\u00edmptomes i tractament<\/a><ul class=\"ez-toc-list-level-3\"><li class=\"ez-toc-heading-level-3\"><a class=\"ez-toc-link ez-toc-heading-2\" href=\"https:\/\/garanley.com\/ca\/accidents-transit\/indemnitzacio-fuetada-cervical\/#%c2%bffuetada-i-esquinc-cervicals-es-el-mateix\" title=\"\u00bfFuetada i esquin\u00e7 cervicals \u00e9s el mateix?\">\u00bfFuetada i esquin\u00e7 cervicals \u00e9s el mateix?<\/a><\/li><\/ul><\/li><li class=\"ez-toc-page-1 ez-toc-heading-level-2\"><a class=\"ez-toc-link ez-toc-heading-3\" href=\"https:\/\/garanley.com\/ca\/accidents-transit\/indemnitzacio-fuetada-cervical\/#com-reclamar-la-indemnitzacio-per-esquinc-cervical\" title=\"Com reclamar la indemnitzaci\u00f3 per esquin\u00e7 cervical?\">Com reclamar la indemnitzaci\u00f3 per esquin\u00e7 cervical?<\/a><ul class=\"ez-toc-list-level-3\"><li class=\"ez-toc-heading-level-3\"><a class=\"ez-toc-link ez-toc-heading-4\" href=\"https:\/\/garanley.com\/ca\/accidents-transit\/indemnitzacio-fuetada-cervical\/#amb-quina-quantitat-em-indemnitzar\" title=\"Amb quina quantitat em indemnitzar?\">Amb quina quantitat em indemnitzar?<\/a><\/li><\/ul><\/li><\/ul><\/nav><\/div>\n<h2><span class=\"ez-toc-section\" id=\"com-es-produeix-una-fuetada-cervical-simptomes-i-tractament\"><\/span>Com es produeix una fuetada cervical? S\u00edmptomes i tractament<span class=\"ez-toc-section-end\"><\/span><\/h2>\n<p>La fuetada cervical es produeix per una hiperextensi\u00f3 violenta d&#8217;el coll, seguida d&#8217;una flexi\u00f3 tamb\u00e9 brusca. Pot provocar traumatismes en els lligaments i fins danys ossis. La lesi\u00f3 \u00e9s molt com\u00fa en les col\u00b7lisions de vehicles per abast o en frenades brusques.<\/p>\n<p>En funci\u00f3 del grau d&#8217;afectaci\u00f3, les fuetades a les cervicals es classifiquen en:<\/p>\n<ul>\n<li>Grau I: quan hi ha s\u00edmptomes relacionats amb la lesi\u00f3, per\u00f2 no hi ha contractura o afectaci\u00f3 neurol\u00f2gica.<\/li>\n<li>Grau II: Hi ha limitaci\u00f3 de mobilitat, per\u00f2 no afectaci\u00f3 neurol\u00f2gica.<\/li>\n<li>Grau III: Afectaci\u00f3 neurol\u00f2gica associada.<\/li>\n<\/ul>\n<div class=\"su-expand su-expand-collapsed su-expand-link-style-dotted\" data-height=\"100\"><div class=\"su-expand-content su-u-trim\" style=\"color:#53464A;max-height:100px;overflow:hidden\">La s\u00edndrome de la fuetada cervical pot presentar dolor al coll, de cap, a la regi\u00f3 occipital, marejos i formigueig. Aquests s\u00f3n alguns dels seus s\u00edmptomes, que poden arribar a apar\u00e8ixer fins a 24 o 48 hores despr\u00e9s de l&#8217;accident. Si la lesi\u00f3 \u00e9s greu, fins i tot implica d\u00e8ficit sensorial, disminuci\u00f3 de reflexos o p\u00e8rdua de for\u00e7a.<\/p>\n<p>Per alleujar el dolor i les contractures <strong>solen administrar analg\u00e8sics i antiinflamatoris<\/strong>, a m\u00e9s de relaxants musculars. En determinats casos es fa necess\u00e0ria la immobilitzaci\u00f3 amb collar\u00ed cervical. El rep\u00f2s relatiu amb rehabilitaci\u00f3 ajuda a reduir el temps d&#8217;incapacitat i les possibles seq\u00fceles.<\/p>\n<p>La <strong>curaci\u00f3<\/strong> de les fuetades cervicals dep\u00e8n de la gravetat dels mateixos. Els lleus triguen a desapar\u00e8ixer entre un i tres mesos, mentre que els m\u00e9s greus poden arribar fins als vuit o nou.<\/p>\n<p>Un bon \u00fas de l&#8217;reposacaps evita el risc de patir aquest tipus de lesions. Ha d&#8217;anar ajustat correctament a l&#8217;altura de l&#8217;usuari, per tal d&#8217;alleujar la tensi\u00f3 de cap i zona cervical.<\/div><div class=\"su-expand-link su-expand-link-more\" style=\"text-align:left\"><a href=\"javascript:;\" style=\"color:#E78B19;border-color:#E78B19\"><i class=\"sui sui-arrow-down\" style=\"\" aria-label=\"\"><\/i><span style=\"border-color:#E78B19\">Show more<\/span><\/a><\/div><div class=\"su-expand-link su-expand-link-less\" style=\"text-align:left\"><a href=\"javascript:;\" style=\"color:#E78B19;border-color:#E78B19\"><i class=\"sui sui-arrow-up\" style=\"\" aria-label=\"\"><\/i><span style=\"border-color:#E78B19\">Show less<\/span><\/a><\/div><\/div>\n<h3><span class=\"ez-toc-section\" id=\"%c2%bffuetada-i-esquinc-cervicals-es-el-mateix\"><\/span>\u00bfFuetada i esquin\u00e7 cervicals \u00e9s el mateix?<span class=\"ez-toc-section-end\"><\/span><\/h3>\n<p>En llenguatge m\u00e8dic estricte, una fuetada cervical no \u00e9s una lesi\u00f3, sin\u00f3 un mecanisme causal que transfereix energia a coll per l&#8217;acceleraci\u00f3 d&#8217;un impacte posterior o lateral. Sol associar-se a diferents lesions (cervic\u00e0lgia, dors\u00e0lgia etc.). No obstant aix\u00f2, tots dos termes s&#8217;equiparen popularment, quan ens referim a lesions en els teixits de coll.<\/p>\n<h2><span class=\"ez-toc-section\" id=\"com-reclamar-la-indemnitzacio-per-esquinc-cervical\"><\/span>Com reclamar la indemnitzaci\u00f3 per esquin\u00e7 cervical?<span class=\"ez-toc-section-end\"><\/span><\/h2>\n<p>En cas de patir una fuetada cervical com a conseq\u00fc\u00e8ncia d&#8217;un accident de tr\u00e0nsit, hem de seguir els seg\u00fcents passos:<\/p>\n<p><strong>\u21d2 Recopilar tota la informaci\u00f3 sobre el sinistre <\/strong>(part d&#8217;accidents amist\u00f3s, testimonis de testimonis etc.). Tamb\u00e9 hem de guardar els informes m\u00e8dics corresponents.<\/p>\n<p><strong>\u21d2 Dirigir-nos a un advocat especialitzat en accidents i indemnitzacions.<\/strong><\/p>\n<p><strong>\u21d2<\/strong> \u00c9s aconsellable que professionals <strong>m\u00e8dics independents s&#8217;encarreguin de valorar la lesi\u00f3.<\/strong><\/p>\n<p><strong>\u21d2 Iniciar el tractament de rehabilitaci\u00f3.<\/strong><\/p>\n<p><strong>\u21d2 Presentar la reclamaci\u00f3 a la companyia asseguradora, <\/strong>tr\u00e0mit d&#8217;qual s&#8217;encarregar\u00e0 el nostre advocat.<\/p>\n<p>L&#8217;elecci\u00f3 d&#8217;aquest \u00faltim \u00e9s una q\u00fcesti\u00f3 important. \u00c9s fonamental dirigir-nos a professionals de l&#8217;dret amb experi\u00e8ncia en l&#8217;\u00e0rea d&#8217;accidents de tr\u00e0nsit i no conformar-nos, per exemple, amb el qual ens suggereixi l&#8217;asseguradora. Si la nostra p\u00f2lissa d&#8217;asseguran\u00e7a inclou cobertura jur\u00eddica, tenim dret a triar un advocat extern, per assessorar-nos i gestionar la nostra indemnitzaci\u00f3, no ho oblidem !.<\/p>\n<h3><span class=\"ez-toc-section\" id=\"amb-quina-quantitat-em-indemnitzar\"><\/span>Amb quina quantitat em indemnitzar?<span class=\"ez-toc-section-end\"><\/span><\/h3>\n<p>La indemnitzaci\u00f3 varia en funci\u00f3 d&#8217;aspectes com la <strong>baixa<\/strong> o les <strong>possibles seq\u00fceles<\/strong> que deixa la lesi\u00f3. Aix\u00ed, les fuetades cervicals amb curaci\u00f3 absoluta i sense cap tipus de conseq\u00fc\u00e8ncia posterior s&#8217;indemnitzen amb entre 1.000 i 4.000 euros aproximadament. No obstant aix\u00f2, els esquin\u00e7os que comporten alteracions postraum\u00e0tiques greus poden arribar a indemnitzar amb fins a 10.000 o m\u00e9s euros.<\/p>\n<div class=\"su-expand su-expand-collapsed su-expand-link-style-dotted\" data-height=\"100\"><div class=\"su-expand-content su-u-trim\" style=\"color:#53464A;max-height:100px;overflow:hidden\">\n<p>Aquestes xifres s\u00f3n sempre orientatives, tinguem present que <strong>no hi ha un l\u00edmit m\u00e0xim<\/strong> i que les indemnitzacions per fuetada o esquin\u00e7 cervical seran majors o menors en funci\u00f3 de les lesions, les seq\u00fceles o la per\u00edcia de l&#8217;advocat. Per tant, cada cas \u00e9s diferent i caldr\u00e0 estudiar-ho per aconseguir els millors resultats.<\/p>\n<p>La<span style=\"color: #33cccc;\"> Direcci\u00f3 General d&#8217;Assegurances i Fons de Pensions<\/span>, pertanyent a el Ministeri d&#8217;Economia i Competitivitat, publica anualment els barems a aplicar en les indemnitzacions per accidents de tr\u00e0nsit. En la major part de fuetades o esquin\u00e7os cervicals es produeix una incapacitat temporal, les compensacions es recullen en les taules publicades cada any al BOE.<\/p>\n<p>El teu advocat t&#8217;ajudar\u00e0 a obtenir la m\u00e0xima indemnitzaci\u00f3, desxifrant aquestes complexes taules de barems, que estan sotmeses a una infinitat de condicionants i interpretacions.<\/p>\n<p>No obstant aix\u00f2, no est\u00e0 de m\u00e9s con\u00e8ixer les quantitats b\u00e0siques i els factors de correcci\u00f3 per incapacitat temporal, vigents en el present any. La taula es va publicar en la Resoluci\u00f3 de 5 de mar\u00e7 de 2014, que cont\u00e9 les quanties de les indemnitzacions per mort, lesions permanents i incapacitat temporal que resulten d&#8217;aplicar, durant 2014, el sistema de valoraci\u00f3 dels danys i perjudicis causats a persones en accidents de circulaci\u00f3 (<span style=\"color: #33cccc;\">BOE n\u00fam 64, de 15 de mar\u00e7 de<\/span> <span style=\"color: #33cccc;\">2014).<\/span><\/p>\n<p><strong>Les indemnitzacions b\u00e0siques di\u00e0ries de l&#8217;any 2014 (inclosos danys morals) s\u00f3n:<\/strong><\/p>\n<ul>\n<li>Durant l&#8217;estada hospital\u00e0ria, 71,83 euros.<\/li>\n<li>Sense estada hospital\u00e0ria. Impeditiu (dia de baixa impeditiu \u00e9s aquell en qu\u00e8 la v\u00edctima es troba incapacitada per exercir la seva ocupaci\u00f3 habitual), 58,41 euros.<\/li>\n<li>Sense estada hospital\u00e0ria. No impeditiu, 31,43 euros.<\/li>\n<\/ul>\n<p>Els<strong> factors de correcci\u00f3<\/strong> engloben els perjudicis econ\u00f2mics causats a la v\u00edctima de l&#8217;accident de tr\u00e0nsit en q\u00fcesti\u00f3:<\/p>\n<ul>\n<li>En cas d&#8217;ingressos anuals de fins a 28,758,81 euros, augment de l&#8217;10 per cent.<\/li>\n<li>Entre 28.758,82 i 57.517,60 euros, de l&#8217;11 a l&#8217;25 per cent d&#8217;increment.<\/li>\n<li>Entre 57.517,61 i 95.862,67 euros, el 26 a el 50 per cent d&#8217;augment.<\/li>\n<li>Per sobre de 95.862,67 euros, el 51 a el 75 per cent d&#8217;increment.<\/li>\n<li>Els elements de disminuci\u00f3 poden arribar al 75 per cent.<\/li>\n<\/ul>\n<p>De tot l&#8217;exposat, podem extreure un parell de conclusions b\u00e0siques. En primer terme, hem de dir que \u00e9s complicat lliurar-se dels fuetades cervicals a el cent per cent. No obstant aix\u00f2, \u00e9s absolutament aconsellable emprar correctament el reposacaps, evitar les frenades brusques i, per descomptat, fer \u00fas del cintur\u00f3 de seguretat. Finalment i una vegada produ\u00efda la lesi\u00f3, el recomanable \u00e9s <strong>no confiar el c\u00e0lcul de la indemnitzaci\u00f3 a la pr\u00f2pia asseguradora<\/strong> i posar-nos en contacte amb un advocat especialitzat en accidents i indemnitzacions, que ens ajudar\u00e0 a obtenir la compensaci\u00f3 <\/div><div class=\"su-expand-link su-expand-link-more\" style=\"text-align:left\"><a href=\"javascript:;\" style=\"color:#E78B19;border-color:#E78B19\"><i class=\"sui sui-arrow-down\" style=\"\" aria-label=\"\"><\/i><span style=\"border-color:#E78B19\">Show more<\/span><\/a><\/div><div class=\"su-expand-link su-expand-link-less\" style=\"text-align:left\"><a href=\"javascript:;\" style=\"color:#E78B19;border-color:#E78B19\"><i class=\"sui sui-arrow-up\" style=\"\" aria-label=\"\"><\/i><span style=\"border-color:#E78B19\">Show less<\/span><\/a><\/div><\/div>\n<p style=\"text-align: center;\"><div class=\"su-note\"  style=\"border-color:#392c30;\"><div class=\"su-note-inner su-u-clearfix su-u-trim\" style=\"background-color:#53464A;border-color:#ffffff;color:#ffffff;\">&#8220;<strong>Si ets v\u00edctima d&#8217;un accident de tr\u00e0nsit amb una LESI\u00d3 CERVICAL pots demanar una indemnitzaci\u00f3<\/strong><\/div><\/div>\n<p>A m\u00e9s la majoria de les p\u00f2lisses d&#8217;assegurances inclouen la &#8220;<strong>P\u00f2lissa de defensa jur\u00eddica<\/strong>&#8220;. Aix\u00f2 representa que la teva companyia d&#8217;assegurances pagar\u00e0 les despeses d&#8217;un advocat d&#8217;accidents encarregat de la reclamaci\u00f3 de la indemnitzaci\u00f3 per les lesions causades en un accident de circulaci\u00f3 en qu\u00e8 et vegis involucrat.<\/p>\n<p>Aquest import cobrir\u00e0 tot o part dels honoraris que puguin suposar els serveis d<a href=\"http:\/\/garanley.com\/ca\/advocats-accidents-transit\/\">&#8216;un advocat especialista en accidents de tr\u00e0nsit.<\/a><\/p>\n","protected":false},"excerpt":{"rendered":"<p>La fuetada cervical \u00e9s una de les lesions m\u00e9s usuals en qualsevol accident de tr\u00e0nsit. \u00c9s aconsellable no confiar el c\u00e0lcul de la indemnitzaci\u00f3 a l&#8217;asseguradora i dirigir-se a un advocat especialista en la mat\u00e8ria. Es calcula que al voltant del 90 per cent de les persones que pateix un d&#8217;aquests sinistres es veu afectada &hellip;<\/p>\n<p class=\"read-more\"> <a class=\"\" href=\"https:\/\/garanley.com\/ca\/accidents-transit\/indemnitzacio-fuetada-cervical\/\"> <span class=\"screen-reader-text\">Indemnitzaci\u00f3 per fuetada cervical<\/span> Read More \u00bb<\/a><\/p>\n","protected":false},"author":9,"featured_media":0,"comment_status":"closed","ping_status":"open","sticky":false,"template":"","format":"standard","meta":{"_monsterinsights_skip_tracking":false,"_monsterinsights_sitenote_active":false,"_monsterinsights_sitenote_note":"","_monsterinsights_sitenote_category":0,"footnotes":""},"categories":[16],"tags":[],"class_list":["post-5510","post","type-post","status-publish","format-standard","hentry","category-accidents-transit"],"yoast_head":"<!-- This site is optimized with the Yoast SEO plugin v23.2 - https:\/\/yoast.com\/wordpress\/plugins\/seo\/ -->\n<title>Indemnitzaci\u00f3 per fuetada cervical | Garanley Advocats<\/title>\n<meta name=\"robots\" content=\"index, follow, max-snippet:-1, max-image-preview:large, max-video-preview:-1\" \/>\n<link rel=\"canonical\" href=\"https:\/\/garanley.com\/ca\/accidentes-trafico\/indemnizacion-latigazo-cervical\/\" \/>\n<meta property=\"og:locale\" content=\"ca_ES\" \/>\n<meta property=\"og:type\" content=\"article\" \/>\n<meta property=\"og:title\" content=\"Indemnitzaci\u00f3 per fuetada cervical | Garanley Advocats\" \/>\n<meta property=\"og:description\" content=\"La fuetada cervical \u00e9s una de les lesions m\u00e9s usuals en qualsevol accident de tr\u00e0nsit. \u00c9s aconsellable no confiar el c\u00e0lcul de la indemnitzaci\u00f3 a l&#8217;asseguradora i dirigir-se a un advocat especialista en la mat\u00e8ria. Es calcula que al voltant del 90 per cent de les persones que pateix un d&#8217;aquests sinistres es veu afectada &hellip; Indemnitzaci\u00f3 per fuetada cervical Read More \u00bb\" \/>\n<meta property=\"og:url\" content=\"https:\/\/garanley.com\/accidentes-trafico\/indemnizacion-latigazo-cervical\/\" \/>\n<meta property=\"og:site_name\" content=\"Garanley Abogados\" \/>\n<meta property=\"article:publisher\" content=\"https:\/\/www.facebook.com\/Garanley\/\" \/>\n<meta property=\"article:published_time\" content=\"2018-02-20T21:22:52+00:00\" \/>\n<meta property=\"article:modified_time\" content=\"2020-03-28T17:47:22+00:00\" \/>\n<meta property=\"og:image\" content=\"http:\/\/garanley.com\/wp-content\/uploads\/indemnizacion-esguince-cervical.png\" \/>\n<meta name=\"author\" content=\"Garanley\" \/>\n<meta name=\"twitter:card\" content=\"summary_large_image\" \/>\n<meta name=\"twitter:creator\" content=\"@garanley\" \/>\n<meta name=\"twitter:site\" content=\"@garanley\" \/>\n<meta name=\"twitter:label1\" content=\"Escrit per\" \/>\n\t<meta name=\"twitter:data1\" content=\"Garanley\" \/>\n\t<meta name=\"twitter:label2\" content=\"Temps estimat de lectura\" \/>\n\t<meta name=\"twitter:data2\" content=\"6 minuts\" \/>\n<script type=\"application\/ld+json\" class=\"yoast-schema-graph\">{\"@context\":\"https:\/\/schema.org\",\"@graph\":[{\"@type\":\"Article\",\"@id\":\"https:\/\/garanley.com\/accidentes-trafico\/indemnizacion-latigazo-cervical\/#article\",\"isPartOf\":{\"@id\":\"https:\/\/garanley.com\/accidentes-trafico\/indemnizacion-latigazo-cervical\/\"},\"author\":{\"name\":\"Garanley\",\"@id\":\"https:\/\/garanley.com\/#\/schema\/person\/bac4da30eb0dcea464e4bd7c078b142c\"},\"headline\":\"Indemnitzaci\u00f3 per fuetada cervical\",\"datePublished\":\"2018-02-20T21:22:52+00:00\",\"dateModified\":\"2020-03-28T17:47:22+00:00\",\"mainEntityOfPage\":{\"@id\":\"https:\/\/garanley.com\/accidentes-trafico\/indemnizacion-latigazo-cervical\/\"},\"wordCount\":1291,\"publisher\":{\"@id\":\"https:\/\/garanley.com\/#organization\"},\"image\":{\"@id\":\"https:\/\/garanley.com\/accidentes-trafico\/indemnizacion-latigazo-cervical\/#primaryimage\"},\"thumbnailUrl\":\"http:\/\/garanley.com\/wp-content\/uploads\/indemnizacion-esguince-cervical.png\",\"articleSection\":[\"Accidents de tr\u00e0nsit\"],\"inLanguage\":\"ca\"},{\"@type\":\"WebPage\",\"@id\":\"https:\/\/garanley.com\/accidentes-trafico\/indemnizacion-latigazo-cervical\/\",\"url\":\"https:\/\/garanley.com\/accidentes-trafico\/indemnizacion-latigazo-cervical\/\",\"name\":\"Indemnitzaci\u00f3 per fuetada cervical | Garanley Advocats\",\"isPartOf\":{\"@id\":\"https:\/\/garanley.com\/#website\"},\"primaryImageOfPage\":{\"@id\":\"https:\/\/garanley.com\/accidentes-trafico\/indemnizacion-latigazo-cervical\/#primaryimage\"},\"image\":{\"@id\":\"https:\/\/garanley.com\/accidentes-trafico\/indemnizacion-latigazo-cervical\/#primaryimage\"},\"thumbnailUrl\":\"http:\/\/garanley.com\/wp-content\/uploads\/indemnizacion-esguince-cervical.png\",\"datePublished\":\"2018-02-20T21:22:52+00:00\",\"dateModified\":\"2020-03-28T17:47:22+00:00\",\"breadcrumb\":{\"@id\":\"https:\/\/garanley.com\/accidentes-trafico\/indemnizacion-latigazo-cervical\/#breadcrumb\"},\"inLanguage\":\"ca\",\"potentialAction\":[{\"@type\":\"ReadAction\",\"target\":[\"https:\/\/garanley.com\/accidentes-trafico\/indemnizacion-latigazo-cervical\/\"]}]},{\"@type\":\"ImageObject\",\"inLanguage\":\"ca\",\"@id\":\"https:\/\/garanley.com\/accidentes-trafico\/indemnizacion-latigazo-cervical\/#primaryimage\",\"url\":\"http:\/\/garanley.com\/wp-content\/uploads\/indemnizacion-esguince-cervical.png\",\"contentUrl\":\"http:\/\/garanley.com\/wp-content\/uploads\/indemnizacion-esguince-cervical.png\"},{\"@type\":\"BreadcrumbList\",\"@id\":\"https:\/\/garanley.com\/accidentes-trafico\/indemnizacion-latigazo-cervical\/#breadcrumb\",\"itemListElement\":[{\"@type\":\"ListItem\",\"position\":1,\"name\":\"Inicio\",\"item\":\"https:\/\/garanley.com\/ca\/\"},{\"@type\":\"ListItem\",\"position\":2,\"name\":\"Indemnitzaci\u00f3 per fuetada cervical\"}]},{\"@type\":\"WebSite\",\"@id\":\"https:\/\/garanley.com\/#website\",\"url\":\"https:\/\/garanley.com\/\",\"name\":\"Garanley Abogados\",\"description\":\"Despacho de Abogados en Barcelona\",\"publisher\":{\"@id\":\"https:\/\/garanley.com\/#organization\"},\"potentialAction\":[{\"@type\":\"SearchAction\",\"target\":{\"@type\":\"EntryPoint\",\"urlTemplate\":\"https:\/\/garanley.com\/?s={search_term_string}\"},\"query-input\":\"required name=search_term_string\"}],\"inLanguage\":\"ca\"},{\"@type\":\"Organization\",\"@id\":\"https:\/\/garanley.com\/#organization\",\"name\":\"Garanley Abogados\",\"url\":\"https:\/\/garanley.com\/\",\"logo\":{\"@type\":\"ImageObject\",\"inLanguage\":\"ca\",\"@id\":\"https:\/\/garanley.com\/#\/schema\/logo\/image\/\",\"url\":\"https:\/\/garanley.com\/wp-content\/uploads\/Abogados-Barcelona-Garanley.jpg\",\"contentUrl\":\"https:\/\/garanley.com\/wp-content\/uploads\/Abogados-Barcelona-Garanley.jpg\",\"width\":320,\"height\":120,\"caption\":\"Garanley Abogados\"},\"image\":{\"@id\":\"https:\/\/garanley.com\/#\/schema\/logo\/image\/\"},\"sameAs\":[\"https:\/\/www.facebook.com\/Garanley\/\",\"https:\/\/x.com\/garanley\"]},{\"@type\":\"Person\",\"@id\":\"https:\/\/garanley.com\/#\/schema\/person\/bac4da30eb0dcea464e4bd7c078b142c\",\"name\":\"Garanley\",\"image\":{\"@type\":\"ImageObject\",\"inLanguage\":\"ca\",\"@id\":\"https:\/\/garanley.com\/#\/schema\/person\/image\/\",\"url\":\"https:\/\/secure.gravatar.com\/avatar\/36c8ab097c0a00e27519d278104329ce3c98379f20bb4c28590ee0c54be9162f?s=96&d=mm&r=g\",\"contentUrl\":\"https:\/\/secure.gravatar.com\/avatar\/36c8ab097c0a00e27519d278104329ce3c98379f20bb4c28590ee0c54be9162f?s=96&d=mm&r=g\",\"caption\":\"Garanley\"}}]}<\/script>\n<!-- \/ Yoast SEO plugin. -->","yoast_head_json":{"title":"Indemnitzaci\u00f3 per fuetada cervical | Garanley Advocats","robots":{"index":"index","follow":"follow","max-snippet":"max-snippet:-1","max-image-preview":"max-image-preview:large","max-video-preview":"max-video-preview:-1"},"canonical":"https:\/\/garanley.com\/ca\/accidentes-trafico\/indemnizacion-latigazo-cervical\/","og_locale":"ca_ES","og_type":"article","og_title":"Indemnitzaci\u00f3 per fuetada cervical | Garanley Advocats","og_description":"La fuetada cervical \u00e9s una de les lesions m\u00e9s usuals en qualsevol accident de tr\u00e0nsit. \u00c9s aconsellable no confiar el c\u00e0lcul de la indemnitzaci\u00f3 a l&#8217;asseguradora i dirigir-se a un advocat especialista en la mat\u00e8ria. Es calcula que al voltant del 90 per cent de les persones que pateix un d&#8217;aquests sinistres es veu afectada &hellip; Indemnitzaci\u00f3 per fuetada cervical Read More \u00bb","og_url":"https:\/\/garanley.com\/accidentes-trafico\/indemnizacion-latigazo-cervical\/","og_site_name":"Garanley Abogados","article_publisher":"https:\/\/www.facebook.com\/Garanley\/","article_published_time":"2018-02-20T21:22:52+00:00","article_modified_time":"2020-03-28T17:47:22+00:00","og_image":[{"url":"http:\/\/garanley.com\/wp-content\/uploads\/indemnizacion-esguince-cervical.png"}],"author":"Garanley","twitter_card":"summary_large_image","twitter_creator":"@garanley","twitter_site":"@garanley","twitter_misc":{"Escrit per":"Garanley","Temps estimat de lectura":"6 minuts"},"schema":{"@context":"https:\/\/schema.org","@graph":[{"@type":"Article","@id":"https:\/\/garanley.com\/accidentes-trafico\/indemnizacion-latigazo-cervical\/#article","isPartOf":{"@id":"https:\/\/garanley.com\/accidentes-trafico\/indemnizacion-latigazo-cervical\/"},"author":{"name":"Garanley","@id":"https:\/\/garanley.com\/#\/schema\/person\/bac4da30eb0dcea464e4bd7c078b142c"},"headline":"Indemnitzaci\u00f3 per fuetada cervical","datePublished":"2018-02-20T21:22:52+00:00","dateModified":"2020-03-28T17:47:22+00:00","mainEntityOfPage":{"@id":"https:\/\/garanley.com\/accidentes-trafico\/indemnizacion-latigazo-cervical\/"},"wordCount":1291,"publisher":{"@id":"https:\/\/garanley.com\/#organization"},"image":{"@id":"https:\/\/garanley.com\/accidentes-trafico\/indemnizacion-latigazo-cervical\/#primaryimage"},"thumbnailUrl":"http:\/\/garanley.com\/wp-content\/uploads\/indemnizacion-esguince-cervical.png","articleSection":["Accidents de tr\u00e0nsit"],"inLanguage":"ca"},{"@type":"WebPage","@id":"https:\/\/garanley.com\/accidentes-trafico\/indemnizacion-latigazo-cervical\/","url":"https:\/\/garanley.com\/accidentes-trafico\/indemnizacion-latigazo-cervical\/","name":"Indemnitzaci\u00f3 per fuetada cervical | Garanley Advocats","isPartOf":{"@id":"https:\/\/garanley.com\/#website"},"primaryImageOfPage":{"@id":"https:\/\/garanley.com\/accidentes-trafico\/indemnizacion-latigazo-cervical\/#primaryimage"},"image":{"@id":"https:\/\/garanley.com\/accidentes-trafico\/indemnizacion-latigazo-cervical\/#primaryimage"},"thumbnailUrl":"http:\/\/garanley.com\/wp-content\/uploads\/indemnizacion-esguince-cervical.png","datePublished":"2018-02-20T21:22:52+00:00","dateModified":"2020-03-28T17:47:22+00:00","breadcrumb":{"@id":"https:\/\/garanley.com\/accidentes-trafico\/indemnizacion-latigazo-cervical\/#breadcrumb"},"inLanguage":"ca","potentialAction":[{"@type":"ReadAction","target":["https:\/\/garanley.com\/accidentes-trafico\/indemnizacion-latigazo-cervical\/"]}]},{"@type":"ImageObject","inLanguage":"ca","@id":"https:\/\/garanley.com\/accidentes-trafico\/indemnizacion-latigazo-cervical\/#primaryimage","url":"http:\/\/garanley.com\/wp-content\/uploads\/indemnizacion-esguince-cervical.png","contentUrl":"http:\/\/garanley.com\/wp-content\/uploads\/indemnizacion-esguince-cervical.png"},{"@type":"BreadcrumbList","@id":"https:\/\/garanley.com\/accidentes-trafico\/indemnizacion-latigazo-cervical\/#breadcrumb","itemListElement":[{"@type":"ListItem","position":1,"name":"Inicio","item":"https:\/\/garanley.com\/ca\/"},{"@type":"ListItem","position":2,"name":"Indemnitzaci\u00f3 per fuetada cervical"}]},{"@type":"WebSite","@id":"https:\/\/garanley.com\/#website","url":"https:\/\/garanley.com\/","name":"Garanley Abogados","description":"Despacho de Abogados en Barcelona","publisher":{"@id":"https:\/\/garanley.com\/#organization"},"potentialAction":[{"@type":"SearchAction","target":{"@type":"EntryPoint","urlTemplate":"https:\/\/garanley.com\/?s={search_term_string}"},"query-input":"required name=search_term_string"}],"inLanguage":"ca"},{"@type":"Organization","@id":"https:\/\/garanley.com\/#organization","name":"Garanley Abogados","url":"https:\/\/garanley.com\/","logo":{"@type":"ImageObject","inLanguage":"ca","@id":"https:\/\/garanley.com\/#\/schema\/logo\/image\/","url":"https:\/\/garanley.com\/wp-content\/uploads\/Abogados-Barcelona-Garanley.jpg","contentUrl":"https:\/\/garanley.com\/wp-content\/uploads\/Abogados-Barcelona-Garanley.jpg","width":320,"height":120,"caption":"Garanley Abogados"},"image":{"@id":"https:\/\/garanley.com\/#\/schema\/logo\/image\/"},"sameAs":["https:\/\/www.facebook.com\/Garanley\/","https:\/\/x.com\/garanley"]},{"@type":"Person","@id":"https:\/\/garanley.com\/#\/schema\/person\/bac4da30eb0dcea464e4bd7c078b142c","name":"Garanley","image":{"@type":"ImageObject","inLanguage":"ca","@id":"https:\/\/garanley.com\/#\/schema\/person\/image\/","url":"https:\/\/secure.gravatar.com\/avatar\/36c8ab097c0a00e27519d278104329ce3c98379f20bb4c28590ee0c54be9162f?s=96&d=mm&r=g","contentUrl":"https:\/\/secure.gravatar.com\/avatar\/36c8ab097c0a00e27519d278104329ce3c98379f20bb4c28590ee0c54be9162f?s=96&d=mm&r=g","caption":"Garanley"}}]}},"_links":{"self":[{"href":"https:\/\/garanley.com\/ca\/wp-json\/wp\/v2\/posts\/5510\/"}],"collection":[{"href":"https:\/\/garanley.com\/ca\/wp-json\/wp\/v2\/posts\/"}],"about":[{"href":"https:\/\/garanley.com\/ca\/wp-json\/wp\/v2\/types\/post\/"}],"author":[{"embeddable":true,"href":"https:\/\/garanley.com\/ca\/wp-json\/wp\/v2\/users\/9\/"}],"replies":[{"embeddable":true,"href":"https:\/\/garanley.com\/ca\/wp-json\/wp\/v2\/comments\/?post=5510"}],"version-history":[{"count":2,"href":"https:\/\/garanley.com\/ca\/wp-json\/wp\/v2\/posts\/5510\/revisions\/"}],"predecessor-version":[{"id":5522,"href":"https:\/\/garanley.com\/ca\/wp-json\/wp\/v2\/posts\/5510\/revisions\/5522\/"}],"wp:attachment":[{"href":"https:\/\/garanley.com\/ca\/wp-json\/wp\/v2\/media\/?parent=5510"}],"wp:term":[{"taxonomy":"category","embeddable":true,"href":"https:\/\/garanley.com\/ca\/wp-json\/wp\/v2\/categories\/?post=5510"},{"taxonomy":"post_tag","embeddable":true,"href":"https:\/\/garanley.com\/ca\/wp-json\/wp\/v2\/tags\/?post=5510"}],"curies":[{"name":"wp","href":"https:\/\/api.w.org\/{rel}","templated":true}]}}