{"id":5447,"date":"2018-02-20T22:42:27","date_gmt":"2018-02-20T21:42:27","guid":{"rendered":"http:\/\/garanley.com\/?p=5447"},"modified":"2020-03-26T19:54:28","modified_gmt":"2020-03-26T18:54:28","slug":"advocats-especialistes-en-incapacitat-i-invalidesa-laboral-a-barcelona","status":"publish","type":"post","link":"https:\/\/garanley.com\/ca\/dret-laboral\/advocats-especialistes-en-incapacitat-i-invalidesa-laboral-a-barcelona\/","title":{"rendered":"Advocats especialistes en incapacitat i invalidesa laboral a Barcelona"},"content":{"rendered":"<div style=\"display: none;\"\n    class=\"kk-star-ratings kksr-valign-top kksr-align-right kksr-disabled\"\n    data-id=\"5447\"\n    data-slug=\"\">\n    <div class=\"kksr-stars\">\n    <div class=\"kksr-stars-inactive\">\n            <div class=\"kksr-star\" data-star=\"1\">\n            <div class=\"kksr-icon\" style=\"width: px; height: px;\"><\/div>\n        <\/div>\n            <div class=\"kksr-star\" data-star=\"2\">\n            <div class=\"kksr-icon\" style=\"width: px; height: px;\"><\/div>\n        <\/div>\n            <div class=\"kksr-star\" data-star=\"3\">\n            <div class=\"kksr-icon\" style=\"width: px; height: px;\"><\/div>\n        <\/div>\n            <div class=\"kksr-star\" data-star=\"4\">\n            <div class=\"kksr-icon\" style=\"width: px; height: px;\"><\/div>\n        <\/div>\n            <div class=\"kksr-star\" data-star=\"5\">\n            <div class=\"kksr-icon\" style=\"width: px; height: px;\"><\/div>\n        <\/div>\n    <\/div>\n    <div class=\"kksr-stars-active\" style=\"width: 0px;\">\n            <div class=\"kksr-star\">\n            <div class=\"kksr-icon\" style=\"width: px; height: px;\"><\/div>\n        <\/div>\n            <div class=\"kksr-star\">\n            <div class=\"kksr-icon\" style=\"width: px; height: px;\"><\/div>\n        <\/div>\n            <div class=\"kksr-star\">\n            <div class=\"kksr-icon\" style=\"width: px; height: px;\"><\/div>\n        <\/div>\n            <div class=\"kksr-star\">\n            <div class=\"kksr-icon\" style=\"width: px; height: px;\"><\/div>\n        <\/div>\n            <div class=\"kksr-star\">\n            <div class=\"kksr-icon\" style=\"width: px; height: px;\"><\/div>\n        <\/div>\n    <\/div>\n<\/div>\n    <div class=\"kksr-legend\">\n            <span class=\"kksr-muted\"><\/span>\n    <\/div>\n<\/div>\n<blockquote>\n<div id=\"ez-toc-container\" class=\"ez-toc-v2_0_17 counter-hierarchy counter-numeric ez-toc-transparent\">\n<div class=\"ez-toc-title-container\">\n<p class=\"ez-toc-title\">Resumen del art&iacute;culo<\/p>\n<span class=\"ez-toc-title-toggle\"><a class=\"ez-toc-pull-right ez-toc-btn ez-toc-btn-xs ez-toc-btn-default ez-toc-toggle\" style=\"display: none;\"><i class=\"ez-toc-glyphicon ez-toc-icon-toggle\"><\/i><\/a><\/span><\/div>\n<nav><ul class=\"ez-toc-list ez-toc-list-level-1\"><li class=\"ez-toc-page-1 ez-toc-heading-level-2\"><a class=\"ez-toc-link ez-toc-heading-1\" href=\"https:\/\/garanley.com\/ca\/dret-laboral\/advocats-especialistes-en-incapacitat-i-invalidesa-laboral-a-barcelona\/#com-advocats-experts-en-tramitar-incapacitats-laborals-tajudarem-a-que-es-reconegui-la-teva-malaltia-i-aconsegueixis-millorar-la-teva-qualitat-de-vida\" title=\"Com advocats experts en tramitar incapacitats laborals t&#8217;ajudarem a que es reconegui la teva malaltia i aconsegueixis millorar la teva qualitat de vida.\">Com advocats experts en tramitar incapacitats laborals t&#8217;ajudarem a que es reconegui la teva malaltia i aconsegueixis millorar la teva qualitat de vida.<\/a><ul class=\"ez-toc-list-level-3\"><li class=\"ez-toc-heading-level-3\"><a class=\"ez-toc-link ez-toc-heading-2\" href=\"https:\/\/garanley.com\/ca\/dret-laboral\/advocats-especialistes-en-incapacitat-i-invalidesa-laboral-a-barcelona\/#raons-per-les-quals-el-nostre-despatx-dadvocats-dincapacitat-laboral-a-barcelona-es-el-mes-preparat-per-a-sollicitar-la-teva-incapacitat-i-invalidesa-per-llarga-malaltia-davant-la-seguretat-social\" title=\"Raons per les quals el nostre despatx d&#8217;advocats d&#8217;incapacitat laboral a Barcelona \u00e9s el m\u00e9s preparat per a sol\u00b7licitar la teva incapacitat i invalidesa per llarga malaltia davant la Seguretat Social\">Raons per les quals el nostre despatx d&#8217;advocats d&#8217;incapacitat laboral a Barcelona \u00e9s el m\u00e9s preparat per a sol\u00b7licitar la teva incapacitat i invalidesa per llarga malaltia davant la Seguretat Social<\/a><\/li><\/ul><\/li><li class=\"ez-toc-page-1 ez-toc-heading-level-2\"><a class=\"ez-toc-link ez-toc-heading-3\" href=\"https:\/\/garanley.com\/ca\/dret-laboral\/advocats-especialistes-en-incapacitat-i-invalidesa-laboral-a-barcelona\/#incapacitat-laboral-classificacio-i-caracteristiques\" title=\"Incapacitat laboral: classificaci\u00f3 i caracter\u00edstiques\">Incapacitat laboral: classificaci\u00f3 i caracter\u00edstiques<\/a><\/li><li class=\"ez-toc-page-1 ez-toc-heading-level-2\"><a class=\"ez-toc-link ez-toc-heading-4\" href=\"https:\/\/garanley.com\/ca\/dret-laboral\/advocats-especialistes-en-incapacitat-i-invalidesa-laboral-a-barcelona\/#incapacitat-laboral-temporal\" title=\"Incapacitat laboral temporal\">Incapacitat laboral temporal<\/a><\/li><li class=\"ez-toc-page-1 ez-toc-heading-level-2\"><a class=\"ez-toc-link ez-toc-heading-5\" href=\"https:\/\/garanley.com\/ca\/dret-laboral\/advocats-especialistes-en-incapacitat-i-invalidesa-laboral-a-barcelona\/#incapacitat-laboral-permanent\" title=\"Incapacitat laboral permanent\">Incapacitat laboral permanent<\/a><ul class=\"ez-toc-list-level-3\"><li class=\"ez-toc-heading-level-3\"><a class=\"ez-toc-link ez-toc-heading-6\" href=\"https:\/\/garanley.com\/ca\/dret-laboral\/advocats-especialistes-en-incapacitat-i-invalidesa-laboral-a-barcelona\/#incapacitat-permanent-parcial-per-a-la-professio-habitual-ipp\" title=\"Incapacitat permanent parcial per a la professi\u00f3 habitual (IPP).\">Incapacitat permanent parcial per a la professi\u00f3 habitual (IPP).<\/a><\/li><li class=\"ez-toc-page-1 ez-toc-heading-level-3\"><a class=\"ez-toc-link ez-toc-heading-7\" href=\"https:\/\/garanley.com\/ca\/dret-laboral\/advocats-especialistes-en-incapacitat-i-invalidesa-laboral-a-barcelona\/#incapacitat-permanent-total-per-a-la-professio-habitual-ipt\" title=\"Incapacitat permanent total per a la professi\u00f3 habitual (IPT).\">Incapacitat permanent total per a la professi\u00f3 habitual (IPT).<\/a><\/li><li class=\"ez-toc-page-1 ez-toc-heading-level-3\"><a class=\"ez-toc-link ez-toc-heading-8\" href=\"https:\/\/garanley.com\/ca\/dret-laboral\/advocats-especialistes-en-incapacitat-i-invalidesa-laboral-a-barcelona\/#incapacitat-permanent-absoluta-per-a-qualsevol-feina-o-professio-ipa\" title=\"Incapacitat permanent absoluta per a qualsevol feina o professi\u00f3 (IPA).\">Incapacitat permanent absoluta per a qualsevol feina o professi\u00f3 (IPA).<\/a><\/li><li class=\"ez-toc-page-1 ez-toc-heading-level-3\"><a class=\"ez-toc-link ez-toc-heading-9\" href=\"https:\/\/garanley.com\/ca\/dret-laboral\/advocats-especialistes-en-incapacitat-i-invalidesa-laboral-a-barcelona\/#gran-invalidesa-gi-l\" title=\"Gran invalidesa (GI) .l.\">Gran invalidesa (GI) .l.<\/a><\/li><\/ul><\/li><li class=\"ez-toc-page-1 ez-toc-heading-level-2\"><a class=\"ez-toc-link ez-toc-heading-10\" href=\"https:\/\/garanley.com\/ca\/dret-laboral\/advocats-especialistes-en-incapacitat-i-invalidesa-laboral-a-barcelona\/#lesions-permanents-no-invalidants\" title=\"Lesions permanents no invalidants\">Lesions permanents no invalidants<\/a><\/li><\/ul><\/nav><\/div>\n<h2><span class=\"ez-toc-section\" id=\"com-advocats-experts-en-tramitar-incapacitats-laborals-tajudarem-a-que-es-reconegui-la-teva-malaltia-i-aconsegueixis-millorar-la-teva-qualitat-de-vida\"><\/span>Com advocats experts en tramitar incapacitats laborals t&#8217;ajudarem a que es reconegui la teva malaltia i aconsegueixis millorar la teva qualitat de vida.<span class=\"ez-toc-section-end\"><\/span><\/h2>\n<\/blockquote>\n<p>Al nostre despatx comptem amb un equip especialitzat en aquest tipus de casos, ja que l&#8217;especialitzaci\u00f3 \u00e9s necess\u00e0ria per aconseguir un resultat \u00f2ptim en aquest tipus de processos.<\/p>\n<p>Si est\u00e0s buscant advocat per tramitar la teva incapacitat, has d&#8217;assegurar de la seva capacitat per recon\u00e8ixer la teva situaci\u00f3 patol\u00f2gica i tra\u00e7ar una estrat\u00e8gia que finalitzi amb un resultat reeixit.<\/p>\n<p>Per sol\u00b7licitar davant la <strong>Seguretat Social<\/strong> el reconeixement de la incapacitat, sigui parcial, total, absoluta o de gran <strong>invalidesa<\/strong>, cal presentar un escrit davant l&#8217;Institut Nacional de la Seguretat Social (I.N.S.S.) i esperar a obtenir la seva resposta. Si es denega o no s&#8217;est\u00e0 d&#8217;acord amb el grau rebut, conv\u00e9 que presentar els recursos pertinents i estudiar b\u00e9 les possibilitats que tens per plantejar la via judicial i que es reconegui el teu <strong>invalidesa<\/strong>, per <strong>llarga malaltia<\/strong> o qualsevol altra ra\u00f3.<\/p>\n<h3 style=\"text-align: justify;\"><span class=\"ez-toc-section\" id=\"raons-per-les-quals-el-nostre-despatx-dadvocats-dincapacitat-laboral-a-barcelona-es-el-mes-preparat-per-a-sollicitar-la-teva-incapacitat-i-invalidesa-per-llarga-malaltia-davant-la-seguretat-social\"><\/span>Raons per les quals el nostre despatx d&#8217;advocats d&#8217;incapacitat laboral a Barcelona \u00e9s el m\u00e9s preparat per a sol\u00b7licitar la teva incapacitat i invalidesa per llarga malaltia davant la Seguretat Social<span class=\"ez-toc-section-end\"><\/span><\/h3>\n<ul>\n<li>Empatitzem amb tu. Estem acostumats a ajudar a altres persones que estan passant per la mateixa situaci\u00f3 que tu i hem resolt molts casos similars el teu.<\/li>\n<li>Som conscients que el teu futur dep\u00e8n del nostre treball. Per aix\u00f2, ens esforcem i la nostra professionalitat al teu servei.<\/li>\n<li>T&#8217;atenem de manera completament personalitzada, ja que sabem que cada termini legal \u00e9s una oportunitat perqu\u00e8 aconsegueixis el teu objectiu; que, a la fi i al el cap, \u00e9s el nostre.<\/li>\n<li>Estudiem de manera detinguda el teu cas. Fem un estudi jur\u00eddic i t\u00e8cnic per con\u00e8ixer la teva situaci\u00f3, les possibilitats que tens i quina \u00e9s la millor soluci\u00f3, sempre defensant els teus interessos.<\/li>\n<li>Ens agrada mantenir una comunicaci\u00f3 constant i flu\u00efda amb cadascun dels nostres clients. Aix\u00ed aconseguim entendre&#8217;ls millor, preparar el proc\u00e9s de manera completament personalitzada i oferir-los tota la informaci\u00f3 sobre els avan\u00e7os que estem realitzant.<\/li>\n<li>Per a nosaltres, l&#8217;important m\u00e9s important \u00e9s ajudar-te. Preferim esgotar les vies extrajudicials, at\u00e8s que sabem que, si aconseguim l&#8217;objectiu de manera r\u00e0pida, tu aconseguir\u00e0s que es reconegui la teva situaci\u00f3 abans i la teva qualitat de vida millorar\u00e0.<\/li>\n<li>Els nostres honoraris es basen en els establerts pel Col\u00b7legi d&#8217;Advocats de Barcelona. No obstant aix\u00f2, ens agrada adaptar-nos a les necessitats dels nostres clients, ja que de vegades necessiten terminis de pagament m\u00e9s flexibles que els permetin fer front a tot el proc\u00e9s. Com <strong>advocats d&#8217;incapacitat laboral a Barcelona<\/strong>, els nostres objectius s\u00f3n que millors teva vida i que la<strong> Seguretat Social<\/strong> reconegui el teu<strong> invalidesa.<\/strong><\/li>\n<\/ul>\n<h2 align=\"justify\"><span class=\"ez-toc-section\" id=\"incapacitat-laboral-classificacio-i-caracteristiques\"><\/span>Incapacitat laboral: classificaci\u00f3 i caracter\u00edstiques<span class=\"ez-toc-section-end\"><\/span><\/h2>\n<p align=\"justify\"><strong>Les incapacitats a la feina poden ser temporals o permanents. A m\u00e9s, poden ser parcials, totals, absolutes o de gran invalidesa.<\/strong><\/p>\n<hr \/>\n<p align=\"justify\">Segur que, en algun moment de la teva vida, has patit un accident o patit una malaltia amb minva en la teva capacitat per a l&#8217;acompliment de la feina. Doncs b\u00e9, a aquesta circumst\u00e0ncia se l&#8217;anomena <strong>incapacitat laboral.<\/strong> Ara b\u00e9, no totes aquestes incapacitats s\u00f3n iguals, ni comporten les mateixes conseq\u00fc\u00e8ncies. En el present post, us mostrem una classificaci\u00f3 i les caracter\u00edstiques fonamentals de totes elles.<\/p>\n<h2 align=\"center\"><span class=\"ez-toc-section\" id=\"incapacitat-laboral-temporal\"><\/span>Incapacitat laboral temporal<span class=\"ez-toc-section-end\"><\/span><\/h2>\n<p align=\"justify\">La <strong>incapacitat laboral temporal (IT)<\/strong> \u00e9s, sens dubte, la m\u00e9s habitual i t\u00e9 lloc quan una persona es d\u00f3na de baixa per malaltia comuna o professional, puntual o per accident laboral o no. A m\u00e9s, tenen la mateixa consideraci\u00f3 els per\u00edodes d&#8217;observaci\u00f3 de la malaltia professional en els quals es prescriu la baixa en el treball.<\/p>\n<p align=\"justify\">Per concedir el <strong>subsidi econ\u00f2mic<\/strong> per IT, la Seguretat Social exigeix als treballadors haver cotitzat 180 dies en els 5 anys immediatament anteriors a el fet causant, quan es tracta de malaltia comuna. En cas d&#8217;accidents laborals o no laborals i malaltia professional no \u00e9s necessari el compliment d&#8217;aquest requisit.<\/p>\n<p align=\"justify\">El percentatge del subsidi econ\u00f2mic per malaltia comuna o accident no laboral \u00e9s del <strong>60%<\/strong> <strong>de la base reguladora entre el 4t i el 20\u00e8 dia de baixa<\/strong> <strong>i del 75% des del 21\u00e8 dia en<\/strong> <strong>endavant<\/strong>. En cas de malaltia professional o accident laboral, el percentatge \u00e9s del 75% des del dia en qu\u00e8 es genera el dret.<\/p>\n<p align=\"justify\">Recorda que si causes baixa per IT es produeix la suspensi\u00f3 de la relaci\u00f3 laboral, cessa la teva obligaci\u00f3 de treballar i la de la teva empresa a remunerarte. Aix\u00f2 s\u00ed, <strong>el temps de durada de la baixa computa a efectes d&#8217;antiguitat<\/strong> i tens dret a reincorporar al teu lloc de treball a l&#8217;acabar la ateixa.<\/p>\n<h2 align=\"center\"><span class=\"ez-toc-section\" id=\"incapacitat-laboral-permanent\"><\/span>Incapacitat laboral permanent<span class=\"ez-toc-section-end\"><\/span><\/h2>\n<p align=\"justify\">Legalment, la <strong>incapacitat laboral permanent<\/strong> (IP) es defineix com aquella situaci\u00f3 en qu\u00e8 es troba un treballador que, despr\u00e9s d&#8217;haver estat sotm\u00e8s a l&#8217;oport\u00fa tractament prescrit i haver rebut l&#8217;alta m\u00e8dica, presenta reduccions anat\u00f2miques o funcionals greus, objectives i previsiblement definitives. Aquestes reduccions anul\u00b7len o disminueixen la capacitat laboral de treballador.<\/p>\n<p align=\"justify\">Igualment, t\u00e9 la consideraci\u00f3 d&#8217;incapacitat permanent, en l&#8217;oport\u00fa grau de qualificaci\u00f3, la qual romangui despr\u00e9s extingir-se la incapacitat temporal, un cop superat el termini m\u00e0xim assenyalat per aquesta (365 dies).<\/p>\n<p align=\"justify\">L&#8217;article 137 de la <strong>Llei General de la Seguretat Social (LGSS)<\/strong> estableix que &#8220;la incapacitat permanent, qualsevol que sigui la seva causa determinant, es classificar\u00e0 en funci\u00f3 del percentatge de reducci\u00f3 de la capacitat de treball de l&#8217;interessat, valorat d&#8217;acord amb la llista de malalties, que s&#8217;aprovi reglament\u00e0riament, en els seg\u00fcents graus: &#8230; &#8220;<\/p>\n<ul>\n<li>\n<h3><span class=\"ez-toc-section\" id=\"incapacitat-permanent-parcial-per-a-la-professio-habitual-ipp\"><\/span>Incapacitat permanent parcial per a la professi\u00f3 habitual (IPP).<span class=\"ez-toc-section-end\"><\/span><\/h3>\n<\/li>\n<\/ul>\n<p align=\"justify\">Has d&#8217;entendre, en primer lloc, que la &#8220;professi\u00f3 habitual&#8221; \u00e9s la exercida usualment pel treballador a el temps de patir l&#8217;accident, sigui aquest laboral o no.<\/p>\n<p align=\"justify\">La <strong>incapacitat permanent parcial<\/strong> per a la professi\u00f3 habitual \u00e9s aquella que, sense arribar a el grau de total, provoca en el treballador una<strong> reducci\u00f3 no inferior a l&#8217;33 per cent en el seu<\/strong> <strong>rendiment normal<\/strong>. Aquesta incapacitat no l&#8217;impedeix, per\u00f2, dur a terme les activitats fonamentals de el lloc de treball.<\/p>\n<p align=\"justify\">Segons Sent\u00e8ncia de Tribunal Constitucional, el percentatge del 33 per cent s&#8217;ha d&#8217;entendre com a merament indicatiu, ja que pot substituir-se per una sensible disminuci\u00f3 del rendiment en l&#8217;aspecte quantitatiu.<\/p>\n<ul>\n<li>\n<h3 align=\"justify\"><span class=\"ez-toc-section\" id=\"incapacitat-permanent-total-per-a-la-professio-habitual-ipt\"><\/span>Incapacitat permanent total per a la professi\u00f3 habitual (IPT).<span class=\"ez-toc-section-end\"><\/span><\/h3>\n<\/li>\n<\/ul>\n<p align=\"justify\">Inhabilita el treballador per exercir la seva professi\u00f3 habitual, encara que no per a qualsevol altra activitat laboral.<\/p>\n<ul>\n<li>\n<h3 align=\"justify\"><span class=\"ez-toc-section\" id=\"incapacitat-permanent-absoluta-per-a-qualsevol-feina-o-professio-ipa\"><\/span>Incapacitat permanent absoluta per a qualsevol feina o professi\u00f3 (IPA).<span class=\"ez-toc-section-end\"><\/span><\/h3>\n<\/li>\n<\/ul>\n<p align=\"justify\">Aquesta incapacitat inhabilita completament a l&#8217;treballador per realitzar qualsevol ofici. Implica la impossibilitat de dur a terme el treball amb un m\u00ednim d&#8217;efic\u00e0cia i rendiment durant la jornada laboral.<\/p>\n<ul>\n<li>\n<h3 align=\"justify\"><span class=\"ez-toc-section\" id=\"gran-invalidesa-gi-l\"><\/span>Gran invalidesa (GI) .l.<span class=\"ez-toc-section-end\"><\/span><\/h3>\n<\/li>\n<\/ul>\n<p align=\"justify\">En aquesta situaci\u00f3, el treballador no nom\u00e9s est\u00e0 impossibilitat per treballar, sin\u00f3 que a m\u00e9s <strong>necessita d&#8217;una altra persona que l&#8217;assisteixi en els actes essencials de el dia a dia (vestir-se, menjar, rentar-se, despla\u00e7ar-se etc.).<\/strong><\/p>\n<p align=\"justify\">Si et preguntes per les prestacions que es deriven d&#8217;aquestes \u00faltimes situacions, la Llei de la <strong>Seguretat Socia<\/strong>l assenyala, expressament, que la corresponent a la incapacitat permanent parcial consisteix en una quantitat a preu fet. La de la incapacitat permanent total \u00e9s una <strong>pensi\u00f3 vital\u00edcia<\/strong> que, de manera excepcional, es pot substituir per una <strong>indemnitzaci\u00f3 a preu<\/strong> <strong>fet,<\/strong> si el beneficiari fos menor de seixanta anys. Les prestacions econ\u00f2miques derivades d&#8217;incapacitat permanent absoluta o <strong>gran invalidesa<\/strong>, per la seva banda, tamb\u00e9 s\u00f3n pensions vital\u00edcies. En el segon cas, el treballador t\u00e9 dret a un <strong>complement<\/strong> destinat a remunerar la persona que l&#8217;at\u00e9n.<\/p>\n<p align=\"justify\">I per con\u00e8ixer l&#8217;abast de la incapacitat permanent que correspon, Catalunya compta amb l&#8217;<span style=\"color: #33cccc;\">ICAM,<\/span> l&#8217;organisme que s&#8217;encarrega de les inspeccions d&#8217;aquest tipus d&#8217;incapacitat en aquesta comunitat.<\/p>\n<h2><span class=\"ez-toc-section\" id=\"lesions-permanents-no-invalidants\"><\/span>Lesions permanents no invalidants<span class=\"ez-toc-section-end\"><\/span><\/h2>\n<p>S\u00f3n les causades per malalties professionals o accidents de treball que, sense arribar a constituir una incapacitat permanent, comporten una disminuci\u00f3 en la integritat f\u00edsica de l&#8217;afectat.<\/p>\n<p align=\"justify\">Els dubtes sobre la incapacitat en el treball s\u00f3n nombroses en els despatxos d&#8217;advocats. Els nostres<span style=\"color: #33cccc;\"> advocats laboralistes<\/span> t&#8217;orientem i defensem els teus drets amb dilig\u00e8ncia i efici\u00e8ncia. Consulta&#8217;ns sense comprom\u00eds !.<\/p>\n\n\n<p><strong><em>Com advocats experts en tramitar incapacitats laborals t&#8217;ajudarem a que es reconegui la teva malaltia i aconsegueixis millorar la teva qualitat de vida.<\/em><\/strong><\/p>\n","protected":false},"excerpt":{"rendered":"<p>Com advocats experts en tramitar incapacitats laborals t&#8217;ajudarem a que es reconegui la teva malaltia i aconsegueixis millorar la teva qualitat de vida. Al nostre despatx comptem amb un equip especialitzat en aquest tipus de casos, ja que l&#8217;especialitzaci\u00f3 \u00e9s necess\u00e0ria per aconseguir un resultat \u00f2ptim en aquest tipus de processos. Si est\u00e0s buscant advocat &hellip;<\/p>\n<p class=\"read-more\"> <a class=\"\" href=\"https:\/\/garanley.com\/ca\/dret-laboral\/advocats-especialistes-en-incapacitat-i-invalidesa-laboral-a-barcelona\/\"> <span class=\"screen-reader-text\">Advocats especialistes en incapacitat i invalidesa laboral a Barcelona<\/span> Read More \u00bb<\/a><\/p>\n","protected":false},"author":9,"featured_media":0,"comment_status":"closed","ping_status":"open","sticky":false,"template":"","format":"standard","meta":{"_monsterinsights_skip_tracking":false,"_monsterinsights_sitenote_active":false,"_monsterinsights_sitenote_note":"","_monsterinsights_sitenote_category":0,"footnotes":""},"categories":[19],"tags":[],"class_list":["post-5447","post","type-post","status-publish","format-standard","hentry","category-dret-laboral"],"yoast_head":"<!-- This site is optimized with the Yoast SEO plugin v23.2 - https:\/\/yoast.com\/wordpress\/plugins\/seo\/ -->\n<title>Advocats especialistes en incapacitat i invalidesa laboral a Barcelona | Garanley Advocats<\/title>\n<meta name=\"robots\" content=\"index, follow, max-snippet:-1, max-image-preview:large, max-video-preview:-1\" \/>\n<link rel=\"canonical\" href=\"https:\/\/garanley.com\/ca\/laboral\/incapacidad\/\" \/>\n<meta property=\"og:locale\" content=\"ca_ES\" \/>\n<meta property=\"og:type\" content=\"article\" \/>\n<meta property=\"og:title\" content=\"Advocats especialistes en incapacitat i invalidesa laboral a Barcelona | Garanley Advocats\" \/>\n<meta property=\"og:description\" content=\"Com advocats experts en tramitar incapacitats laborals t&#8217;ajudarem a que es reconegui la teva malaltia i aconsegueixis millorar la teva qualitat de vida. Al nostre despatx comptem amb un equip especialitzat en aquest tipus de casos, ja que l&#8217;especialitzaci\u00f3 \u00e9s necess\u00e0ria per aconseguir un resultat \u00f2ptim en aquest tipus de processos. Si est\u00e0s buscant advocat &hellip; Advocats especialistes en incapacitat i invalidesa laboral a Barcelona Read More \u00bb\" \/>\n<meta property=\"og:url\" content=\"https:\/\/garanley.com\/laboral\/incapacidad\/\" \/>\n<meta property=\"og:site_name\" content=\"Garanley Abogados\" \/>\n<meta property=\"article:publisher\" content=\"https:\/\/www.facebook.com\/Garanley\/\" \/>\n<meta property=\"article:published_time\" content=\"2018-02-20T21:42:27+00:00\" \/>\n<meta property=\"article:modified_time\" content=\"2020-03-26T18:54:28+00:00\" \/>\n<meta property=\"og:image\" content=\"https:\/\/garanley.com\/wp-content\/uploads\/1438655.png\" \/>\n\t<meta property=\"og:image:width\" content=\"290\" \/>\n\t<meta property=\"og:image:height\" content=\"190\" \/>\n\t<meta property=\"og:image:type\" content=\"image\/png\" \/>\n<meta name=\"author\" content=\"Garanley\" \/>\n<meta name=\"twitter:card\" content=\"summary_large_image\" \/>\n<meta name=\"twitter:creator\" content=\"@garanley\" \/>\n<meta name=\"twitter:site\" content=\"@garanley\" \/>\n<meta name=\"twitter:label1\" content=\"Escrit per\" \/>\n\t<meta name=\"twitter:data1\" content=\"Garanley\" \/>\n\t<meta name=\"twitter:label2\" content=\"Temps estimat de lectura\" \/>\n\t<meta name=\"twitter:data2\" content=\"7 minuts\" \/>\n<script type=\"application\/ld+json\" class=\"yoast-schema-graph\">{\"@context\":\"https:\/\/schema.org\",\"@graph\":[{\"@type\":\"Article\",\"@id\":\"https:\/\/garanley.com\/laboral\/incapacidad\/#article\",\"isPartOf\":{\"@id\":\"https:\/\/garanley.com\/laboral\/incapacidad\/\"},\"author\":{\"name\":\"Garanley\",\"@id\":\"https:\/\/garanley.com\/#\/schema\/person\/bac4da30eb0dcea464e4bd7c078b142c\"},\"headline\":\"Advocats especialistes en incapacitat i invalidesa laboral a Barcelona\",\"datePublished\":\"2018-02-20T21:42:27+00:00\",\"dateModified\":\"2020-03-26T18:54:28+00:00\",\"mainEntityOfPage\":{\"@id\":\"https:\/\/garanley.com\/laboral\/incapacidad\/\"},\"wordCount\":1399,\"publisher\":{\"@id\":\"https:\/\/garanley.com\/#organization\"},\"articleSection\":[\"Dret Laboral\"],\"inLanguage\":\"ca\"},{\"@type\":\"WebPage\",\"@id\":\"https:\/\/garanley.com\/laboral\/incapacidad\/\",\"url\":\"https:\/\/garanley.com\/laboral\/incapacidad\/\",\"name\":\"Advocats especialistes en incapacitat i invalidesa laboral a Barcelona | Garanley Advocats\",\"isPartOf\":{\"@id\":\"https:\/\/garanley.com\/#website\"},\"datePublished\":\"2018-02-20T21:42:27+00:00\",\"dateModified\":\"2020-03-26T18:54:28+00:00\",\"breadcrumb\":{\"@id\":\"https:\/\/garanley.com\/laboral\/incapacidad\/#breadcrumb\"},\"inLanguage\":\"ca\",\"potentialAction\":[{\"@type\":\"ReadAction\",\"target\":[\"https:\/\/garanley.com\/laboral\/incapacidad\/\"]}]},{\"@type\":\"BreadcrumbList\",\"@id\":\"https:\/\/garanley.com\/laboral\/incapacidad\/#breadcrumb\",\"itemListElement\":[{\"@type\":\"ListItem\",\"position\":1,\"name\":\"Inicio\",\"item\":\"https:\/\/garanley.com\/ca\/\"},{\"@type\":\"ListItem\",\"position\":2,\"name\":\"Advocats especialistes en incapacitat i invalidesa laboral a Barcelona\"}]},{\"@type\":\"WebSite\",\"@id\":\"https:\/\/garanley.com\/#website\",\"url\":\"https:\/\/garanley.com\/\",\"name\":\"Garanley Abogados\",\"description\":\"Despacho de Abogados en Barcelona\",\"publisher\":{\"@id\":\"https:\/\/garanley.com\/#organization\"},\"potentialAction\":[{\"@type\":\"SearchAction\",\"target\":{\"@type\":\"EntryPoint\",\"urlTemplate\":\"https:\/\/garanley.com\/?s={search_term_string}\"},\"query-input\":\"required name=search_term_string\"}],\"inLanguage\":\"ca\"},{\"@type\":\"Organization\",\"@id\":\"https:\/\/garanley.com\/#organization\",\"name\":\"Garanley Abogados\",\"url\":\"https:\/\/garanley.com\/\",\"logo\":{\"@type\":\"ImageObject\",\"inLanguage\":\"ca\",\"@id\":\"https:\/\/garanley.com\/#\/schema\/logo\/image\/\",\"url\":\"https:\/\/garanley.com\/wp-content\/uploads\/Abogados-Barcelona-Garanley.jpg\",\"contentUrl\":\"https:\/\/garanley.com\/wp-content\/uploads\/Abogados-Barcelona-Garanley.jpg\",\"width\":320,\"height\":120,\"caption\":\"Garanley Abogados\"},\"image\":{\"@id\":\"https:\/\/garanley.com\/#\/schema\/logo\/image\/\"},\"sameAs\":[\"https:\/\/www.facebook.com\/Garanley\/\",\"https:\/\/x.com\/garanley\"]},{\"@type\":\"Person\",\"@id\":\"https:\/\/garanley.com\/#\/schema\/person\/bac4da30eb0dcea464e4bd7c078b142c\",\"name\":\"Garanley\",\"image\":{\"@type\":\"ImageObject\",\"inLanguage\":\"ca\",\"@id\":\"https:\/\/garanley.com\/#\/schema\/person\/image\/\",\"url\":\"https:\/\/secure.gravatar.com\/avatar\/36c8ab097c0a00e27519d278104329ce3c98379f20bb4c28590ee0c54be9162f?s=96&d=mm&r=g\",\"contentUrl\":\"https:\/\/secure.gravatar.com\/avatar\/36c8ab097c0a00e27519d278104329ce3c98379f20bb4c28590ee0c54be9162f?s=96&d=mm&r=g\",\"caption\":\"Garanley\"}}]}<\/script>\n<!-- \/ Yoast SEO plugin. -->","yoast_head_json":{"title":"Advocats especialistes en incapacitat i invalidesa laboral a Barcelona | Garanley Advocats","robots":{"index":"index","follow":"follow","max-snippet":"max-snippet:-1","max-image-preview":"max-image-preview:large","max-video-preview":"max-video-preview:-1"},"canonical":"https:\/\/garanley.com\/ca\/laboral\/incapacidad\/","og_locale":"ca_ES","og_type":"article","og_title":"Advocats especialistes en incapacitat i invalidesa laboral a Barcelona | Garanley Advocats","og_description":"Com advocats experts en tramitar incapacitats laborals t&#8217;ajudarem a que es reconegui la teva malaltia i aconsegueixis millorar la teva qualitat de vida. Al nostre despatx comptem amb un equip especialitzat en aquest tipus de casos, ja que l&#8217;especialitzaci\u00f3 \u00e9s necess\u00e0ria per aconseguir un resultat \u00f2ptim en aquest tipus de processos. Si est\u00e0s buscant advocat &hellip; Advocats especialistes en incapacitat i invalidesa laboral a Barcelona Read More \u00bb","og_url":"https:\/\/garanley.com\/laboral\/incapacidad\/","og_site_name":"Garanley Abogados","article_publisher":"https:\/\/www.facebook.com\/Garanley\/","article_published_time":"2018-02-20T21:42:27+00:00","article_modified_time":"2020-03-26T18:54:28+00:00","og_image":[{"width":290,"height":190,"url":"https:\/\/garanley.com\/wp-content\/uploads\/1438655.png","type":"image\/png"}],"author":"Garanley","twitter_card":"summary_large_image","twitter_creator":"@garanley","twitter_site":"@garanley","twitter_misc":{"Escrit per":"Garanley","Temps estimat de lectura":"7 minuts"},"schema":{"@context":"https:\/\/schema.org","@graph":[{"@type":"Article","@id":"https:\/\/garanley.com\/laboral\/incapacidad\/#article","isPartOf":{"@id":"https:\/\/garanley.com\/laboral\/incapacidad\/"},"author":{"name":"Garanley","@id":"https:\/\/garanley.com\/#\/schema\/person\/bac4da30eb0dcea464e4bd7c078b142c"},"headline":"Advocats especialistes en incapacitat i invalidesa laboral a Barcelona","datePublished":"2018-02-20T21:42:27+00:00","dateModified":"2020-03-26T18:54:28+00:00","mainEntityOfPage":{"@id":"https:\/\/garanley.com\/laboral\/incapacidad\/"},"wordCount":1399,"publisher":{"@id":"https:\/\/garanley.com\/#organization"},"articleSection":["Dret Laboral"],"inLanguage":"ca"},{"@type":"WebPage","@id":"https:\/\/garanley.com\/laboral\/incapacidad\/","url":"https:\/\/garanley.com\/laboral\/incapacidad\/","name":"Advocats especialistes en incapacitat i invalidesa laboral a Barcelona | Garanley Advocats","isPartOf":{"@id":"https:\/\/garanley.com\/#website"},"datePublished":"2018-02-20T21:42:27+00:00","dateModified":"2020-03-26T18:54:28+00:00","breadcrumb":{"@id":"https:\/\/garanley.com\/laboral\/incapacidad\/#breadcrumb"},"inLanguage":"ca","potentialAction":[{"@type":"ReadAction","target":["https:\/\/garanley.com\/laboral\/incapacidad\/"]}]},{"@type":"BreadcrumbList","@id":"https:\/\/garanley.com\/laboral\/incapacidad\/#breadcrumb","itemListElement":[{"@type":"ListItem","position":1,"name":"Inicio","item":"https:\/\/garanley.com\/ca\/"},{"@type":"ListItem","position":2,"name":"Advocats especialistes en incapacitat i invalidesa laboral a Barcelona"}]},{"@type":"WebSite","@id":"https:\/\/garanley.com\/#website","url":"https:\/\/garanley.com\/","name":"Garanley Abogados","description":"Despacho de Abogados en Barcelona","publisher":{"@id":"https:\/\/garanley.com\/#organization"},"potentialAction":[{"@type":"SearchAction","target":{"@type":"EntryPoint","urlTemplate":"https:\/\/garanley.com\/?s={search_term_string}"},"query-input":"required name=search_term_string"}],"inLanguage":"ca"},{"@type":"Organization","@id":"https:\/\/garanley.com\/#organization","name":"Garanley Abogados","url":"https:\/\/garanley.com\/","logo":{"@type":"ImageObject","inLanguage":"ca","@id":"https:\/\/garanley.com\/#\/schema\/logo\/image\/","url":"https:\/\/garanley.com\/wp-content\/uploads\/Abogados-Barcelona-Garanley.jpg","contentUrl":"https:\/\/garanley.com\/wp-content\/uploads\/Abogados-Barcelona-Garanley.jpg","width":320,"height":120,"caption":"Garanley Abogados"},"image":{"@id":"https:\/\/garanley.com\/#\/schema\/logo\/image\/"},"sameAs":["https:\/\/www.facebook.com\/Garanley\/","https:\/\/x.com\/garanley"]},{"@type":"Person","@id":"https:\/\/garanley.com\/#\/schema\/person\/bac4da30eb0dcea464e4bd7c078b142c","name":"Garanley","image":{"@type":"ImageObject","inLanguage":"ca","@id":"https:\/\/garanley.com\/#\/schema\/person\/image\/","url":"https:\/\/secure.gravatar.com\/avatar\/36c8ab097c0a00e27519d278104329ce3c98379f20bb4c28590ee0c54be9162f?s=96&d=mm&r=g","contentUrl":"https:\/\/secure.gravatar.com\/avatar\/36c8ab097c0a00e27519d278104329ce3c98379f20bb4c28590ee0c54be9162f?s=96&d=mm&r=g","caption":"Garanley"}}]}},"_links":{"self":[{"href":"https:\/\/garanley.com\/ca\/wp-json\/wp\/v2\/posts\/5447\/"}],"collection":[{"href":"https:\/\/garanley.com\/ca\/wp-json\/wp\/v2\/posts\/"}],"about":[{"href":"https:\/\/garanley.com\/ca\/wp-json\/wp\/v2\/types\/post\/"}],"author":[{"embeddable":true,"href":"https:\/\/garanley.com\/ca\/wp-json\/wp\/v2\/users\/9\/"}],"replies":[{"embeddable":true,"href":"https:\/\/garanley.com\/ca\/wp-json\/wp\/v2\/comments\/?post=5447"}],"version-history":[{"count":2,"href":"https:\/\/garanley.com\/ca\/wp-json\/wp\/v2\/posts\/5447\/revisions\/"}],"predecessor-version":[{"id":5475,"href":"https:\/\/garanley.com\/ca\/wp-json\/wp\/v2\/posts\/5447\/revisions\/5475\/"}],"wp:attachment":[{"href":"https:\/\/garanley.com\/ca\/wp-json\/wp\/v2\/media\/?parent=5447"}],"wp:term":[{"taxonomy":"category","embeddable":true,"href":"https:\/\/garanley.com\/ca\/wp-json\/wp\/v2\/categories\/?post=5447"},{"taxonomy":"post_tag","embeddable":true,"href":"https:\/\/garanley.com\/ca\/wp-json\/wp\/v2\/tags\/?post=5447"}],"curies":[{"name":"wp","href":"https:\/\/api.w.org\/{rel}","templated":true}]}}