{"id":5385,"date":"2018-08-06T14:52:34","date_gmt":"2018-08-06T12:52:34","guid":{"rendered":"http:\/\/garanley.com\/?p=5385"},"modified":"2020-03-25T19:37:01","modified_gmt":"2020-03-25T18:37:01","slug":"discriminacio-laboral","status":"publish","type":"post","link":"https:\/\/garanley.com\/ca\/dret-laboral\/discriminacio-laboral\/","title":{"rendered":"Qu\u00e8 fer davant la discriminaci\u00f3 laboral"},"content":{"rendered":"<div style=\"display: none;\"\n    class=\"kk-star-ratings kksr-valign-top kksr-align-right kksr-disabled\"\n    data-id=\"5385\"\n    data-slug=\"\">\n    <div class=\"kksr-stars\">\n    <div class=\"kksr-stars-inactive\">\n            <div class=\"kksr-star\" data-star=\"1\">\n            <div class=\"kksr-icon\" style=\"width: px; height: px;\"><\/div>\n        <\/div>\n            <div class=\"kksr-star\" data-star=\"2\">\n            <div class=\"kksr-icon\" style=\"width: px; height: px;\"><\/div>\n        <\/div>\n            <div class=\"kksr-star\" data-star=\"3\">\n            <div class=\"kksr-icon\" style=\"width: px; height: px;\"><\/div>\n        <\/div>\n            <div class=\"kksr-star\" data-star=\"4\">\n            <div class=\"kksr-icon\" style=\"width: px; height: px;\"><\/div>\n        <\/div>\n            <div class=\"kksr-star\" data-star=\"5\">\n            <div class=\"kksr-icon\" style=\"width: px; height: px;\"><\/div>\n        <\/div>\n    <\/div>\n    <div class=\"kksr-stars-active\" style=\"width: 0px;\">\n            <div class=\"kksr-star\">\n            <div class=\"kksr-icon\" style=\"width: px; height: px;\"><\/div>\n        <\/div>\n            <div class=\"kksr-star\">\n            <div class=\"kksr-icon\" style=\"width: px; height: px;\"><\/div>\n        <\/div>\n            <div class=\"kksr-star\">\n            <div class=\"kksr-icon\" style=\"width: px; height: px;\"><\/div>\n        <\/div>\n            <div class=\"kksr-star\">\n            <div class=\"kksr-icon\" style=\"width: px; height: px;\"><\/div>\n        <\/div>\n            <div class=\"kksr-star\">\n            <div class=\"kksr-icon\" style=\"width: px; height: px;\"><\/div>\n        <\/div>\n    <\/div>\n<\/div>\n    <div class=\"kksr-legend\">\n            <span class=\"kksr-muted\"><\/span>\n    <\/div>\n<\/div>\n<p><img loading=\"lazy\" decoding=\"async\" class=\"aligncenter size-full wp-image-2595\" src=\"http:\/\/garanley.com\/wp-content\/uploads\/Qu\u00e9-hacer-ante-la-discriminaci\u00f3n-laboral.jpeg\" alt=\"Qu\u00e9 hacer ante la discriminaci\u00f3n laboral\" width=\"500\" height=\"333\" srcset=\"https:\/\/garanley.com\/wp-content\/uploads\/Qu\u00e9-hacer-ante-la-discriminaci\u00f3n-laboral.jpeg 500w, https:\/\/garanley.com\/wp-content\/uploads\/Qu\u00e9-hacer-ante-la-discriminaci\u00f3n-laboral-272x182.jpeg 272w\" sizes=\"auto, (max-width: 500px) 100vw, 500px\" \/><\/p>\n<p>Moltes persones senten que el tracte que reben en el seu lloc de treball \u00e9s injust. S&#8217;ha vist embolicat en situacions en les quals per la seva edat, sexe, nacionalitat, ra\u00e7a o discapacitat se l&#8217;exclou o se li tracta amb difer\u00e8ncia de la resta. Davant aquests casos \u00e9s important <strong>saber qu\u00e8 fer en casos de discriminaci\u00f3 laboral<\/strong> i des del <a href=\"http:\/\/garanley.com\/ca\/\">despatx d&#8217;advocats a Barcelona<\/a> et donarem la informaci\u00f3 que necessites.<br \/>\n<!--more--><\/p>\n<div id=\"ez-toc-container\" class=\"ez-toc-v2_0_17 counter-hierarchy counter-numeric ez-toc-transparent\">\n<div class=\"ez-toc-title-container\">\n<p class=\"ez-toc-title\">Resumen del art&iacute;culo<\/p>\n<span class=\"ez-toc-title-toggle\"><a class=\"ez-toc-pull-right ez-toc-btn ez-toc-btn-xs ez-toc-btn-default ez-toc-toggle\" style=\"display: none;\"><i class=\"ez-toc-glyphicon ez-toc-icon-toggle\"><\/i><\/a><\/span><\/div>\n<nav><ul class=\"ez-toc-list ez-toc-list-level-1\"><li class=\"ez-toc-page-1 ez-toc-heading-level-2\"><a class=\"ez-toc-link ez-toc-heading-1\" href=\"https:\/\/garanley.com\/ca\/dret-laboral\/discriminacio-laboral\/#que-es-la-discriminacio\" title=\"Qu\u00e8 \u00e9s la discriminaci\u00f3?\">Qu\u00e8 \u00e9s la discriminaci\u00f3?<\/a><ul class=\"ez-toc-list-level-3\"><li class=\"ez-toc-heading-level-3\"><a class=\"ez-toc-link ez-toc-heading-2\" href=\"https:\/\/garanley.com\/ca\/dret-laboral\/discriminacio-laboral\/#tipus-de-discriminacio-laboral\" title=\"Tipus de discriminaci\u00f3 laboral\">Tipus de discriminaci\u00f3 laboral<\/a><\/li><li class=\"ez-toc-page-1 ez-toc-heading-level-3\"><a class=\"ez-toc-link ez-toc-heading-3\" href=\"https:\/\/garanley.com\/ca\/dret-laboral\/discriminacio-laboral\/#principi-digualtat-i-normes-contra-la-discriminacio\" title=\"Principi d&#8217;igualtat i normes contra la discriminaci\u00f3\">Principi d&#8217;igualtat i normes contra la discriminaci\u00f3<\/a><\/li><\/ul><\/li><li class=\"ez-toc-page-1 ez-toc-heading-level-2\"><a class=\"ez-toc-link ez-toc-heading-4\" href=\"https:\/\/garanley.com\/ca\/dret-laboral\/discriminacio-laboral\/#que-fer-davant-la-discriminacio-laboral\" title=\"Qu\u00e8 fer davant la discriminaci\u00f3 laboral\">Qu\u00e8 fer davant la discriminaci\u00f3 laboral<\/a><ul class=\"ez-toc-list-level-3\"><li class=\"ez-toc-heading-level-3\"><a class=\"ez-toc-link ez-toc-heading-5\" href=\"https:\/\/garanley.com\/ca\/dret-laboral\/discriminacio-laboral\/#com-es-poden-denunciar-casos-de-discriminacio-laboral\" title=\"Com es poden denunciar casos de discriminaci\u00f3 laboral?\">Com es poden denunciar casos de discriminaci\u00f3 laboral?<\/a><\/li><li class=\"ez-toc-page-1 ez-toc-heading-level-3\"><a class=\"ez-toc-link ez-toc-heading-6\" href=\"https:\/\/garanley.com\/ca\/dret-laboral\/discriminacio-laboral\/#com-evitar-la-discriminacio-en-larea-de-treball\" title=\"Com evitar la discriminaci\u00f3 en l&#8217;\u00e0rea de treball?\">Com evitar la discriminaci\u00f3 en l&#8217;\u00e0rea de treball?<\/a><\/li><\/ul><\/li><\/ul><\/nav><\/div>\n<h2><span class=\"ez-toc-section\" id=\"que-es-la-discriminacio\"><\/span>Qu\u00e8 \u00e9s la discriminaci\u00f3?<span class=\"ez-toc-section-end\"><\/span><\/h2>\n<p>La discriminaci\u00f3 \u00e9s un acte de segregaci\u00f3 cap a una persona dins d&#8217;un entorn social. Quan se li difer\u00e8ncia dels altres o el tracte que se li d\u00f3na \u00e9s menys favorable en circumst\u00e0ncies similars.<\/p>\n<p>Els disparadors de les conductes discriminat\u00f2ries poden ser l&#8217;edat de la persona, el sexe, ra\u00e7a, religi\u00f3, identitat sexual, entre altres. Poden ser aquestes o qualsevol altra que l&#8217;entorn social en qu\u00e8 es troba consideri com negatives o que no s&#8217;ajustin a l&#8217;\u00e8tica de el grup.<\/p>\n<p>La discriminaci\u00f3 atempta contra els drets fonamentals de les persones, protegits per la legislaci\u00f3 espanyola. Aquesta conducta es pot donar tant en l&#8217;\u00e0mbit privat com p\u00fablic. Es pot donar a la llar, l&#8217;escola, a la feina, llocs de recreaci\u00f3, en l&#8217;acc\u00e9s a b\u00e9ns i serveis, etc.<\/p>\n<p>En aquesta ocasi\u00f3 farem \u00e8mfasi en la <strong>discriminaci\u00f3 en el lloc de treball.<\/strong> Aquesta es d\u00f3na quan alguna de les persones que treballa en una empresa rep un tracte desfavorable. Tant la Constituci\u00f3 Espanyola, com altres legislacions i acords internacionals protegeixen la igualtat de drets. Per tant, els casos comprovables es poden denunciar per via administrativa o judicial.<\/p>\n<p>Totes les persones han de fer respectar els seus drets i si consideren que estan sent vulnerats, denunciar-los. Les empreses per la seva banda, han de garantir el tracte igualitari dins de l&#8217;organitzaci\u00f3. \u00c9s a dir, entre els empleats i de part de l&#8217;empresa cap als treballadors.<\/p>\n<h3><span class=\"ez-toc-section\" id=\"tipus-de-discriminacio-laboral\"><\/span>Tipus de discriminaci\u00f3 laboral<span class=\"ez-toc-section-end\"><\/span><\/h3>\n<p>La <strong>discriminaci\u00f3 en el treball es pot manifestar de diverses maneres<\/strong>. A continuaci\u00f3 esmentem els tipus en els quals podem trobar-la:<\/p>\n<ul>\n<li>Discriminaci\u00f3 directa. \u00c9s quan una persona rep un tracte menys favorable que una altra en una situaci\u00f3 similar. S\u00f3n els casos m\u00e9s comuns, la distinci\u00f3 sol fer-se per edat, sexe, ra\u00e7a, etc.<\/li>\n<li>Discriminaci\u00f3 indirecta. Ocorre quan hi ha una situaci\u00f3 que en aparen\u00e7a \u00e9s neutral. No obstant aix\u00f2, representa un desavantatge per a alguna persona. Aquesta, en general, pertany a algun grup protegit pel seu g\u00e8nere, creen\u00e7a, religi\u00f3, ra\u00e7a o qualsevol altre.<\/li>\n<li>Assetjament discriminatori. Succeeix quan hi ha un tracte intimidatori cap a una persona. L&#8217;entorn es torna hostil, l&#8217;empresa o els seus companys intenten humiliar-la.<\/li>\n<li>Persecuci\u00f3 i repres\u00e0lia discriminat\u00f2ria. La persecuci\u00f3 passa quan hi ha un tracte injust en contra d&#8217;alg\u00fa, sense que les causes d&#8217;aquesta conducta siguin els motius de discriminaci\u00f3 habituals. Per exemple, que la persona hagi fet una den\u00fancia contra l&#8217;empresa. Hi repres\u00e0lia discriminat\u00f2ria quan una dona denuncia <strong>desigualtat de g\u00e8nere en el treball<\/strong> i l&#8217;empresa l&#8217;acomiada o desmillora les seves condicions.<\/li>\n<\/ul>\n<p>La discriminaci\u00f3, al costat del <span style=\"color: #33cccc;\">mobbing laboral<\/span>, s\u00f3n dos problemes freq\u00fcents dins de les empreses. No sempre es denuncien a causa de que els que els pateixen tenen por de perdre la feina o que la conducta empitjori. No obstant aix\u00f2, cal ser conscients que hi ha normes que protegeixen els treballadors.<\/p>\n<p>A m\u00e9s dels casos que esmentem tamb\u00e9 pot passar que hi hagi discriminaci\u00f3 per associaci\u00f3. Aix\u00f2 passa quan el tracte discriminatori s&#8217;est\u00e9n a les persones properes a qui \u00e9s objecte de tracte discriminatori.<\/p>\n<p>Tamb\u00e9 hi ha casos de discriminaci\u00f3 laboral m\u00faltiple, \u00e9s a dir, quan hi ha m\u00e9s d&#8217;un motiu darrere de l&#8217;tracte injust. Per exemple, se li impedeix l&#8217;acc\u00e9s a la feina a una persona de nacionalitat diferent, que a m\u00e9s t\u00e9 creences religioses diferents.<\/p>\n<h3><span class=\"ez-toc-section\" id=\"principi-digualtat-i-normes-contra-la-discriminacio\"><\/span>Principi d&#8217;igualtat i normes contra la discriminaci\u00f3<span class=\"ez-toc-section-end\"><\/span><\/h3>\n<p>El principi de tracte igualitari per a tothom est\u00e0 consagrat en l&#8217;article 14 de la Constituci\u00f3 Espanyola. A m\u00e9s, aquest dret es reconeix tamb\u00e9 en la legislaci\u00f3 laboral. Tal com l&#8217;Estatut dels Treballadors, el qual estableix la no discriminaci\u00f3 en les relacions laborals. En aquesta mateixa norma s&#8217;estableix la remuneraci\u00f3 igualit\u00e0ria per ra\u00f3 de sexe.<\/p>\n<p>A m\u00e9s de la normativa espanyola, la Uni\u00f3 Europea tamb\u00e9 t\u00e9 una s\u00e8rie de tractats i directrius que es refereixen a aquest tema. Entre aquests podem esmentar el mateix Tractat de la Uni\u00f3 Europea, la Carta de Drets Fonamentals i el Tractat de Funcionament de la UE.<\/p>\n<p>Existeixen recursos com la guia de l&#8217;MSSSI sobre la discriminaci\u00f3, on es parla d&#8217;aquest tema i qu\u00e8 fer en cas de patir aquest tracte.<br \/>\n<img loading=\"lazy\" decoding=\"async\" class=\"aligncenter wp-image-2597 size-full\" src=\"http:\/\/garanley.com\/wp-content\/uploads\/Tratos-discriminatorios.jpg\" alt=\"Tratos-discriminatorios\" width=\"500\" height=\"190\" \/><\/p>\n<h2><span class=\"ez-toc-section\" id=\"que-fer-davant-la-discriminacio-laboral\"><\/span>Qu\u00e8 fer davant la discriminaci\u00f3 laboral<span class=\"ez-toc-section-end\"><\/span><\/h2>\n<p>La<strong> discriminaci\u00f3 laboral<\/strong> \u00e9s una realitat, per tant \u00e9s necessari con\u00e8ixer quins s\u00f3n els drets i com s&#8217;ha d&#8217;actuar en aquestes circumst\u00e0ncies. El primer que s&#8217;ha de fer en cas de ser v\u00edctima o testimoni d&#8217;algun cas de discriminaci\u00f3 \u00e9s informar-se sobre el tema. \u00c9s important con\u00e8ixer davant de quin inst\u00e0ncies es pot denunciar, quines evid\u00e8ncies necessites, a qui rec\u00f3rrer dins de l&#8217;empresa, etc.<\/p>\n<p>Cal destacar que al fer una den\u00fancia per discriminaci\u00f3 en el lloc de treball, no n&#8217;hi ha prou amb pensar que hi ha un tracte injust. Hi ha d&#8217;haver proves que suporten l&#8217;acusaci\u00f3 en contra d&#8217;altres treballadors o dels representants de l&#8217;empresa.<\/p>\n<p>Quan rebis algun tracte discriminatori fixa&#8217;t qui estan al voltant, aquestes persones et poden servir de testimonis presencials. Porta un registre a on anotis la data i hora aproximada de cada incident discriminatori en contra teva. A m\u00e9s, descriu el que va succeir en aquell moment. I si hi ha proves f\u00edsiques com imatges, guarda-tamb\u00e9.<\/p>\n<p>Revisa les pol\u00edtiques de l&#8217;empresa i les condicions de contractaci\u00f3. Aix\u00f2 t&#8217;ajudar\u00e0 a determinar la posici\u00f3 de l&#8217;organitzaci\u00f3 sobre els tractes discriminatoris, aix\u00ed com saber hi ha un tracte igualitari a l&#8217;hora de seleccionar i contractar el personal.<\/p>\n<p>Pregunta entre els teus companys, fins i tot a extreballadors, si coneixen de casos anteriors de discriminaci\u00f3. Aix\u00f2 tamb\u00e9 et pot servir de prova. Si tens fotografies, v\u00eddeos o \u00e0udios que suporten la teva den\u00fancia conserva-.<\/p>\n<p>Abans de fer la den\u00fancia davant organismes externs, informa primer a l&#8217;empresa. Si el tracte discriminatori ve de part d&#8217;algun company de treball, indica-al teu superior el que est\u00e0 passant.<\/p>\n<p>Si el tracte vingu\u00e9s del teu cap directe o creus que no \u00e9s fiable, llavors va al seu superior o a representants de recursos humans. L&#8217;empresa ha de prendre accions per fer respectar els drets fonamentals dels seus empleats.<\/p>\n<h3><span class=\"ez-toc-section\" id=\"com-es-poden-denunciar-casos-de-discriminacio-laboral\"><\/span>Com es poden denunciar casos de discriminaci\u00f3 laboral?<span class=\"ez-toc-section-end\"><\/span><\/h3>\n<p>Hi ha dues vies a trav\u00e9s de les quals es pot denunciar la discriminaci\u00f3 en el treball. Es pot fer a trav\u00e9s de l&#8217;administraci\u00f3 p\u00fablica o per via judicial.<\/p>\n<p>Si optes per l&#8217;administraci\u00f3 p\u00fablica hi ha dues maneres de fer-ho. La primera \u00e9s davant la <strong>Inspecci\u00f3 de Treball i Seguretat Social<\/strong>. Pots lliurar l&#8217;escrit a l&#8217;oficina de la instituci\u00f3 o enviar-lo per correu. Ha d&#8217;anar acompanyat per una c\u00f2pia de l&#8217;DNI. Tamb\u00e9 pots fer la den\u00fancia digital a trav\u00e9s del web de la Inspecci\u00f3 de Treball.<\/p>\n<p>La identitat del denunciant estar\u00e0 protegida. Cal destacar que qualsevol persona que conegui sobre tractes irregulars en el treball pot fer la den\u00fancia. No \u00e9s un requisit que sigui la v\u00edctima qui ho faci.<\/p>\n<p>L&#8217;altra forma \u00e9s a trav\u00e9s d&#8217;la b\u00fastia de lluita contra el frau laboral. A difer\u00e8ncia de l&#8217;anterior, aquesta \u00e9s an\u00f2nima, per\u00f2 ha de complir amb tots els requisits que s&#8217;exigeixen. Altrament, \u00e9s probable que l&#8217;administraci\u00f3 decideixi no investigar el cas.<\/p>\n<p>En cas que prefereixis fer la den\u00fancia per via judicial contracta l&#8217;<a href=\"http:\/\/garanley.com\/ca\/advocats-laboral\/\">assessoria d&#8217;un <span style=\"color: #33cccc;\">advocat<\/span> <span style=\"color: #33cccc;\">laboral.<\/span><\/a> Aquests estan preparats per ajudar-te a afrontar el problema i romanen actualitzats sobre la legislaci\u00f3 que regeix aquest \u00e0mbit.<\/p>\n<h3><span class=\"ez-toc-section\" id=\"com-evitar-la-discriminacio-en-larea-de-treball\"><\/span>Com evitar la discriminaci\u00f3 en l&#8217;\u00e0rea de treball?<span class=\"ez-toc-section-end\"><\/span><\/h3>\n<p>Els representants de les empreses estan obligats a fer complir els drets de les persones i evitar ells mateixos els tractes discriminatoris. I en cas de con\u00e8ixer sobre algun cas han d&#8217;actuar per corregir aquesta conducta.<\/p>\n<p>A continuaci\u00f3 esmentem algunes mesures que han de prendre les empreses per <strong>evitar tractes<\/strong> <strong>discriminatoris en el treball:<\/strong><\/p>\n<ul>\n<li>Tenir cura del llenguatge que s&#8217;utilitza en les ofertes de treball i durant les entrevistes. La manera en qu\u00e8 es redacten els anuncis poden ser discriminatoris, fent que els candidats es autodescarten fins i tot abans d&#8217;iniciar el proc\u00e9s.<\/li>\n<li>Definir pol\u00edtiques contra la discriminaci\u00f3 en les \u00e0rees de treball i fer-les de el coneixement dels empleats. L&#8217;empresa ha de ser qui deixi les regles clares des del principi. Els treballadors han de saber com denunciar qualsevol cas de discriminaci\u00f3 i tenir acc\u00e9s a tota la informaci\u00f3 al respecte.<\/li>\n<li>L&#8217;organitzaci\u00f3 ha de garantir que tots els treballadors tinguin el mateix acc\u00e9s als processos de selecci\u00f3, formaci\u00f3, promoci\u00f3. Aix\u00ed com salaris igualitaris quan es desenvolupi una mateixa funci\u00f3<\/li>\n<li>Entrenar tant als m\u00e0nagers com als treballadors per saber com actuar davant tractes discriminatoris a l&#8217;oficina. Ser vigilants de compliment de les regles i actuar immediatament quan conegui d&#8217;algun cas de discriminaci\u00f3.<\/li>\n<li>Finalment, ha de fomentar la integraci\u00f3 dels treballadors. Amb aix\u00f2 aconseguir\u00e0 el reconeixement de totes les persones que treballen a l&#8217;empresa i desenvolupar\u00e0 un clima laboral favorable.<\/li>\n<\/ul>\n<p>Si vols m\u00e9s informaci\u00f3 sobre qu\u00e8 fer davant la discriminaci\u00f3 laboral, <a href=\"http:\/\/garanley.com\/ca\/contacto\/\"><span style=\"color: #33cccc;\">contacta&#8217;ns.<\/span><\/a><\/p>\n","protected":false},"excerpt":{"rendered":"<p>Moltes persones senten que el tracte que reben en el seu lloc de treball \u00e9s injust. S&#8217;ha vist embolicat en situacions en les quals per la seva edat, sexe, nacionalitat, ra\u00e7a o discapacitat se l&#8217;exclou o se li tracta amb difer\u00e8ncia de la resta. Davant aquests casos \u00e9s important saber qu\u00e8 fer en casos de &hellip;<\/p>\n<p class=\"read-more\"> <a class=\"\" href=\"https:\/\/garanley.com\/ca\/dret-laboral\/discriminacio-laboral\/\"> <span class=\"screen-reader-text\">Qu\u00e8 fer davant la discriminaci\u00f3 laboral<\/span> Read More \u00bb<\/a><\/p>\n","protected":false},"author":9,"featured_media":2596,"comment_status":"closed","ping_status":"open","sticky":false,"template":"","format":"standard","meta":{"_monsterinsights_skip_tracking":false,"_monsterinsights_sitenote_active":false,"_monsterinsights_sitenote_note":"","_monsterinsights_sitenote_category":0,"footnotes":""},"categories":[19],"tags":[],"class_list":["post-5385","post","type-post","status-publish","format-standard","has-post-thumbnail","hentry","category-dret-laboral"],"yoast_head":"<!-- This site is optimized with the Yoast SEO plugin v23.2 - https:\/\/yoast.com\/wordpress\/plugins\/seo\/ -->\n<title>Discriminaci\u00f3 laboral | Garanley Advocats Barcelona<\/title>\n<meta name=\"robots\" content=\"index, follow, max-snippet:-1, max-image-preview:large, max-video-preview:-1\" \/>\n<link rel=\"canonical\" href=\"https:\/\/garanley.com\/ca\/laboral\/que-hacer-discriminacion-laboral\/\" \/>\n<meta property=\"og:locale\" content=\"ca_ES\" \/>\n<meta property=\"og:type\" content=\"article\" \/>\n<meta property=\"og:title\" content=\"Discriminaci\u00f3 laboral | Garanley Advocats Barcelona\" \/>\n<meta property=\"og:description\" content=\"Moltes persones senten que el tracte que reben en el seu lloc de treball \u00e9s injust. S&#8217;ha vist embolicat en situacions en les quals per la seva edat, sexe, nacionalitat, ra\u00e7a o discapacitat se l&#8217;exclou o se li tracta amb difer\u00e8ncia de la resta. Davant aquests casos \u00e9s important saber qu\u00e8 fer en casos de &hellip; Qu\u00e8 fer davant la discriminaci\u00f3 laboral Read More \u00bb\" \/>\n<meta property=\"og:url\" content=\"https:\/\/garanley.com\/laboral\/que-hacer-discriminacion-laboral\/\" \/>\n<meta property=\"og:site_name\" content=\"Garanley Abogados\" \/>\n<meta property=\"article:publisher\" content=\"https:\/\/www.facebook.com\/Garanley\/\" \/>\n<meta property=\"article:published_time\" content=\"2018-08-06T12:52:34+00:00\" \/>\n<meta property=\"article:modified_time\" content=\"2020-03-25T18:37:01+00:00\" \/>\n<meta property=\"og:image\" content=\"https:\/\/garanley.com\/wp-content\/uploads\/Qu\u00e9-hacer-ante-la-discriminaci\u00f3n-laboral.jpeg\" \/>\n\t<meta property=\"og:image:width\" content=\"500\" \/>\n\t<meta property=\"og:image:height\" content=\"333\" \/>\n\t<meta property=\"og:image:type\" content=\"image\/jpeg\" \/>\n<meta name=\"author\" content=\"Garanley\" \/>\n<meta name=\"twitter:card\" content=\"summary_large_image\" \/>\n<meta name=\"twitter:creator\" content=\"@garanley\" \/>\n<meta name=\"twitter:site\" content=\"@garanley\" \/>\n<meta name=\"twitter:label1\" content=\"Escrit per\" \/>\n\t<meta name=\"twitter:data1\" content=\"Garanley\" \/>\n\t<meta name=\"twitter:label2\" content=\"Temps estimat de lectura\" \/>\n\t<meta name=\"twitter:data2\" content=\"8 minuts\" \/>\n<script type=\"application\/ld+json\" class=\"yoast-schema-graph\">{\"@context\":\"https:\/\/schema.org\",\"@graph\":[{\"@type\":\"Article\",\"@id\":\"https:\/\/garanley.com\/laboral\/que-hacer-discriminacion-laboral\/#article\",\"isPartOf\":{\"@id\":\"https:\/\/garanley.com\/laboral\/que-hacer-discriminacion-laboral\/\"},\"author\":{\"name\":\"Garanley\",\"@id\":\"https:\/\/garanley.com\/#\/schema\/person\/bac4da30eb0dcea464e4bd7c078b142c\"},\"headline\":\"Qu\u00e8 fer davant la discriminaci\u00f3 laboral\",\"datePublished\":\"2018-08-06T12:52:34+00:00\",\"dateModified\":\"2020-03-25T18:37:01+00:00\",\"mainEntityOfPage\":{\"@id\":\"https:\/\/garanley.com\/laboral\/que-hacer-discriminacion-laboral\/\"},\"wordCount\":1588,\"publisher\":{\"@id\":\"https:\/\/garanley.com\/#organization\"},\"image\":{\"@id\":\"https:\/\/garanley.com\/laboral\/que-hacer-discriminacion-laboral\/#primaryimage\"},\"thumbnailUrl\":\"https:\/\/garanley.com\/wp-content\/uploads\/Qu\u00e9-hacer-ante-la-discriminaci\u00f3n-laboral.jpeg\",\"articleSection\":[\"Dret Laboral\"],\"inLanguage\":\"ca\"},{\"@type\":\"WebPage\",\"@id\":\"https:\/\/garanley.com\/laboral\/que-hacer-discriminacion-laboral\/\",\"url\":\"https:\/\/garanley.com\/laboral\/que-hacer-discriminacion-laboral\/\",\"name\":\"Discriminaci\u00f3 laboral | Garanley Advocats Barcelona\",\"isPartOf\":{\"@id\":\"https:\/\/garanley.com\/#website\"},\"primaryImageOfPage\":{\"@id\":\"https:\/\/garanley.com\/laboral\/que-hacer-discriminacion-laboral\/#primaryimage\"},\"image\":{\"@id\":\"https:\/\/garanley.com\/laboral\/que-hacer-discriminacion-laboral\/#primaryimage\"},\"thumbnailUrl\":\"https:\/\/garanley.com\/wp-content\/uploads\/Qu\u00e9-hacer-ante-la-discriminaci\u00f3n-laboral.jpeg\",\"datePublished\":\"2018-08-06T12:52:34+00:00\",\"dateModified\":\"2020-03-25T18:37:01+00:00\",\"breadcrumb\":{\"@id\":\"https:\/\/garanley.com\/laboral\/que-hacer-discriminacion-laboral\/#breadcrumb\"},\"inLanguage\":\"ca\",\"potentialAction\":[{\"@type\":\"ReadAction\",\"target\":[\"https:\/\/garanley.com\/laboral\/que-hacer-discriminacion-laboral\/\"]}]},{\"@type\":\"ImageObject\",\"inLanguage\":\"ca\",\"@id\":\"https:\/\/garanley.com\/laboral\/que-hacer-discriminacion-laboral\/#primaryimage\",\"url\":\"https:\/\/garanley.com\/wp-content\/uploads\/Qu\u00e9-hacer-ante-la-discriminaci\u00f3n-laboral.jpeg\",\"contentUrl\":\"https:\/\/garanley.com\/wp-content\/uploads\/Qu\u00e9-hacer-ante-la-discriminaci\u00f3n-laboral.jpeg\",\"width\":500,\"height\":333,\"caption\":\"Qu\u00e9 hacer ante la discriminaci\u00f3n laboral\"},{\"@type\":\"BreadcrumbList\",\"@id\":\"https:\/\/garanley.com\/laboral\/que-hacer-discriminacion-laboral\/#breadcrumb\",\"itemListElement\":[{\"@type\":\"ListItem\",\"position\":1,\"name\":\"Inicio\",\"item\":\"https:\/\/garanley.com\/ca\/\"},{\"@type\":\"ListItem\",\"position\":2,\"name\":\"Qu\u00e8 fer davant la discriminaci\u00f3 laboral\"}]},{\"@type\":\"WebSite\",\"@id\":\"https:\/\/garanley.com\/#website\",\"url\":\"https:\/\/garanley.com\/\",\"name\":\"Garanley Abogados\",\"description\":\"Despacho de Abogados en Barcelona\",\"publisher\":{\"@id\":\"https:\/\/garanley.com\/#organization\"},\"potentialAction\":[{\"@type\":\"SearchAction\",\"target\":{\"@type\":\"EntryPoint\",\"urlTemplate\":\"https:\/\/garanley.com\/?s={search_term_string}\"},\"query-input\":\"required name=search_term_string\"}],\"inLanguage\":\"ca\"},{\"@type\":\"Organization\",\"@id\":\"https:\/\/garanley.com\/#organization\",\"name\":\"Garanley Abogados\",\"url\":\"https:\/\/garanley.com\/\",\"logo\":{\"@type\":\"ImageObject\",\"inLanguage\":\"ca\",\"@id\":\"https:\/\/garanley.com\/#\/schema\/logo\/image\/\",\"url\":\"https:\/\/garanley.com\/wp-content\/uploads\/Abogados-Barcelona-Garanley.jpg\",\"contentUrl\":\"https:\/\/garanley.com\/wp-content\/uploads\/Abogados-Barcelona-Garanley.jpg\",\"width\":320,\"height\":120,\"caption\":\"Garanley Abogados\"},\"image\":{\"@id\":\"https:\/\/garanley.com\/#\/schema\/logo\/image\/\"},\"sameAs\":[\"https:\/\/www.facebook.com\/Garanley\/\",\"https:\/\/x.com\/garanley\"]},{\"@type\":\"Person\",\"@id\":\"https:\/\/garanley.com\/#\/schema\/person\/bac4da30eb0dcea464e4bd7c078b142c\",\"name\":\"Garanley\",\"image\":{\"@type\":\"ImageObject\",\"inLanguage\":\"ca\",\"@id\":\"https:\/\/garanley.com\/#\/schema\/person\/image\/\",\"url\":\"https:\/\/secure.gravatar.com\/avatar\/36c8ab097c0a00e27519d278104329ce3c98379f20bb4c28590ee0c54be9162f?s=96&d=mm&r=g\",\"contentUrl\":\"https:\/\/secure.gravatar.com\/avatar\/36c8ab097c0a00e27519d278104329ce3c98379f20bb4c28590ee0c54be9162f?s=96&d=mm&r=g\",\"caption\":\"Garanley\"}}]}<\/script>\n<!-- \/ Yoast SEO plugin. -->","yoast_head_json":{"title":"Discriminaci\u00f3 laboral | Garanley Advocats Barcelona","robots":{"index":"index","follow":"follow","max-snippet":"max-snippet:-1","max-image-preview":"max-image-preview:large","max-video-preview":"max-video-preview:-1"},"canonical":"https:\/\/garanley.com\/ca\/laboral\/que-hacer-discriminacion-laboral\/","og_locale":"ca_ES","og_type":"article","og_title":"Discriminaci\u00f3 laboral | Garanley Advocats Barcelona","og_description":"Moltes persones senten que el tracte que reben en el seu lloc de treball \u00e9s injust. S&#8217;ha vist embolicat en situacions en les quals per la seva edat, sexe, nacionalitat, ra\u00e7a o discapacitat se l&#8217;exclou o se li tracta amb difer\u00e8ncia de la resta. Davant aquests casos \u00e9s important saber qu\u00e8 fer en casos de &hellip; Qu\u00e8 fer davant la discriminaci\u00f3 laboral Read More \u00bb","og_url":"https:\/\/garanley.com\/laboral\/que-hacer-discriminacion-laboral\/","og_site_name":"Garanley Abogados","article_publisher":"https:\/\/www.facebook.com\/Garanley\/","article_published_time":"2018-08-06T12:52:34+00:00","article_modified_time":"2020-03-25T18:37:01+00:00","og_image":[{"width":500,"height":333,"url":"https:\/\/garanley.com\/wp-content\/uploads\/Qu\u00e9-hacer-ante-la-discriminaci\u00f3n-laboral.jpeg","type":"image\/jpeg"}],"author":"Garanley","twitter_card":"summary_large_image","twitter_creator":"@garanley","twitter_site":"@garanley","twitter_misc":{"Escrit per":"Garanley","Temps estimat de lectura":"8 minuts"},"schema":{"@context":"https:\/\/schema.org","@graph":[{"@type":"Article","@id":"https:\/\/garanley.com\/laboral\/que-hacer-discriminacion-laboral\/#article","isPartOf":{"@id":"https:\/\/garanley.com\/laboral\/que-hacer-discriminacion-laboral\/"},"author":{"name":"Garanley","@id":"https:\/\/garanley.com\/#\/schema\/person\/bac4da30eb0dcea464e4bd7c078b142c"},"headline":"Qu\u00e8 fer davant la discriminaci\u00f3 laboral","datePublished":"2018-08-06T12:52:34+00:00","dateModified":"2020-03-25T18:37:01+00:00","mainEntityOfPage":{"@id":"https:\/\/garanley.com\/laboral\/que-hacer-discriminacion-laboral\/"},"wordCount":1588,"publisher":{"@id":"https:\/\/garanley.com\/#organization"},"image":{"@id":"https:\/\/garanley.com\/laboral\/que-hacer-discriminacion-laboral\/#primaryimage"},"thumbnailUrl":"https:\/\/garanley.com\/wp-content\/uploads\/Qu\u00e9-hacer-ante-la-discriminaci\u00f3n-laboral.jpeg","articleSection":["Dret Laboral"],"inLanguage":"ca"},{"@type":"WebPage","@id":"https:\/\/garanley.com\/laboral\/que-hacer-discriminacion-laboral\/","url":"https:\/\/garanley.com\/laboral\/que-hacer-discriminacion-laboral\/","name":"Discriminaci\u00f3 laboral | Garanley Advocats Barcelona","isPartOf":{"@id":"https:\/\/garanley.com\/#website"},"primaryImageOfPage":{"@id":"https:\/\/garanley.com\/laboral\/que-hacer-discriminacion-laboral\/#primaryimage"},"image":{"@id":"https:\/\/garanley.com\/laboral\/que-hacer-discriminacion-laboral\/#primaryimage"},"thumbnailUrl":"https:\/\/garanley.com\/wp-content\/uploads\/Qu\u00e9-hacer-ante-la-discriminaci\u00f3n-laboral.jpeg","datePublished":"2018-08-06T12:52:34+00:00","dateModified":"2020-03-25T18:37:01+00:00","breadcrumb":{"@id":"https:\/\/garanley.com\/laboral\/que-hacer-discriminacion-laboral\/#breadcrumb"},"inLanguage":"ca","potentialAction":[{"@type":"ReadAction","target":["https:\/\/garanley.com\/laboral\/que-hacer-discriminacion-laboral\/"]}]},{"@type":"ImageObject","inLanguage":"ca","@id":"https:\/\/garanley.com\/laboral\/que-hacer-discriminacion-laboral\/#primaryimage","url":"https:\/\/garanley.com\/wp-content\/uploads\/Qu\u00e9-hacer-ante-la-discriminaci\u00f3n-laboral.jpeg","contentUrl":"https:\/\/garanley.com\/wp-content\/uploads\/Qu\u00e9-hacer-ante-la-discriminaci\u00f3n-laboral.jpeg","width":500,"height":333,"caption":"Qu\u00e9 hacer ante la discriminaci\u00f3n laboral"},{"@type":"BreadcrumbList","@id":"https:\/\/garanley.com\/laboral\/que-hacer-discriminacion-laboral\/#breadcrumb","itemListElement":[{"@type":"ListItem","position":1,"name":"Inicio","item":"https:\/\/garanley.com\/ca\/"},{"@type":"ListItem","position":2,"name":"Qu\u00e8 fer davant la discriminaci\u00f3 laboral"}]},{"@type":"WebSite","@id":"https:\/\/garanley.com\/#website","url":"https:\/\/garanley.com\/","name":"Garanley Abogados","description":"Despacho de Abogados en Barcelona","publisher":{"@id":"https:\/\/garanley.com\/#organization"},"potentialAction":[{"@type":"SearchAction","target":{"@type":"EntryPoint","urlTemplate":"https:\/\/garanley.com\/?s={search_term_string}"},"query-input":"required name=search_term_string"}],"inLanguage":"ca"},{"@type":"Organization","@id":"https:\/\/garanley.com\/#organization","name":"Garanley Abogados","url":"https:\/\/garanley.com\/","logo":{"@type":"ImageObject","inLanguage":"ca","@id":"https:\/\/garanley.com\/#\/schema\/logo\/image\/","url":"https:\/\/garanley.com\/wp-content\/uploads\/Abogados-Barcelona-Garanley.jpg","contentUrl":"https:\/\/garanley.com\/wp-content\/uploads\/Abogados-Barcelona-Garanley.jpg","width":320,"height":120,"caption":"Garanley Abogados"},"image":{"@id":"https:\/\/garanley.com\/#\/schema\/logo\/image\/"},"sameAs":["https:\/\/www.facebook.com\/Garanley\/","https:\/\/x.com\/garanley"]},{"@type":"Person","@id":"https:\/\/garanley.com\/#\/schema\/person\/bac4da30eb0dcea464e4bd7c078b142c","name":"Garanley","image":{"@type":"ImageObject","inLanguage":"ca","@id":"https:\/\/garanley.com\/#\/schema\/person\/image\/","url":"https:\/\/secure.gravatar.com\/avatar\/36c8ab097c0a00e27519d278104329ce3c98379f20bb4c28590ee0c54be9162f?s=96&d=mm&r=g","contentUrl":"https:\/\/secure.gravatar.com\/avatar\/36c8ab097c0a00e27519d278104329ce3c98379f20bb4c28590ee0c54be9162f?s=96&d=mm&r=g","caption":"Garanley"}}]}},"_links":{"self":[{"href":"https:\/\/garanley.com\/ca\/wp-json\/wp\/v2\/posts\/5385\/"}],"collection":[{"href":"https:\/\/garanley.com\/ca\/wp-json\/wp\/v2\/posts\/"}],"about":[{"href":"https:\/\/garanley.com\/ca\/wp-json\/wp\/v2\/types\/post\/"}],"author":[{"embeddable":true,"href":"https:\/\/garanley.com\/ca\/wp-json\/wp\/v2\/users\/9\/"}],"replies":[{"embeddable":true,"href":"https:\/\/garanley.com\/ca\/wp-json\/wp\/v2\/comments\/?post=5385"}],"version-history":[{"count":2,"href":"https:\/\/garanley.com\/ca\/wp-json\/wp\/v2\/posts\/5385\/revisions\/"}],"predecessor-version":[{"id":5422,"href":"https:\/\/garanley.com\/ca\/wp-json\/wp\/v2\/posts\/5385\/revisions\/5422\/"}],"wp:featuredmedia":[{"embeddable":true,"href":"https:\/\/garanley.com\/ca\/wp-json\/wp\/v2\/media\/2596\/"}],"wp:attachment":[{"href":"https:\/\/garanley.com\/ca\/wp-json\/wp\/v2\/media\/?parent=5385"}],"wp:term":[{"taxonomy":"category","embeddable":true,"href":"https:\/\/garanley.com\/ca\/wp-json\/wp\/v2\/categories\/?post=5385"},{"taxonomy":"post_tag","embeddable":true,"href":"https:\/\/garanley.com\/ca\/wp-json\/wp\/v2\/tags\/?post=5385"}],"curies":[{"name":"wp","href":"https:\/\/api.w.org\/{rel}","templated":true}]}}