{"id":5341,"date":"2018-10-19T09:20:24","date_gmt":"2018-10-19T07:20:24","guid":{"rendered":"http:\/\/garanley.com\/?p=5341"},"modified":"2020-03-24T19:18:54","modified_gmt":"2020-03-24T18:18:54","slug":"regim-de-visites-comunicacions-dels-menors","status":"publish","type":"post","link":"https:\/\/garanley.com\/ca\/familia\/regim-de-visites-comunicacions-dels-menors\/","title":{"rendered":"El dret al r\u00e8gim de visites i comunicacions dels menors"},"content":{"rendered":"<div style=\"display: none;\"\n    class=\"kk-star-ratings kksr-valign-top kksr-align-right kksr-disabled\"\n    data-id=\"5341\"\n    data-slug=\"\">\n    <div class=\"kksr-stars\">\n    <div class=\"kksr-stars-inactive\">\n            <div class=\"kksr-star\" data-star=\"1\">\n            <div class=\"kksr-icon\" style=\"width: px; height: px;\"><\/div>\n        <\/div>\n            <div class=\"kksr-star\" data-star=\"2\">\n            <div class=\"kksr-icon\" style=\"width: px; height: px;\"><\/div>\n        <\/div>\n            <div class=\"kksr-star\" data-star=\"3\">\n            <div class=\"kksr-icon\" style=\"width: px; height: px;\"><\/div>\n        <\/div>\n            <div class=\"kksr-star\" data-star=\"4\">\n            <div class=\"kksr-icon\" style=\"width: px; height: px;\"><\/div>\n        <\/div>\n            <div class=\"kksr-star\" data-star=\"5\">\n            <div class=\"kksr-icon\" style=\"width: px; height: px;\"><\/div>\n        <\/div>\n    <\/div>\n    <div class=\"kksr-stars-active\" style=\"width: 0px;\">\n            <div class=\"kksr-star\">\n            <div class=\"kksr-icon\" style=\"width: px; height: px;\"><\/div>\n        <\/div>\n            <div class=\"kksr-star\">\n            <div class=\"kksr-icon\" style=\"width: px; height: px;\"><\/div>\n        <\/div>\n            <div class=\"kksr-star\">\n            <div class=\"kksr-icon\" style=\"width: px; height: px;\"><\/div>\n        <\/div>\n            <div class=\"kksr-star\">\n            <div class=\"kksr-icon\" style=\"width: px; height: px;\"><\/div>\n        <\/div>\n            <div class=\"kksr-star\">\n            <div class=\"kksr-icon\" style=\"width: px; height: px;\"><\/div>\n        <\/div>\n    <\/div>\n<\/div>\n    <div class=\"kksr-legend\">\n            <span class=\"kksr-muted\"><\/span>\n    <\/div>\n<\/div>\n<p><img loading=\"lazy\" decoding=\"async\" class=\"aligncenter wp-image-2839\" src=\"http:\/\/garanley.com\/wp-content\/uploads\/El-derecho-al-regimen-de-visitas-y-comunicaciones-de-los-menores.jpg\" alt=\"El derecho al regimen de visitas y comunicaciones de los menores\" width=\"600\" height=\"263\" srcset=\"https:\/\/garanley.com\/wp-content\/uploads\/El-derecho-al-regimen-de-visitas-y-comunicaciones-de-los-menores.jpg 800w, https:\/\/garanley.com\/wp-content\/uploads\/El-derecho-al-regimen-de-visitas-y-comunicaciones-de-los-menores-768x336.jpg 768w\" sizes=\"auto, (max-width: 600px) 100vw, 600px\" \/><br \/>Un divorci suposa un conflicte psicol\u00f2gic per als fills. Especialment, quan no es respecta el <strong>dret<\/strong> <strong>a el r\u00e8gim de visites i comunicacions dels menors.<\/strong> Al nostre <a href=\"http:\/\/garanley.com\">despatx d&#8217;advocats<\/a> a Barcelona sabem l&#8217;important que aquest tema, per aix\u00f2, et comptarem tot a l&#8217;respecte.<\/p>\n<p><!--more--><\/p>\n<div id=\"ez-toc-container\" class=\"ez-toc-v2_0_17 counter-hierarchy counter-numeric ez-toc-transparent\">\n<div class=\"ez-toc-title-container\">\n<p class=\"ez-toc-title\">Resumen del art&iacute;culo<\/p>\n<span class=\"ez-toc-title-toggle\"><a class=\"ez-toc-pull-right ez-toc-btn ez-toc-btn-xs ez-toc-btn-default ez-toc-toggle\" style=\"display: none;\"><i class=\"ez-toc-glyphicon ez-toc-icon-toggle\"><\/i><\/a><\/span><\/div>\n<nav><ul class=\"ez-toc-list ez-toc-list-level-1\"><li class=\"ez-toc-page-1 ez-toc-heading-level-2\"><a class=\"ez-toc-link ez-toc-heading-1\" href=\"https:\/\/garanley.com\/ca\/familia\/regim-de-visites-comunicacions-dels-menors\/#el-divorci-i-els-fills\" title=\"El divorci i els fills\">El divorci i els fills<\/a><\/li><li class=\"ez-toc-page-1 ez-toc-heading-level-2\"><a class=\"ez-toc-link ez-toc-heading-2\" href=\"https:\/\/garanley.com\/ca\/familia\/regim-de-visites-comunicacions-dels-menors\/#el-dret-al-regim-de-visites-i-comunicacions-dels-menors\" title=\"El Dret al r\u00e8gim de visites i comunicacions dels menors\">El Dret al r\u00e8gim de visites i comunicacions dels menors<\/a><ul class=\"ez-toc-list-level-3\"><li class=\"ez-toc-heading-level-3\"><a class=\"ez-toc-link ez-toc-heading-3\" href=\"https:\/\/garanley.com\/ca\/familia\/regim-de-visites-comunicacions-dels-menors\/#%c2%bfque-sha-de-considerar-abans-destablir-el-regim-de-visites\" title=\"\u00bfQu\u00e8 s&#8217;ha de considerar abans d&#8217;establir el r\u00e8gim de visites?\">\u00bfQu\u00e8 s&#8217;ha de considerar abans d&#8217;establir el r\u00e8gim de visites?<\/a><\/li><li class=\"ez-toc-page-1 ez-toc-heading-level-3\"><a class=\"ez-toc-link ez-toc-heading-4\" href=\"https:\/\/garanley.com\/ca\/familia\/regim-de-visites-comunicacions-dels-menors\/#%c2%bfels-avis-tenen-dret-a-el-regim-de-visites\" title=\"\u00bfEls avis tenen dret a el r\u00e8gim de visites?\">\u00bfEls avis tenen dret a el r\u00e8gim de visites?<\/a><\/li><\/ul><\/li><li class=\"ez-toc-page-1 ez-toc-heading-level-2\"><a class=\"ez-toc-link ez-toc-heading-5\" href=\"https:\/\/garanley.com\/ca\/familia\/regim-de-visites-comunicacions-dels-menors\/#i\" title=\"\u00a0\">\u00a0<\/a><ul class=\"ez-toc-list-level-3\"><li class=\"ez-toc-heading-level-3\"><a class=\"ez-toc-link ez-toc-heading-6\" href=\"https:\/\/garanley.com\/ca\/familia\/regim-de-visites-comunicacions-dels-menors\/#regim-de-visites-normalitzat\" title=\"R\u00e8gim de visites normalitzat\">R\u00e8gim de visites normalitzat<\/a><\/li><li class=\"ez-toc-page-1 ez-toc-heading-level-3\"><a class=\"ez-toc-link ez-toc-heading-7\" href=\"https:\/\/garanley.com\/ca\/familia\/regim-de-visites-comunicacions-dels-menors\/#regim-de-visites-no-normalitzat\" title=\"R\u00e8gim de visites no normalitzat\">R\u00e8gim de visites no normalitzat<\/a><\/li><\/ul><\/li><li class=\"ez-toc-page-1 ez-toc-heading-level-2\"><a class=\"ez-toc-link ez-toc-heading-8\" href=\"https:\/\/garanley.com\/ca\/familia\/regim-de-visites-comunicacions-dels-menors\/#lincompliment-del-regim-de-visites\" title=\"L&#8217;incompliment del r\u00e8gim de visites\">L&#8217;incompliment del r\u00e8gim de visites<\/a><ul class=\"ez-toc-list-level-3\"><li class=\"ez-toc-heading-level-3\"><a class=\"ez-toc-link ez-toc-heading-9\" href=\"https:\/\/garanley.com\/ca\/familia\/regim-de-visites-comunicacions-dels-menors\/#que-passa-si-sincompleix-lacord-de-visites-i-comunicacions\" title=\"Qu\u00e8 passa si s&#8217;incompleix l&#8217;acord de visites i comunicacions?\">Qu\u00e8 passa si s&#8217;incompleix l&#8217;acord de visites i comunicacions?<\/a><\/li><\/ul><\/li><li class=\"ez-toc-page-1 ez-toc-heading-level-2\"><a class=\"ez-toc-link ez-toc-heading-10\" href=\"https:\/\/garanley.com\/ca\/familia\/regim-de-visites-comunicacions-dels-menors\/#recomanacions-per-establir-els-drets-de-visites-i-comunicacions\" title=\"Recomanacions per establir els drets de visites i comunicacions\">Recomanacions per establir els drets de visites i comunicacions<\/a><\/li><\/ul><\/nav><\/div>\n<h2><span class=\"ez-toc-section\" id=\"el-divorci-i-els-fills\"><\/span>El divorci i els fills<span class=\"ez-toc-section-end\"><\/span><\/h2>\n<p>M\u00e9s enll\u00e0 del buit que genera una separaci\u00f3 per als pares que en un moment determinat decideixen donar per acabada la seva relaci\u00f3 i el seu vincle legal matrimonial. Existeix tamb\u00e9 la repercussi\u00f3 que t\u00e9 per als fills a nivell psicol\u00f2gic.<\/p>\n<p>Els pares han de ser conscients que els menors no tenen per qu\u00e8 patir les conseq\u00fc\u00e8ncies dels malentesos o els motius de la ruptura dels seus vincles com a parella. A causa de que es generen traumes i desafecci\u00f3 dels fills en relaci\u00f3 a el progenitor que no els t\u00e9 en el seu poder.<\/p>\n<p>Quan el r\u00e8gim de visites en un divorci amb fills no \u00e9s ben canalitzat pels pares, els nens reflecteixen certes conseq\u00fc\u00e8ncies a nivell de <strong>conducta<\/strong> que afecten negativament la vida. Com per exemple:<\/p>\n<ul>\n<li>Depressi\u00f3.<\/li>\n<li>Por.<\/li>\n<li>Ansiedat.<\/li>\n<li>Baixada del rendiment acad\u00e8mic.<\/li>\n<li>Problemes per socialitzar.<\/li>\n<li>Autoconcepte negatiu.<\/li>\n<li>Mala conducta en general.<\/li>\n<\/ul>\n<p><img loading=\"lazy\" decoding=\"async\" class=\"aligncenter wp-image-2835 size-full\" src=\"http:\/\/garanley.com\/wp-content\/uploads\/Discusion-de-padres-afecta-a-los-hijos.jpg\" alt=\"Regimen de visitas y los ni\u00f1os\" width=\"644\" height=\"362\" \/><\/p>\n<h2><span class=\"ez-toc-section\" id=\"el-dret-al-regim-de-visites-i-comunicacions-dels-menors\"><\/span>El Dret al r\u00e8gim de visites i comunicacions dels menors<span class=\"ez-toc-section-end\"><\/span><\/h2>\n<p>El r\u00e8gim de visites i comunicacions \u00e9s un <strong>acord que se signa entre els pares<\/strong> que no poden conciliar en bons termes el temps que tindr\u00e0 el progenitor absent amb els seus fills.<\/p>\n<p>Aquest es realitza amb la finalitat d&#8217;aconseguir un conveni, mitjan\u00e7ant un contracte que es porta a terme de forma legal amb la pres\u00e8ncia d&#8217;un jutge de fam\u00edlia. En aquest es defineix el temps a qu\u00e8 t\u00e9 dret el pare no custodi amb els nens.<\/p>\n<p>Generalment, aquest r\u00e8gim es determina per la proximitat que tingui el pare amb els fills. En moltes ocasions el progenitor viu en una altra ciutat, de manera que s&#8217;ha de buscar una freq\u00fc\u00e8ncia que els permeti mantenir el lla\u00e7 afectiu entre pares i fills.<\/p>\n<p>La import\u00e0ncia d&#8217;arribar a un acord \u00e9s que, els que es perjudiquen si aquest lla\u00e7 no es mant\u00e9 s\u00f3n els nens. Ja que pateixen les conseq\u00fc\u00e8ncies d&#8217;una relaci\u00f3 poc amistosa entre els seus pares i els ocasiona rancors i diferents estats psicol\u00f2gics a nivell afectiu que no s\u00f3n bons per a cap.<\/p>\n<h3><span class=\"ez-toc-section\" id=\"%c2%bfque-sha-de-considerar-abans-destablir-el-regim-de-visites\"><\/span>\u00bfQu\u00e8 s&#8217;ha de considerar abans d&#8217;establir el r\u00e8gim de visites?<span class=\"ez-toc-section-end\"><\/span><\/h3>\n<p>Abans de constituir un r\u00e8gim de visites per al pare a Espanya s&#8217;ha de tenir en compte l&#8217;edat dels fills. Per exemple, quan hi ha el cas que un nen es troba en per\u00edode de lact\u00e0ncia, es restringeix l&#8217;horari. En aquesta ocasi\u00f3, es pot limitar a alguns dies a les tardes. Generalment 3 o 4 vegades a la setmana i s&#8217;elimina el dret que la visita consisteixi en dur-se a el nen allunyant-lo de la seva mare.<\/p>\n<p>Per a nens m\u00e9s grans generalment s&#8217;atribueixen horaris que s\u00f3n els caps de setmana alternats i la meitat de el temps dels per\u00edodes de vacances. Quan el pare absent viu en una altra ciutat, s&#8217;acumulen els caps de setmana.<\/p>\n<p>D&#8217;aquesta manera, es pot arribar a un acord perqu\u00e8 aquest temps sigui afegit a el per\u00edode de les vacances. Tamb\u00e9, es pot acordar la visita d&#8217;un cap de setmana complet a el mes. Aquests temps tamb\u00e9 s&#8217;estableixen d&#8217;acord a les possibilitats de el pare i als desitjos dels nens si estan en edat per decidir si volen o no visitar al seu progenitor.<\/p>\n<p>Les comunicacions gaireb\u00e9 mai s\u00f3n restringides per la qual cosa el pare absent podr\u00e0 parlar amb els seus fills utilitzant el tel\u00e8fon o els sistemes de xat o v\u00eddeo xat, per fer menys complicat el proc\u00e9s per als seus fills.<\/p>\n<h3><span class=\"ez-toc-section\" id=\"%c2%bfels-avis-tenen-dret-a-el-regim-de-visites\"><\/span>\u00bfEls avis tenen dret a el r\u00e8gim de visites?<span class=\"ez-toc-section-end\"><\/span><\/h3>\n<p>S\u00ed. Fins i tot, hi ha una llei que determina que els avis s\u00f3n part fonamental en la vida familiar i integral dels infants. Doncs, aquests transmeten valors i enforteixen la cohesi\u00f3 de les relacions amb els pares.<\/p>\n<p>Aquest dret es pot concedir de dues formes:<\/p>\n<ul>\n<li>Per<strong> acord dels c\u00f2njuges<\/strong> en la sent\u00e8ncia de divorci. Aquesta s&#8217;estableix mitjan\u00e7ant un conveni regulador de el per\u00edode de visites dels avis.<\/li>\n<li>Pot ser <strong>sol\u00b7licitat pels avis<\/strong> davant del jutjat. Aquest vincle ha d&#8217;estar legitimat. Aquesta sol\u00b7licitud correspon a el fet que no es pot privar la seva visita sense una causa justa.<\/li>\n<\/ul>\n<p>Com advocats de fam\u00edlia a Barcelona, tenim el deure d&#8217;informar els avis que \u00e9s possible rebre el dret a el r\u00e8gim de visites i comunicacions tot i que s&#8217;ha susp\u00e8s per al progenitor de la mateixa l\u00ednia.<\/p>\n<p>Aquests per\u00edodes per compartir amb els n\u00e9ts s&#8217;han d&#8217;utilitzar amb responsabilitat i prud\u00e8ncia per no incomplir els acords establerts pels pares. D&#8217;aquesta manera es garanteix el respecte en cas que hi hagi la suspensi\u00f3 cap al progenitor de la l\u00ednia.<\/p>\n<p><img loading=\"lazy\" decoding=\"async\" class=\"aligncenter size-full wp-image-2831\" src=\"http:\/\/garanley.com\/wp-content\/uploads\/Derecho-al-regimen-de-visitas-de-abuelos.jpg\" alt=\"Regimen de visitas de los abuelos\" width=\"630\" height=\"315\" \/><\/p>\n<h2><span class=\"ez-toc-section\" id=\"i\"><\/span>\u00a0<span class=\"ez-toc-section-end\"><\/span><\/h2>\n<p>El r\u00e8gim de visites i comunicaci\u00f3 pot dividir-se en dos grups. Aquests depenen de les condicions dels pares i la regularitat en qu\u00e8 es relacionen amb els fills. I s\u00f3n:<\/p>\n<h3><span class=\"ez-toc-section\" id=\"regim-de-visites-normalitzat\"><\/span>R\u00e8gim de visites normalitzat<span class=\"ez-toc-section-end\"><\/span><\/h3>\n<p>Aquest acord estableix un <strong>r\u00e8gim de visites progressiu<\/strong>. On el pare no custodi t\u00e9 regularitat de visita i comunicaci\u00f3 amb el fill. En general, aquest compta amb el dret a veure els seus fills amb les seg\u00fcents condicions:<\/p>\n<ul>\n<li>Visita d&#8217;una o dues tardes per setmana.<\/li>\n<li>R\u00e8gim de visita amb pernocta en caps de setmana alterns.<\/li>\n<li>Vacances de l&#8217;infant dividides per meitat per gaudir de tots dos pares.<\/li>\n<li>Comunicaci\u00f3 regular per mitj\u00e0 de dispositius electr\u00f2nics.<\/li>\n<\/ul>\n<p>Els acords establerts poden variar depenent dels progenitors. L&#8217;ideal, \u00e9s que hi hagi una sana conviv\u00e8ncia que permeti la flexibilitat d&#8217;horaris sense afectar l&#8217;estabilitat i relaci\u00f3 entre pares i fills.<\/p>\n<h3><span class=\"ez-toc-section\" id=\"regim-de-visites-no-normalitzat\"><\/span>R\u00e8gim de visites no normalitzat<span class=\"ez-toc-section-end\"><\/span><\/h3>\n<p>Aqu\u00ed el r\u00e8gim de visites per al pare no custodi <strong>\u00e9s irregular.<\/strong> Per\u00f2 no per disminuci\u00f3 de la responsabilitat. Aquest tipus de r\u00e8gim s&#8217;estableix per causes particulars de cada cas. Entre elles, es poden presentar:<\/p>\n<ul>\n<li>Resid\u00e8ncia a ciutats diferents.<\/li>\n<li>Curta edat del menor.<\/li>\n<li>Condicions de salut de pares o fills.<\/li>\n<li>Horaris laborals del pare<\/li>\n<\/ul>\n<p>La majoria de les vegades, el que determina un r\u00e8gim no normalitzat \u00e9s la curta edat de l&#8217;detall, en on s&#8217;estableix un r\u00e8gim de visites m\u00ednim gr\u00e0cies a la depend\u00e8ncia de l&#8217;infant amb la mare.<\/p>\n<p>Tamb\u00e9, inclou els casos de r\u00e8gim de visites <strong>sense pernocta<\/strong> per causes espec\u00edfiques. L&#8217;important, \u00e9s que sempre es constitueixi en pro dels menors, tenint en compte els seus desitjos per a no afectar la seva estabilitat emocional o psicol\u00f2gica.<\/p>\n<p><img loading=\"lazy\" decoding=\"async\" class=\"aligncenter wp-image-2833\" src=\"http:\/\/garanley.com\/wp-content\/uploads\/Regimen-de-visitas.jpg\" alt=\"Regimen de visitas\" width=\"664\" height=\"442\" srcset=\"https:\/\/garanley.com\/wp-content\/uploads\/Regimen-de-visitas.jpg 849w, https:\/\/garanley.com\/wp-content\/uploads\/Regimen-de-visitas-768x511.jpg 768w, https:\/\/garanley.com\/wp-content\/uploads\/Regimen-de-visitas-272x182.jpg 272w\" sizes=\"auto, (max-width: 664px) 100vw, 664px\" \/><\/p>\n<h2><span class=\"ez-toc-section\" id=\"lincompliment-del-regim-de-visites\"><\/span>L&#8217;incompliment del r\u00e8gim de visites<span class=\"ez-toc-section-end\"><\/span><\/h2>\n<p>Di\u00e0riament, hi ha pares denunciant als seus ex parelles per <strong>l&#8217;incompliment del r\u00e8gim<\/strong> de comunicacions i visites. Els casos evidencien que aquesta falta pot ser exposada tant pel pare no custodi com pel que posseeix la guarda i cust\u00f2dia. Depenent de qui sigui l&#8217;afectat.<\/p>\n<p>Els incompliments poden ser:<\/p>\n<ul>\n<li>No es visita en l&#8217;horari establert.<\/li>\n<li>El pare absent busca o lliurament a l&#8217;infant en horaris i dies que no li corresponen.<\/li>\n<li>Es prohibeix la comunicaci\u00f3 amb el progenitor no custodi.<\/li>\n<li>Quan es realitzen les visites, el custodi no la permet.<\/li>\n<li>A l&#8217;hora d&#8217;anar-se&#8217;n amb el pare absent, els nens van a un lloc no acordat. Per exemple, la casa dels avis. Moltes vegades, sense realment veure a el pare.<\/li>\n<\/ul>\n<p>Els pretextos m\u00e9s comuns que exposen els progenitors per incomplir amb l&#8217;acord s\u00f3n:<\/p>\n<ul>\n<li>El pare custodi no permet que l&#8217;absent vegi als fills perqu\u00e8 no paga pensi\u00f3 d&#8217;aliments.<\/li>\n<li>Qui posseeix la guarda i cust\u00f2dia de l&#8217;infant no vol que aquest comparteixi amb la nova parella del seu altre pare.<\/li>\n<li>A la nova parella de pare o mare no li agrada compartir amb els nens.<\/li>\n<li>Qui comparteix amb els nens els caps de setmana no pot portar-los a l&#8217;escola, de manera que els lliura a el pare custodi un dia abans.<\/li>\n<li>Els nens no volen anar amb el seu altre pare.<\/li>\n<li>El pare present impedeix les visites i comunicacions amb excuses. De vegades, per &#8220;venjan\u00e7a&#8221;.<\/li>\n<\/ul>\n<h3><span class=\"ez-toc-section\" id=\"que-passa-si-sincompleix-lacord-de-visites-i-comunicacions\"><\/span>Qu\u00e8 passa si s&#8217;incompleix l&#8217;acord de visites i comunicacions?<span class=\"ez-toc-section-end\"><\/span><\/h3>\n<p>Anteriorment, es considerava com una falta lleu l&#8217;incomplir amb el r\u00e8gim de visites. Pel que l&#8217;afectat, podia introduir una den\u00fancia a la Comissaria de Policia Nacional.<\/p>\n<p>Aquesta acabava en un judici per restablir els acords o que el jutge dictamin\u00e9s una sanci\u00f3 econ\u00f2mica, la p\u00e8rdua de el dret a visites o sancions que s&#8217;havien de pagar amb treball a la comunitat.<\/p>\n<p>Avui en dia, el procediment es realitza per mitj\u00e0 d&#8217;execuci\u00f3 davant el jutjat. Pel que s&#8217;ha de comptar amb un advocat privat. A m\u00e9s, es despenalitza l&#8217;acte d&#8217;incompliment. Per\u00f2, qui perdi el cas, ha d&#8217;assumir les despeses econ\u00f2miques de l&#8217;proc\u00e9s i, en ocasions, la p\u00e8rdua de la suspensi\u00f3 de el r\u00e8gim de visites per al pare no custodi.<\/p>\n<p><img loading=\"lazy\" decoding=\"async\" class=\"aligncenter size-full wp-image-2837\" src=\"http:\/\/garanley.com\/wp-content\/uploads\/Derecho-al-regimen-de-visitas.jpg\" alt=\"Derecho al regimen de visitas\" width=\"499\" height=\"300\" \/><\/p>\n<h2><span class=\"ez-toc-section\" id=\"recomanacions-per-establir-els-drets-de-visites-i-comunicacions\"><\/span>Recomanacions per establir els drets de visites i comunicacions<span class=\"ez-toc-section-end\"><\/span><\/h2>\n<ul>\n<li>La <strong>comunicaci\u00f3 i l&#8217;entesa<\/strong> de tots dos pares \u00e9s crucial. Sobretot, per a l&#8217;estabilitat mental i emocional dels petits.<\/li>\n<li>S&#8217;ha d&#8217;evitar en la mesura del possible que els nens siguin part de discussions, siguin testimonis d&#8217;elles o puguin arribar a sentir-se culpables pel que succeeix en la fam\u00edlia.<\/li>\n<li>Demani al seu advocat un <strong>model de el r\u00e8gim de visita<\/strong> abans de presentar el contracte. D&#8217;aquesta manera, sabr\u00e0 tot el que implica i si realment est\u00e0 d&#8217;acord o no amb el conveni.<\/li>\n<li>Recordeu que els beneficiats o afectats no s\u00f3n els pares, s\u00f3n els fills. Pel que no pot prohibir el seu dret a relacionar-se amb la seva altra fam\u00edlia sense causes que ho justifiquin.<\/li>\n<li>Si ets el pare absent, voldr\u00e0s passar temps de luxe amb els teus fills, aix\u00ed que no ho arru\u00efnis.<\/li>\n<li>El primer \u00e9s que a l&#8217;establir un r\u00e8gim de visites no se susp\u00e8n <a href=\"http:\/\/garanley.com\/ca\/familia\/pagar-pensio-aliments\/\"><span style=\"color: #33cccc;\">la pensi\u00f3 aliment\u00e0ria als fills<\/span><\/a>, aix\u00ed vagin a passar algunes setmanes amb tu. Per tant no pots deixar de donar diners a el pare que t\u00e9 la cust\u00f2dia, aix\u00f2 nom\u00e9s et perjudicar\u00e0.<\/li>\n<li>No busquis guanyar l&#8217;afecte dels teus fills amb diners, <strong>aprofita<\/strong> molt b\u00e9 el temps atorgat.<\/li>\n<li>Sobretot, mantingues una relaci\u00f3 de <strong>respecte profund<\/strong> pel pare que t\u00e9 als teus fills, no ho insultis o barallis amb ell. Aix\u00f2 \u00e9s molt mal vist pel jutge i podr\u00e0 revocar el Dret de visites i comunicacions segons ho consideri pertinent.<\/li>\n<\/ul>\n<p>Aquests \u00e9s el que has de saber sobre el dret de visites i comunicacions dels menors amb els seus pares. Per assessories legals, no oblidis posar-te en<span style=\"color: #33cccc;\"> contacte<\/span> amb l&#8217;equip d&#8217;advocats. Doncs estem sempre disposats a vetllar pel b\u00e9 de la fam\u00edlia i els nens.<\/p>\n\n\n<div class=\"wp-block-image\"><figure class=\"aligncenter\"><img loading=\"lazy\" decoding=\"async\" width=\"800\" height=\"350\" src=\"http:\/\/garanley.com\/wp-content\/uploads\/El-derecho-al-regimen-de-visitas-y-comunicaciones-de-los-menores.jpg\" alt=\"El derecho al regimen de visitas y comunicaciones de los menores\" class=\"wp-image-2839\" srcset=\"https:\/\/garanley.com\/wp-content\/uploads\/El-derecho-al-regimen-de-visitas-y-comunicaciones-de-los-menores.jpg 800w, https:\/\/garanley.com\/wp-content\/uploads\/El-derecho-al-regimen-de-visitas-y-comunicaciones-de-los-menores-768x336.jpg 768w\" sizes=\"auto, (max-width: 800px) 100vw, 800px\" \/><\/figure><\/div>\n\n\n\n<p>Un divorci suposa un conflicte psicol\u00f2gic per als fills. Especialment quan  no es respecta  el r\u00e8gim de visites i comunicacions dels menors. Al nostre <a href=\"http:\/\/garanley.com\/ca\/home\/\">despatx d&#8217;advocats a Barcelona sabe<\/a>m lo important que \u00e9s i per  aix\u00f2 , t&#8217;ho explicarem  tot al  respecte.<\/p>\n\n\n","protected":false},"excerpt":{"rendered":"<p>Un divorci suposa un conflicte psicol\u00f2gic per als fills. Especialment, quan no es respecta el dret a el r\u00e8gim de visites i comunicacions dels menors. Al nostre despatx d&#8217;advocats a Barcelona sabem l&#8217;important que aquest tema, per aix\u00f2, et comptarem tot a l&#8217;respecte.<\/p>\n","protected":false},"author":9,"featured_media":0,"comment_status":"closed","ping_status":"open","sticky":false,"template":"","format":"standard","meta":{"_monsterinsights_skip_tracking":false,"_monsterinsights_sitenote_active":false,"_monsterinsights_sitenote_note":"","_monsterinsights_sitenote_category":0,"footnotes":""},"categories":[21],"tags":[],"class_list":["post-5341","post","type-post","status-publish","format-standard","hentry","category-familia"],"yoast_head":"<!-- This site is optimized with the Yoast SEO plugin v23.2 - https:\/\/yoast.com\/wordpress\/plugins\/seo\/ -->\n<title>El dret al r\u00e8gim de visites i comunicacions dels menors | Garanley Advocats<\/title>\n<meta name=\"robots\" content=\"index, follow, max-snippet:-1, max-image-preview:large, max-video-preview:-1\" \/>\n<link rel=\"canonical\" href=\"https:\/\/garanley.com\/ca\/familia\/derecho-visitas-comunicaciones\/\" \/>\n<meta property=\"og:locale\" content=\"ca_ES\" \/>\n<meta property=\"og:type\" content=\"article\" \/>\n<meta property=\"og:title\" content=\"El dret al r\u00e8gim de visites i comunicacions dels menors | Garanley Advocats\" \/>\n<meta property=\"og:description\" content=\"Un divorci suposa un conflicte psicol\u00f2gic per als fills. Especialment, quan no es respecta el dret a el r\u00e8gim de visites i comunicacions dels menors. Al nostre despatx d&#8217;advocats a Barcelona sabem l&#8217;important que aquest tema, per aix\u00f2, et comptarem tot a l&#8217;respecte.\" \/>\n<meta property=\"og:url\" content=\"https:\/\/garanley.com\/familia\/derecho-visitas-comunicaciones\/\" \/>\n<meta property=\"og:site_name\" content=\"Garanley Abogados\" \/>\n<meta property=\"article:publisher\" content=\"https:\/\/www.facebook.com\/Garanley\/\" \/>\n<meta property=\"article:published_time\" content=\"2018-10-19T07:20:24+00:00\" \/>\n<meta property=\"article:modified_time\" content=\"2020-03-24T18:18:54+00:00\" \/>\n<meta property=\"og:image\" content=\"http:\/\/garanley.com\/wp-content\/uploads\/El-derecho-al-regimen-de-visitas-y-comunicaciones-de-los-menores.jpg\" \/>\n<meta name=\"author\" content=\"Garanley\" \/>\n<meta name=\"twitter:card\" content=\"summary_large_image\" \/>\n<meta name=\"twitter:creator\" content=\"@garanley\" \/>\n<meta name=\"twitter:site\" content=\"@garanley\" \/>\n<meta name=\"twitter:label1\" content=\"Escrit per\" \/>\n\t<meta name=\"twitter:data1\" content=\"Garanley\" \/>\n\t<meta name=\"twitter:label2\" content=\"Temps estimat de lectura\" \/>\n\t<meta name=\"twitter:data2\" content=\"9 minuts\" \/>\n<script type=\"application\/ld+json\" class=\"yoast-schema-graph\">{\"@context\":\"https:\/\/schema.org\",\"@graph\":[{\"@type\":\"Article\",\"@id\":\"https:\/\/garanley.com\/familia\/derecho-visitas-comunicaciones\/#article\",\"isPartOf\":{\"@id\":\"https:\/\/garanley.com\/familia\/derecho-visitas-comunicaciones\/\"},\"author\":{\"name\":\"Garanley\",\"@id\":\"https:\/\/garanley.com\/#\/schema\/person\/bac4da30eb0dcea464e4bd7c078b142c\"},\"headline\":\"El dret al r\u00e8gim de visites i comunicacions dels menors\",\"datePublished\":\"2018-10-19T07:20:24+00:00\",\"dateModified\":\"2020-03-24T18:18:54+00:00\",\"mainEntityOfPage\":{\"@id\":\"https:\/\/garanley.com\/familia\/derecho-visitas-comunicaciones\/\"},\"wordCount\":1864,\"publisher\":{\"@id\":\"https:\/\/garanley.com\/#organization\"},\"image\":{\"@id\":\"https:\/\/garanley.com\/familia\/derecho-visitas-comunicaciones\/#primaryimage\"},\"thumbnailUrl\":\"http:\/\/garanley.com\/wp-content\/uploads\/El-derecho-al-regimen-de-visitas-y-comunicaciones-de-los-menores.jpg\",\"articleSection\":[\"Dret de Familia\"],\"inLanguage\":\"ca\"},{\"@type\":\"WebPage\",\"@id\":\"https:\/\/garanley.com\/familia\/derecho-visitas-comunicaciones\/\",\"url\":\"https:\/\/garanley.com\/familia\/derecho-visitas-comunicaciones\/\",\"name\":\"El dret al r\u00e8gim de visites i comunicacions dels menors | Garanley Advocats\",\"isPartOf\":{\"@id\":\"https:\/\/garanley.com\/#website\"},\"primaryImageOfPage\":{\"@id\":\"https:\/\/garanley.com\/familia\/derecho-visitas-comunicaciones\/#primaryimage\"},\"image\":{\"@id\":\"https:\/\/garanley.com\/familia\/derecho-visitas-comunicaciones\/#primaryimage\"},\"thumbnailUrl\":\"http:\/\/garanley.com\/wp-content\/uploads\/El-derecho-al-regimen-de-visitas-y-comunicaciones-de-los-menores.jpg\",\"datePublished\":\"2018-10-19T07:20:24+00:00\",\"dateModified\":\"2020-03-24T18:18:54+00:00\",\"breadcrumb\":{\"@id\":\"https:\/\/garanley.com\/familia\/derecho-visitas-comunicaciones\/#breadcrumb\"},\"inLanguage\":\"ca\",\"potentialAction\":[{\"@type\":\"ReadAction\",\"target\":[\"https:\/\/garanley.com\/familia\/derecho-visitas-comunicaciones\/\"]}]},{\"@type\":\"ImageObject\",\"inLanguage\":\"ca\",\"@id\":\"https:\/\/garanley.com\/familia\/derecho-visitas-comunicaciones\/#primaryimage\",\"url\":\"http:\/\/garanley.com\/wp-content\/uploads\/El-derecho-al-regimen-de-visitas-y-comunicaciones-de-los-menores.jpg\",\"contentUrl\":\"http:\/\/garanley.com\/wp-content\/uploads\/El-derecho-al-regimen-de-visitas-y-comunicaciones-de-los-menores.jpg\"},{\"@type\":\"BreadcrumbList\",\"@id\":\"https:\/\/garanley.com\/familia\/derecho-visitas-comunicaciones\/#breadcrumb\",\"itemListElement\":[{\"@type\":\"ListItem\",\"position\":1,\"name\":\"Inicio\",\"item\":\"https:\/\/garanley.com\/ca\/\"},{\"@type\":\"ListItem\",\"position\":2,\"name\":\"El dret al r\u00e8gim de visites i comunicacions dels menors\"}]},{\"@type\":\"WebSite\",\"@id\":\"https:\/\/garanley.com\/#website\",\"url\":\"https:\/\/garanley.com\/\",\"name\":\"Garanley Abogados\",\"description\":\"Despacho de Abogados en Barcelona\",\"publisher\":{\"@id\":\"https:\/\/garanley.com\/#organization\"},\"potentialAction\":[{\"@type\":\"SearchAction\",\"target\":{\"@type\":\"EntryPoint\",\"urlTemplate\":\"https:\/\/garanley.com\/?s={search_term_string}\"},\"query-input\":\"required name=search_term_string\"}],\"inLanguage\":\"ca\"},{\"@type\":\"Organization\",\"@id\":\"https:\/\/garanley.com\/#organization\",\"name\":\"Garanley Abogados\",\"url\":\"https:\/\/garanley.com\/\",\"logo\":{\"@type\":\"ImageObject\",\"inLanguage\":\"ca\",\"@id\":\"https:\/\/garanley.com\/#\/schema\/logo\/image\/\",\"url\":\"https:\/\/garanley.com\/wp-content\/uploads\/Abogados-Barcelona-Garanley.jpg\",\"contentUrl\":\"https:\/\/garanley.com\/wp-content\/uploads\/Abogados-Barcelona-Garanley.jpg\",\"width\":320,\"height\":120,\"caption\":\"Garanley Abogados\"},\"image\":{\"@id\":\"https:\/\/garanley.com\/#\/schema\/logo\/image\/\"},\"sameAs\":[\"https:\/\/www.facebook.com\/Garanley\/\",\"https:\/\/x.com\/garanley\"]},{\"@type\":\"Person\",\"@id\":\"https:\/\/garanley.com\/#\/schema\/person\/bac4da30eb0dcea464e4bd7c078b142c\",\"name\":\"Garanley\",\"image\":{\"@type\":\"ImageObject\",\"inLanguage\":\"ca\",\"@id\":\"https:\/\/garanley.com\/#\/schema\/person\/image\/\",\"url\":\"https:\/\/secure.gravatar.com\/avatar\/36c8ab097c0a00e27519d278104329ce3c98379f20bb4c28590ee0c54be9162f?s=96&d=mm&r=g\",\"contentUrl\":\"https:\/\/secure.gravatar.com\/avatar\/36c8ab097c0a00e27519d278104329ce3c98379f20bb4c28590ee0c54be9162f?s=96&d=mm&r=g\",\"caption\":\"Garanley\"}}]}<\/script>\n<!-- \/ Yoast SEO plugin. -->","yoast_head_json":{"title":"El dret al r\u00e8gim de visites i comunicacions dels menors | Garanley Advocats","robots":{"index":"index","follow":"follow","max-snippet":"max-snippet:-1","max-image-preview":"max-image-preview:large","max-video-preview":"max-video-preview:-1"},"canonical":"https:\/\/garanley.com\/ca\/familia\/derecho-visitas-comunicaciones\/","og_locale":"ca_ES","og_type":"article","og_title":"El dret al r\u00e8gim de visites i comunicacions dels menors | Garanley Advocats","og_description":"Un divorci suposa un conflicte psicol\u00f2gic per als fills. Especialment, quan no es respecta el dret a el r\u00e8gim de visites i comunicacions dels menors. Al nostre despatx d&#8217;advocats a Barcelona sabem l&#8217;important que aquest tema, per aix\u00f2, et comptarem tot a l&#8217;respecte.","og_url":"https:\/\/garanley.com\/familia\/derecho-visitas-comunicaciones\/","og_site_name":"Garanley Abogados","article_publisher":"https:\/\/www.facebook.com\/Garanley\/","article_published_time":"2018-10-19T07:20:24+00:00","article_modified_time":"2020-03-24T18:18:54+00:00","og_image":[{"url":"http:\/\/garanley.com\/wp-content\/uploads\/El-derecho-al-regimen-de-visitas-y-comunicaciones-de-los-menores.jpg"}],"author":"Garanley","twitter_card":"summary_large_image","twitter_creator":"@garanley","twitter_site":"@garanley","twitter_misc":{"Escrit per":"Garanley","Temps estimat de lectura":"9 minuts"},"schema":{"@context":"https:\/\/schema.org","@graph":[{"@type":"Article","@id":"https:\/\/garanley.com\/familia\/derecho-visitas-comunicaciones\/#article","isPartOf":{"@id":"https:\/\/garanley.com\/familia\/derecho-visitas-comunicaciones\/"},"author":{"name":"Garanley","@id":"https:\/\/garanley.com\/#\/schema\/person\/bac4da30eb0dcea464e4bd7c078b142c"},"headline":"El dret al r\u00e8gim de visites i comunicacions dels menors","datePublished":"2018-10-19T07:20:24+00:00","dateModified":"2020-03-24T18:18:54+00:00","mainEntityOfPage":{"@id":"https:\/\/garanley.com\/familia\/derecho-visitas-comunicaciones\/"},"wordCount":1864,"publisher":{"@id":"https:\/\/garanley.com\/#organization"},"image":{"@id":"https:\/\/garanley.com\/familia\/derecho-visitas-comunicaciones\/#primaryimage"},"thumbnailUrl":"http:\/\/garanley.com\/wp-content\/uploads\/El-derecho-al-regimen-de-visitas-y-comunicaciones-de-los-menores.jpg","articleSection":["Dret de Familia"],"inLanguage":"ca"},{"@type":"WebPage","@id":"https:\/\/garanley.com\/familia\/derecho-visitas-comunicaciones\/","url":"https:\/\/garanley.com\/familia\/derecho-visitas-comunicaciones\/","name":"El dret al r\u00e8gim de visites i comunicacions dels menors | Garanley Advocats","isPartOf":{"@id":"https:\/\/garanley.com\/#website"},"primaryImageOfPage":{"@id":"https:\/\/garanley.com\/familia\/derecho-visitas-comunicaciones\/#primaryimage"},"image":{"@id":"https:\/\/garanley.com\/familia\/derecho-visitas-comunicaciones\/#primaryimage"},"thumbnailUrl":"http:\/\/garanley.com\/wp-content\/uploads\/El-derecho-al-regimen-de-visitas-y-comunicaciones-de-los-menores.jpg","datePublished":"2018-10-19T07:20:24+00:00","dateModified":"2020-03-24T18:18:54+00:00","breadcrumb":{"@id":"https:\/\/garanley.com\/familia\/derecho-visitas-comunicaciones\/#breadcrumb"},"inLanguage":"ca","potentialAction":[{"@type":"ReadAction","target":["https:\/\/garanley.com\/familia\/derecho-visitas-comunicaciones\/"]}]},{"@type":"ImageObject","inLanguage":"ca","@id":"https:\/\/garanley.com\/familia\/derecho-visitas-comunicaciones\/#primaryimage","url":"http:\/\/garanley.com\/wp-content\/uploads\/El-derecho-al-regimen-de-visitas-y-comunicaciones-de-los-menores.jpg","contentUrl":"http:\/\/garanley.com\/wp-content\/uploads\/El-derecho-al-regimen-de-visitas-y-comunicaciones-de-los-menores.jpg"},{"@type":"BreadcrumbList","@id":"https:\/\/garanley.com\/familia\/derecho-visitas-comunicaciones\/#breadcrumb","itemListElement":[{"@type":"ListItem","position":1,"name":"Inicio","item":"https:\/\/garanley.com\/ca\/"},{"@type":"ListItem","position":2,"name":"El dret al r\u00e8gim de visites i comunicacions dels menors"}]},{"@type":"WebSite","@id":"https:\/\/garanley.com\/#website","url":"https:\/\/garanley.com\/","name":"Garanley Abogados","description":"Despacho de Abogados en Barcelona","publisher":{"@id":"https:\/\/garanley.com\/#organization"},"potentialAction":[{"@type":"SearchAction","target":{"@type":"EntryPoint","urlTemplate":"https:\/\/garanley.com\/?s={search_term_string}"},"query-input":"required name=search_term_string"}],"inLanguage":"ca"},{"@type":"Organization","@id":"https:\/\/garanley.com\/#organization","name":"Garanley Abogados","url":"https:\/\/garanley.com\/","logo":{"@type":"ImageObject","inLanguage":"ca","@id":"https:\/\/garanley.com\/#\/schema\/logo\/image\/","url":"https:\/\/garanley.com\/wp-content\/uploads\/Abogados-Barcelona-Garanley.jpg","contentUrl":"https:\/\/garanley.com\/wp-content\/uploads\/Abogados-Barcelona-Garanley.jpg","width":320,"height":120,"caption":"Garanley Abogados"},"image":{"@id":"https:\/\/garanley.com\/#\/schema\/logo\/image\/"},"sameAs":["https:\/\/www.facebook.com\/Garanley\/","https:\/\/x.com\/garanley"]},{"@type":"Person","@id":"https:\/\/garanley.com\/#\/schema\/person\/bac4da30eb0dcea464e4bd7c078b142c","name":"Garanley","image":{"@type":"ImageObject","inLanguage":"ca","@id":"https:\/\/garanley.com\/#\/schema\/person\/image\/","url":"https:\/\/secure.gravatar.com\/avatar\/36c8ab097c0a00e27519d278104329ce3c98379f20bb4c28590ee0c54be9162f?s=96&d=mm&r=g","contentUrl":"https:\/\/secure.gravatar.com\/avatar\/36c8ab097c0a00e27519d278104329ce3c98379f20bb4c28590ee0c54be9162f?s=96&d=mm&r=g","caption":"Garanley"}}]}},"_links":{"self":[{"href":"https:\/\/garanley.com\/ca\/wp-json\/wp\/v2\/posts\/5341\/"}],"collection":[{"href":"https:\/\/garanley.com\/ca\/wp-json\/wp\/v2\/posts\/"}],"about":[{"href":"https:\/\/garanley.com\/ca\/wp-json\/wp\/v2\/types\/post\/"}],"author":[{"embeddable":true,"href":"https:\/\/garanley.com\/ca\/wp-json\/wp\/v2\/users\/9\/"}],"replies":[{"embeddable":true,"href":"https:\/\/garanley.com\/ca\/wp-json\/wp\/v2\/comments\/?post=5341"}],"version-history":[{"count":2,"href":"https:\/\/garanley.com\/ca\/wp-json\/wp\/v2\/posts\/5341\/revisions\/"}],"predecessor-version":[{"id":5369,"href":"https:\/\/garanley.com\/ca\/wp-json\/wp\/v2\/posts\/5341\/revisions\/5369\/"}],"wp:attachment":[{"href":"https:\/\/garanley.com\/ca\/wp-json\/wp\/v2\/media\/?parent=5341"}],"wp:term":[{"taxonomy":"category","embeddable":true,"href":"https:\/\/garanley.com\/ca\/wp-json\/wp\/v2\/categories\/?post=5341"},{"taxonomy":"post_tag","embeddable":true,"href":"https:\/\/garanley.com\/ca\/wp-json\/wp\/v2\/tags\/?post=5341"}],"curies":[{"name":"wp","href":"https:\/\/api.w.org\/{rel}","templated":true}]}}