{"id":2418,"date":"2017-09-20T13:26:53","date_gmt":"2017-09-20T11:26:53","guid":{"rendered":"http:\/\/garanley.com\/?p=2418"},"modified":"2020-03-23T19:51:31","modified_gmt":"2020-03-23T18:51:31","slug":"drets-inquili-habitatge","status":"publish","type":"post","link":"https:\/\/garanley.com\/ca\/dret-civil\/drets-inquili-habitatge\/","title":{"rendered":"Drets com a inquil\u00ed d&#8217;un habitatge"},"content":{"rendered":"<div style=\"display: none;\"\n    class=\"kk-star-ratings kksr-valign-top kksr-align-right kksr-disabled\"\n    data-id=\"2418\"\n    data-slug=\"\">\n    <div class=\"kksr-stars\">\n    <div class=\"kksr-stars-inactive\">\n            <div class=\"kksr-star\" data-star=\"1\">\n            <div class=\"kksr-icon\" style=\"width: px; height: px;\"><\/div>\n        <\/div>\n            <div class=\"kksr-star\" data-star=\"2\">\n            <div class=\"kksr-icon\" style=\"width: px; height: px;\"><\/div>\n        <\/div>\n            <div class=\"kksr-star\" data-star=\"3\">\n            <div class=\"kksr-icon\" style=\"width: px; height: px;\"><\/div>\n        <\/div>\n            <div class=\"kksr-star\" data-star=\"4\">\n            <div class=\"kksr-icon\" style=\"width: px; height: px;\"><\/div>\n        <\/div>\n            <div class=\"kksr-star\" data-star=\"5\">\n            <div class=\"kksr-icon\" style=\"width: px; height: px;\"><\/div>\n        <\/div>\n    <\/div>\n    <div class=\"kksr-stars-active\" style=\"width: 0px;\">\n            <div class=\"kksr-star\">\n            <div class=\"kksr-icon\" style=\"width: px; height: px;\"><\/div>\n        <\/div>\n            <div class=\"kksr-star\">\n            <div class=\"kksr-icon\" style=\"width: px; height: px;\"><\/div>\n        <\/div>\n            <div class=\"kksr-star\">\n            <div class=\"kksr-icon\" style=\"width: px; height: px;\"><\/div>\n        <\/div>\n            <div class=\"kksr-star\">\n            <div class=\"kksr-icon\" style=\"width: px; height: px;\"><\/div>\n        <\/div>\n            <div class=\"kksr-star\">\n            <div class=\"kksr-icon\" style=\"width: px; height: px;\"><\/div>\n        <\/div>\n    <\/div>\n<\/div>\n    <div class=\"kksr-legend\">\n            <span class=\"kksr-muted\"><\/span>\n    <\/div>\n<\/div>\n<p><strong>Con\u00e8ixer els teus drets com a inquil\u00ed resulta fonamental en els nostres dies. Tingues en compte que els lloguers d&#8217;habitatges s&#8217;han disparat en els \u00faltims anys a causa de la crisi econ\u00f2mica, perqu\u00e8 la inestabilitat laboral obliga a realitzar canvis de resid\u00e8ncia cada poc temps.<\/strong><\/p>\n<hr \/>\n<p>Si en algun moment de la teva vida has viscut de lloguer, segur que coneixes els drets i obligacions dels inquilins de qualsevol habitatge. No obstant aix\u00f2, has de tenir present que la llei \u00e9s un ens viu que s&#8217;actualitza constantment, evoluciona i s&#8217;adapta als canvis socials de manera, m\u00e9s o menys, vertiginosa.<\/p>\n<p>La Llei d&#8217;Arrendaments Urbans (LAU\u00a0de 29\/1994, de 24 de novembre) \u00e9s un dels textos que recull els drets dels arrendataris i inquilins al nostre pa\u00eds. No obstant aix\u00f2, aquesta norma ha sofert dues recents modificacions. En 2013 va entrar en vigor la Llei 4\/2013, de 4 de juny, de Mesures de Flexibilitzaci\u00f3 i Foment del Mercat del Lloguer d&#8217;Habitatges i en 2015 es va aprovar la Llei 2\/2015, de 30 de mar\u00e7, de\u00a0Desindexaci\u00f3n\u00a0de l&#8217;Economia Espanyola, que igualment va modificar lleument la\u00a0LAU.<\/p>\n<p>\u00c9s important que recordis aquestes dues normes, perqu\u00e8 despr\u00e9s de l&#8217;entrada en vigor de les mateixes s&#8217;alteren (amb la Llei de 2013 especialment) els drets dels inquilins d&#8217;habitatges. Aix\u00ed doncs, ens trobem amb tres r\u00e8gims diferents: l&#8217;aplicable als contractes d&#8217;arrendaments urbans celebrats el 5 de juny de 2013 o anteriorment, el que s&#8217;estableix entre el 6 de juny de 2013 i el 30 de mar\u00e7 de 2015 i, finalment, el que est\u00e9n els seus efectes a partir de l&#8217;1 d&#8217;abril de 2015.<\/p>\n<div id=\"ez-toc-container\" class=\"ez-toc-v2_0_17 counter-hierarchy counter-numeric ez-toc-transparent\">\n<div class=\"ez-toc-title-container\">\n<p class=\"ez-toc-title\">Resumen del art&iacute;culo<\/p>\n<span class=\"ez-toc-title-toggle\"><a class=\"ez-toc-pull-right ez-toc-btn ez-toc-btn-xs ez-toc-btn-default ez-toc-toggle\" style=\"display: none;\"><i class=\"ez-toc-glyphicon ez-toc-icon-toggle\"><\/i><\/a><\/span><\/div>\n<nav><ul class=\"ez-toc-list ez-toc-list-level-1\"><li class=\"ez-toc-page-1 ez-toc-heading-level-2\"><a class=\"ez-toc-link ez-toc-heading-1\" href=\"https:\/\/garanley.com\/ca\/dret-civil\/drets-inquili-habitatge\/#principals-drets-que-emparen-als-inquilins-i-arrendataris-dhabitatges\" title=\"Principals drets que emparen als inquilins i arrendataris d&#8217;habitatges\">Principals drets que emparen als inquilins i arrendataris d&#8217;habitatges<\/a><ul class=\"ez-toc-list-level-3\"><li class=\"ez-toc-heading-level-3\"><a class=\"ez-toc-link ez-toc-heading-2\" href=\"https:\/\/garanley.com\/ca\/dret-civil\/drets-inquili-habitatge\/#adquisicio-preferent-de-lhabitatge\" title=\"Adquisici\u00f3 preferent de l&#8217;habitatge\">Adquisici\u00f3 preferent de l&#8217;habitatge<\/a><\/li><li class=\"ez-toc-page-1 ez-toc-heading-level-3\"><a class=\"ez-toc-link ez-toc-heading-3\" href=\"https:\/\/garanley.com\/ca\/dret-civil\/drets-inquili-habitatge\/#reformes\" title=\"Reformes\">Reformes<\/a><\/li><li class=\"ez-toc-page-1 ez-toc-heading-level-3\"><a class=\"ez-toc-link ez-toc-heading-4\" href=\"https:\/\/garanley.com\/ca\/dret-civil\/drets-inquili-habitatge\/#canvi-de-propietari\" title=\"Canvi de propietari\">Canvi de propietari<\/a><\/li><li class=\"ez-toc-page-1 ez-toc-heading-level-3\"><a class=\"ez-toc-link ez-toc-heading-5\" href=\"https:\/\/garanley.com\/ca\/dret-civil\/drets-inquili-habitatge\/#cessio-de-lhabitatge\" title=\"Cessi\u00f3 de l&#8217;habitatge\">Cessi\u00f3 de l&#8217;habitatge<\/a><\/li><li class=\"ez-toc-page-1 ez-toc-heading-level-3\"><a class=\"ez-toc-link ez-toc-heading-6\" href=\"https:\/\/garanley.com\/ca\/dret-civil\/drets-inquili-habitatge\/#recuperacio-de-la-fianca\" title=\"Recuperaci\u00f3 de la fian\u00e7a\">Recuperaci\u00f3 de la fian\u00e7a<\/a><\/li><li class=\"ez-toc-page-1 ez-toc-heading-level-3\"><a class=\"ez-toc-link ez-toc-heading-7\" href=\"https:\/\/garanley.com\/ca\/dret-civil\/drets-inquili-habitatge\/#rebuts-o-justificants-de-pagament\" title=\"Rebuts o justificants de pagament\">Rebuts o justificants de pagament<\/a><\/li><\/ul><\/li><\/ul><\/nav><\/div>\n<h2><span class=\"ez-toc-section\" id=\"principals-drets-que-emparen-als-inquilins-i-arrendataris-dhabitatges\"><\/span>Principals drets que emparen als inquilins i arrendataris d&#8217;habitatges<span class=\"ez-toc-section-end\"><\/span><\/h2>\n<h3><span class=\"ez-toc-section\" id=\"adquisicio-preferent-de-lhabitatge\"><\/span>Adquisici\u00f3 preferent de l&#8217;habitatge<span class=\"ez-toc-section-end\"><\/span><\/h3>\n<p>Imagina que el propietari decideix posar a la venda el pis en el qual resideixes com a inquil\u00ed. Com a arrendatari que ets, tens prefer\u00e8ncia per adquirir aquest immoble enfront de terceres persones. No obstant aix\u00f2 i amb els canvis legislatius de 2013, pots renunciar a tal dret, sempre que ho indiquis de forma expressa en el contracte. Si pactes aquesta ren\u00fancia, l&#8217;arrendador ha de comunicar-te la seva intenci\u00f3 de vendre la casa trenta dies abans, com a m\u00ednim, de la formalitzaci\u00f3 del contracte de compravenda.<\/p>\n<p>El dret a l&#8217;adquisici\u00f3 preferent de l&#8217;habitatge per part de l&#8217;inquil\u00ed es manifesta de dues formes:<\/p>\n<ul>\n<li>Dret de tempteig. Ho exerceix l&#8217;inquil\u00ed en un termini no superior a trenta\u00a0dies naturals, des de la notificaci\u00f3 que li fa el propietari de l&#8217;immoble.<\/li>\n<li>Dret de retracto. S&#8217;efectua, en el mateix termini, quan l&#8217;arrendador hagu\u00e9s om\u00e8s la notificaci\u00f3 a l&#8217;arrendatari, quan no l&#8217;hagu\u00e9s realitzat en temps o quan la mateixa manqu\u00e9s d&#8217;algun dels requisits exigits legalment.<\/li>\n<li>Desistiment i negociaci\u00f3 de la durada.<\/li>\n<\/ul>\n<p>Encara que fermes un contracte d&#8217;un any de durada, pots concloure-ho despr\u00e9s de sis mesos, sempre que ho comuniquis al propietari amb un preav\u00eds m\u00ednim de trenta dies. Les parts podeu acordar la possibilitat d&#8217;establir una indemnitzaci\u00f3 per a aquests casos de desistiment.<\/p>\n<p>Un altre dels teus drets com a inquil\u00ed \u00e9s el de negociar la durada de la relaci\u00f3 contractual i la renda a pagar. Si haguessis pactat una durada del contracte inferior a tres anys, arribat el venciment aquest es prorrogaria obligat\u00f2riament per terminis anuals, fins a aconseguir una durada m\u00ednima de tres anys. Aix\u00f2 s\u00ed, tingues en compte que aquesta pr\u00f2rroga quedaria sense efecte quan l&#8217;arrendador et comuniqu\u00e9s la necessitat d&#8217;ocupar l&#8217;immoble per destinar-ho a habitatge habitual seu o dels seus familiars m\u00e9s propers. Si el propietari no ocup\u00e9s la casa despr\u00e9s de tres mesos despr\u00e9s de l&#8217;extinci\u00f3 de la relaci\u00f3, estaria obligat a reposar-te els drets d&#8217;\u00fas i gaudi de la mateixa per un nou per\u00edode de tres anys, als quals s&#8217;afegiria el corresponent rescabalament, encara que podries optar per una indemnitzaci\u00f3 equivalent a l&#8217;import de la renda pels anys que restessin fins a completar cinc.<\/p>\n<h3><span class=\"ez-toc-section\" id=\"reformes\"><\/span>Reformes<span class=\"ez-toc-section-end\"><\/span><\/h3>\n<p>No oblidis que tens dret a sol\u00b7licitar de l&#8217;arrendador la reparaci\u00f3 dels elements precisos per a la conservaci\u00f3 de la casa en les condicions d&#8217;habitabilitat pactades entre tots dos. A m\u00e9s, pots realitzar obres en l&#8217;immoble llogat, sempre que comptis amb el consentiment expr\u00e9s i per escrit del propietari i aquelles no afectin a l&#8217;estabilitat o seguretat de l&#8217;habitatge. En aquest cas, tens l&#8217;opci\u00f3 de pactar amb el teu propietari una rebaixa en el preu del lloguer que compensi el cost de les reformes realitzades.<\/p>\n<p>Recorda igualment que tens dret a una reducci\u00f3 de la renda en proporci\u00f3 a la part de l&#8217;immoble que es vegi afectat per obres de millora empreses pel propietari, quan aquelles durin m\u00e9s de vint dies. L&#8217;arrendador t\u00e9 l&#8217;obligaci\u00f3 d&#8217;informar-te amb tres mesos d&#8217;antelaci\u00f3 entorn de la naturalesa, durada i cost de les mateixes.<\/p>\n<p>Quan l&#8217;arrendatari, c\u00f2njuge d&#8217;aquest o familiar amb el qual convisqui sofreixi alguna discapacitat o sigui major de setanta anys es poden efectuar, pr\u00e8via notificaci\u00f3 al propietari, les reformes de condicionament precises per emprar l&#8217;immoble de manera adequada a la situaci\u00f3 personal del discapacitat. Els canvis no han d&#8217;afectar a serveis comuns ni a l&#8217;estabilitat o seguretat del pis o bloc.<\/p>\n<h3><span class=\"ez-toc-section\" id=\"canvi-de-propietari\"><\/span>Canvi de propietari<span class=\"ez-toc-section-end\"><\/span><\/h3>\n<p>Si el pis del que ets inquil\u00ed est\u00e0 inscrit en el Registre de la Propietat, pots mantenir aquest estatus malgrat el canvi de propietari de l&#8217;immoble. Si el\u00a0adquirente\u00a0de la casa t\u00e9 la intenci\u00f3 d&#8217;utilitzar-la i no es trobava registrada, est\u00e0s en el dret d&#8217;exigir que et deixin en la mateixa altres tres mesos, pagant les rendes al nou propietari. Igualment, tens la possibilitat de demanar una indemnitzaci\u00f3 per danys i perjudicis al venedor.<\/p>\n<h3><span class=\"ez-toc-section\" id=\"cessio-de-lhabitatge\"><\/span>Cessi\u00f3 de l&#8217;habitatge<span class=\"ez-toc-section-end\"><\/span><\/h3>\n<p>L&#8217;arrendatari pot cedir l&#8217;habitatge a determinats familiars directes (descendents o c\u00f2njuge no separat legalment), sempre que la mateixa es trobi inscrita en el Registre de la Propietat. En els casos de separaci\u00f3, divorci o nul\u00b7litat, la voluntat del c\u00f2njuge \u00a0a qui s&#8217;hagi atribu\u00eft l&#8217;\u00fas de l&#8217;immoble haur\u00e0 de ser comunicada a l&#8217;arrendador en el termini de dos mesos des de la notificaci\u00f3 de la sent\u00e8ncia, acompanyant c\u00f2pia d&#8217;aquesta resoluci\u00f3 judicial o de part de la mateixa que afecti a la utilitzaci\u00f3 de l&#8217;habitatge.<\/p>\n<p><span style=\"text-decoration: underline;\">\u00danicament \u00e9s possible subarrendar l&#8217;habitatge de manera parcial i previ consentiment del propietari.<\/span><\/p>\n<h3><span class=\"ez-toc-section\" id=\"recuperacio-de-la-fianca\"><\/span>Recuperaci\u00f3 de la fian\u00e7a<span class=\"ez-toc-section-end\"><\/span><\/h3>\n<p>Sempre que l&#8217;immoble quedi en bon estat i no hi hagi pagaments pendents, el propietari ha de retornar-te, en finalitzar el contracte, la fian\u00e7a dipositada al comen\u00e7ament del mateix.Inviolabilitat del domicili<\/p>\n<p>La Constituci\u00f3 Espanyola consagra la inviolabilitat del domicili. L&#8217;inquil\u00ed, per tant, pot denunciar a tota persona que conculqui aquest dret, incl\u00f2s l&#8217;arrendador.<\/p>\n<h3><span class=\"ez-toc-section\" id=\"rebuts-o-justificants-de-pagament\"><\/span>Rebuts o justificants de pagament<span class=\"ez-toc-section-end\"><\/span><\/h3>\n<p>Recorda, finalment, que tens dret a exigir-li al teu propietari el lliurament dels rebuts o justificants acreditatius dels pagaments realitzats.<\/p>\n<p>El nombre de lloguers s&#8217;ha disparat a Espanya en els \u00faltims anys, retallant la dist\u00e0ncia amb\u00a0els immobles en propietat. Con\u00e8ixer els teus drets com a inquil\u00ed resulta fonamental en l&#8217;actualitat, doncs la crisi i la inestabilitat laboral propicien continus canvis de resid\u00e8ncia. Consultar a un despatx d&#8217;advocats especialitzat, com\u00a0Garanley, \u00e9s la millor opci\u00f3 a l&#8217;hora de resoldre dubtes entorn dels teus drets i obligacions com a arrendador. No dubtis a <a href=\"http:\/\/garanley.com\/ca\/contacte\/\">contactar-nos.<\/a><\/p>\n","protected":false},"excerpt":{"rendered":"<p>Con\u00e8ixer els teus drets com a inquil\u00ed resulta fonamental en els nostres dies. Tingues en compte que els lloguers d&#8217;habitatges s&#8217;han disparat en els \u00faltims anys a causa de la crisi econ\u00f2mica, perqu\u00e8 la inestabilitat laboral obliga a realitzar canvis de resid\u00e8ncia cada poc temps. Si en algun moment de la teva vida has viscut &hellip;<\/p>\n<p class=\"read-more\"> <a class=\"\" href=\"https:\/\/garanley.com\/ca\/dret-civil\/drets-inquili-habitatge\/\"> <span class=\"screen-reader-text\">Drets com a inquil\u00ed d&#8217;un habitatge<\/span> Read More \u00bb<\/a><\/p>\n","protected":false},"author":1,"featured_media":0,"comment_status":"closed","ping_status":"open","sticky":false,"template":"","format":"standard","meta":{"_monsterinsights_skip_tracking":false,"_monsterinsights_sitenote_active":false,"_monsterinsights_sitenote_note":"","_monsterinsights_sitenote_category":0,"footnotes":""},"categories":[17],"tags":[],"class_list":["post-2418","post","type-post","status-publish","format-standard","hentry","category-dret-civil"],"yoast_head":"<!-- This site is optimized with the Yoast SEO plugin v23.2 - https:\/\/yoast.com\/wordpress\/plugins\/seo\/ -->\n<title>Drets del inquil\u00ed d&#039;un habitatge | Garanley Advocats<\/title>\n<meta name=\"description\" content=\"Con\u00e8ixer els teus drets com a inquil\u00ed resulta fonamental en els nostres dies. Segur que coneixes els drets i obligacions dels inquilins...\" \/>\n<meta name=\"robots\" content=\"index, follow, max-snippet:-1, max-image-preview:large, max-video-preview:-1\" \/>\n<link rel=\"canonical\" href=\"https:\/\/garanley.com\/ca\/civil\/derechos-inquilinos-alquiler\/\" \/>\n<meta property=\"og:locale\" content=\"ca_ES\" \/>\n<meta property=\"og:type\" content=\"article\" \/>\n<meta property=\"og:title\" content=\"Drets del inquil\u00ed d&#039;un habitatge | Garanley Advocats\" \/>\n<meta property=\"og:description\" content=\"Con\u00e8ixer els teus drets com a inquil\u00ed resulta fonamental en els nostres dies. Segur que coneixes els drets i obligacions dels inquilins...\" \/>\n<meta property=\"og:url\" content=\"https:\/\/garanley.com\/civil\/derechos-inquilinos-alquiler\/\" \/>\n<meta property=\"og:site_name\" content=\"Garanley Abogados\" \/>\n<meta property=\"article:publisher\" content=\"https:\/\/www.facebook.com\/Garanley\/\" \/>\n<meta property=\"article:published_time\" content=\"2017-09-20T11:26:53+00:00\" \/>\n<meta property=\"article:modified_time\" content=\"2020-03-23T18:51:31+00:00\" \/>\n<meta property=\"og:image\" content=\"https:\/\/garanley.com\/wp-content\/uploads\/1438655.png\" \/>\n\t<meta property=\"og:image:width\" content=\"290\" \/>\n\t<meta property=\"og:image:height\" content=\"190\" \/>\n\t<meta property=\"og:image:type\" content=\"image\/png\" \/>\n<meta name=\"author\" content=\"garanley\" \/>\n<meta name=\"twitter:card\" content=\"summary_large_image\" \/>\n<meta name=\"twitter:creator\" content=\"@garanley\" \/>\n<meta name=\"twitter:site\" content=\"@garanley\" \/>\n<meta name=\"twitter:label1\" content=\"Escrit per\" \/>\n\t<meta name=\"twitter:data1\" content=\"garanley\" \/>\n\t<meta name=\"twitter:label2\" content=\"Temps estimat de lectura\" \/>\n\t<meta name=\"twitter:data2\" content=\"6 minuts\" \/>\n<script type=\"application\/ld+json\" class=\"yoast-schema-graph\">{\"@context\":\"https:\/\/schema.org\",\"@graph\":[{\"@type\":\"Article\",\"@id\":\"https:\/\/garanley.com\/civil\/derechos-inquilinos-alquiler\/#article\",\"isPartOf\":{\"@id\":\"https:\/\/garanley.com\/civil\/derechos-inquilinos-alquiler\/\"},\"author\":{\"name\":\"garanley\",\"@id\":\"https:\/\/garanley.com\/#\/schema\/person\/b66cda0c57b73f2d7e79c1950d4f78cf\"},\"headline\":\"Drets com a inquil\u00ed d&#8217;un habitatge\",\"datePublished\":\"2017-09-20T11:26:53+00:00\",\"dateModified\":\"2020-03-23T18:51:31+00:00\",\"mainEntityOfPage\":{\"@id\":\"https:\/\/garanley.com\/civil\/derechos-inquilinos-alquiler\/\"},\"wordCount\":1206,\"publisher\":{\"@id\":\"https:\/\/garanley.com\/#organization\"},\"articleSection\":[\"Dret Civil\"],\"inLanguage\":\"ca\"},{\"@type\":\"WebPage\",\"@id\":\"https:\/\/garanley.com\/civil\/derechos-inquilinos-alquiler\/\",\"url\":\"https:\/\/garanley.com\/civil\/derechos-inquilinos-alquiler\/\",\"name\":\"Drets del inquil\u00ed d'un habitatge | Garanley Advocats\",\"isPartOf\":{\"@id\":\"https:\/\/garanley.com\/#website\"},\"datePublished\":\"2017-09-20T11:26:53+00:00\",\"dateModified\":\"2020-03-23T18:51:31+00:00\",\"description\":\"Con\u00e8ixer els teus drets com a inquil\u00ed resulta fonamental en els nostres dies. Segur que coneixes els drets i obligacions dels inquilins...\",\"breadcrumb\":{\"@id\":\"https:\/\/garanley.com\/civil\/derechos-inquilinos-alquiler\/#breadcrumb\"},\"inLanguage\":\"ca\",\"potentialAction\":[{\"@type\":\"ReadAction\",\"target\":[\"https:\/\/garanley.com\/civil\/derechos-inquilinos-alquiler\/\"]}]},{\"@type\":\"BreadcrumbList\",\"@id\":\"https:\/\/garanley.com\/civil\/derechos-inquilinos-alquiler\/#breadcrumb\",\"itemListElement\":[{\"@type\":\"ListItem\",\"position\":1,\"name\":\"Inicio\",\"item\":\"https:\/\/garanley.com\/ca\/\"},{\"@type\":\"ListItem\",\"position\":2,\"name\":\"Drets com a inquil\u00ed d&#8217;un habitatge\"}]},{\"@type\":\"WebSite\",\"@id\":\"https:\/\/garanley.com\/#website\",\"url\":\"https:\/\/garanley.com\/\",\"name\":\"Garanley Abogados\",\"description\":\"Despacho de Abogados en Barcelona\",\"publisher\":{\"@id\":\"https:\/\/garanley.com\/#organization\"},\"potentialAction\":[{\"@type\":\"SearchAction\",\"target\":{\"@type\":\"EntryPoint\",\"urlTemplate\":\"https:\/\/garanley.com\/?s={search_term_string}\"},\"query-input\":\"required name=search_term_string\"}],\"inLanguage\":\"ca\"},{\"@type\":\"Organization\",\"@id\":\"https:\/\/garanley.com\/#organization\",\"name\":\"Garanley Abogados\",\"url\":\"https:\/\/garanley.com\/\",\"logo\":{\"@type\":\"ImageObject\",\"inLanguage\":\"ca\",\"@id\":\"https:\/\/garanley.com\/#\/schema\/logo\/image\/\",\"url\":\"https:\/\/garanley.com\/wp-content\/uploads\/Abogados-Barcelona-Garanley.jpg\",\"contentUrl\":\"https:\/\/garanley.com\/wp-content\/uploads\/Abogados-Barcelona-Garanley.jpg\",\"width\":320,\"height\":120,\"caption\":\"Garanley Abogados\"},\"image\":{\"@id\":\"https:\/\/garanley.com\/#\/schema\/logo\/image\/\"},\"sameAs\":[\"https:\/\/www.facebook.com\/Garanley\/\",\"https:\/\/x.com\/garanley\"]},{\"@type\":\"Person\",\"@id\":\"https:\/\/garanley.com\/#\/schema\/person\/b66cda0c57b73f2d7e79c1950d4f78cf\",\"name\":\"garanley\",\"image\":{\"@type\":\"ImageObject\",\"inLanguage\":\"ca\",\"@id\":\"https:\/\/garanley.com\/#\/schema\/person\/image\/\",\"url\":\"https:\/\/secure.gravatar.com\/avatar\/4999d7af2dec9f5881e04093849bdc05a01736945c70fb6bca18eeb1652dbdd4?s=96&d=mm&r=g\",\"contentUrl\":\"https:\/\/secure.gravatar.com\/avatar\/4999d7af2dec9f5881e04093849bdc05a01736945c70fb6bca18eeb1652dbdd4?s=96&d=mm&r=g\",\"caption\":\"garanley\"}}]}<\/script>\n<!-- \/ Yoast SEO plugin. -->","yoast_head_json":{"title":"Drets del inquil\u00ed d'un habitatge | Garanley Advocats","description":"Con\u00e8ixer els teus drets com a inquil\u00ed resulta fonamental en els nostres dies. Segur que coneixes els drets i obligacions dels inquilins...","robots":{"index":"index","follow":"follow","max-snippet":"max-snippet:-1","max-image-preview":"max-image-preview:large","max-video-preview":"max-video-preview:-1"},"canonical":"https:\/\/garanley.com\/ca\/civil\/derechos-inquilinos-alquiler\/","og_locale":"ca_ES","og_type":"article","og_title":"Drets del inquil\u00ed d'un habitatge | Garanley Advocats","og_description":"Con\u00e8ixer els teus drets com a inquil\u00ed resulta fonamental en els nostres dies. Segur que coneixes els drets i obligacions dels inquilins...","og_url":"https:\/\/garanley.com\/civil\/derechos-inquilinos-alquiler\/","og_site_name":"Garanley Abogados","article_publisher":"https:\/\/www.facebook.com\/Garanley\/","article_published_time":"2017-09-20T11:26:53+00:00","article_modified_time":"2020-03-23T18:51:31+00:00","og_image":[{"width":290,"height":190,"url":"https:\/\/garanley.com\/wp-content\/uploads\/1438655.png","type":"image\/png"}],"author":"garanley","twitter_card":"summary_large_image","twitter_creator":"@garanley","twitter_site":"@garanley","twitter_misc":{"Escrit per":"garanley","Temps estimat de lectura":"6 minuts"},"schema":{"@context":"https:\/\/schema.org","@graph":[{"@type":"Article","@id":"https:\/\/garanley.com\/civil\/derechos-inquilinos-alquiler\/#article","isPartOf":{"@id":"https:\/\/garanley.com\/civil\/derechos-inquilinos-alquiler\/"},"author":{"name":"garanley","@id":"https:\/\/garanley.com\/#\/schema\/person\/b66cda0c57b73f2d7e79c1950d4f78cf"},"headline":"Drets com a inquil\u00ed d&#8217;un habitatge","datePublished":"2017-09-20T11:26:53+00:00","dateModified":"2020-03-23T18:51:31+00:00","mainEntityOfPage":{"@id":"https:\/\/garanley.com\/civil\/derechos-inquilinos-alquiler\/"},"wordCount":1206,"publisher":{"@id":"https:\/\/garanley.com\/#organization"},"articleSection":["Dret Civil"],"inLanguage":"ca"},{"@type":"WebPage","@id":"https:\/\/garanley.com\/civil\/derechos-inquilinos-alquiler\/","url":"https:\/\/garanley.com\/civil\/derechos-inquilinos-alquiler\/","name":"Drets del inquil\u00ed d'un habitatge | Garanley Advocats","isPartOf":{"@id":"https:\/\/garanley.com\/#website"},"datePublished":"2017-09-20T11:26:53+00:00","dateModified":"2020-03-23T18:51:31+00:00","description":"Con\u00e8ixer els teus drets com a inquil\u00ed resulta fonamental en els nostres dies. Segur que coneixes els drets i obligacions dels inquilins...","breadcrumb":{"@id":"https:\/\/garanley.com\/civil\/derechos-inquilinos-alquiler\/#breadcrumb"},"inLanguage":"ca","potentialAction":[{"@type":"ReadAction","target":["https:\/\/garanley.com\/civil\/derechos-inquilinos-alquiler\/"]}]},{"@type":"BreadcrumbList","@id":"https:\/\/garanley.com\/civil\/derechos-inquilinos-alquiler\/#breadcrumb","itemListElement":[{"@type":"ListItem","position":1,"name":"Inicio","item":"https:\/\/garanley.com\/ca\/"},{"@type":"ListItem","position":2,"name":"Drets com a inquil\u00ed d&#8217;un habitatge"}]},{"@type":"WebSite","@id":"https:\/\/garanley.com\/#website","url":"https:\/\/garanley.com\/","name":"Garanley Abogados","description":"Despacho de Abogados en Barcelona","publisher":{"@id":"https:\/\/garanley.com\/#organization"},"potentialAction":[{"@type":"SearchAction","target":{"@type":"EntryPoint","urlTemplate":"https:\/\/garanley.com\/?s={search_term_string}"},"query-input":"required name=search_term_string"}],"inLanguage":"ca"},{"@type":"Organization","@id":"https:\/\/garanley.com\/#organization","name":"Garanley Abogados","url":"https:\/\/garanley.com\/","logo":{"@type":"ImageObject","inLanguage":"ca","@id":"https:\/\/garanley.com\/#\/schema\/logo\/image\/","url":"https:\/\/garanley.com\/wp-content\/uploads\/Abogados-Barcelona-Garanley.jpg","contentUrl":"https:\/\/garanley.com\/wp-content\/uploads\/Abogados-Barcelona-Garanley.jpg","width":320,"height":120,"caption":"Garanley Abogados"},"image":{"@id":"https:\/\/garanley.com\/#\/schema\/logo\/image\/"},"sameAs":["https:\/\/www.facebook.com\/Garanley\/","https:\/\/x.com\/garanley"]},{"@type":"Person","@id":"https:\/\/garanley.com\/#\/schema\/person\/b66cda0c57b73f2d7e79c1950d4f78cf","name":"garanley","image":{"@type":"ImageObject","inLanguage":"ca","@id":"https:\/\/garanley.com\/#\/schema\/person\/image\/","url":"https:\/\/secure.gravatar.com\/avatar\/4999d7af2dec9f5881e04093849bdc05a01736945c70fb6bca18eeb1652dbdd4?s=96&d=mm&r=g","contentUrl":"https:\/\/secure.gravatar.com\/avatar\/4999d7af2dec9f5881e04093849bdc05a01736945c70fb6bca18eeb1652dbdd4?s=96&d=mm&r=g","caption":"garanley"}}]}},"_links":{"self":[{"href":"https:\/\/garanley.com\/ca\/wp-json\/wp\/v2\/posts\/2418\/"}],"collection":[{"href":"https:\/\/garanley.com\/ca\/wp-json\/wp\/v2\/posts\/"}],"about":[{"href":"https:\/\/garanley.com\/ca\/wp-json\/wp\/v2\/types\/post\/"}],"author":[{"embeddable":true,"href":"https:\/\/garanley.com\/ca\/wp-json\/wp\/v2\/users\/1\/"}],"replies":[{"embeddable":true,"href":"https:\/\/garanley.com\/ca\/wp-json\/wp\/v2\/comments\/?post=2418"}],"version-history":[{"count":1,"href":"https:\/\/garanley.com\/ca\/wp-json\/wp\/v2\/posts\/2418\/revisions\/"}],"predecessor-version":[{"id":5266,"href":"https:\/\/garanley.com\/ca\/wp-json\/wp\/v2\/posts\/2418\/revisions\/5266\/"}],"wp:attachment":[{"href":"https:\/\/garanley.com\/ca\/wp-json\/wp\/v2\/media\/?parent=2418"}],"wp:term":[{"taxonomy":"category","embeddable":true,"href":"https:\/\/garanley.com\/ca\/wp-json\/wp\/v2\/categories\/?post=2418"},{"taxonomy":"post_tag","embeddable":true,"href":"https:\/\/garanley.com\/ca\/wp-json\/wp\/v2\/tags\/?post=2418"}],"curies":[{"name":"wp","href":"https:\/\/api.w.org\/{rel}","templated":true}]}}