{"id":2407,"date":"2018-02-19T11:32:05","date_gmt":"2018-02-19T10:32:05","guid":{"rendered":"http:\/\/garanley.com\/?p=2407"},"modified":"2020-03-23T19:51:26","modified_gmt":"2020-03-23T18:51:26","slug":"suicidi-accident-laboral","status":"publish","type":"post","link":"https:\/\/garanley.com\/ca\/dret-laboral\/suicidi-accident-laboral\/","title":{"rendered":"El su\u00efcidi com a accident laboral"},"content":{"rendered":"<div style=\"display: none;\"\n    class=\"kk-star-ratings kksr-valign-top kksr-align-right kksr-disabled\"\n    data-id=\"2407\"\n    data-slug=\"\">\n    <div class=\"kksr-stars\">\n    <div class=\"kksr-stars-inactive\">\n            <div class=\"kksr-star\" data-star=\"1\">\n            <div class=\"kksr-icon\" style=\"width: px; height: px;\"><\/div>\n        <\/div>\n            <div class=\"kksr-star\" data-star=\"2\">\n            <div class=\"kksr-icon\" style=\"width: px; height: px;\"><\/div>\n        <\/div>\n            <div class=\"kksr-star\" data-star=\"3\">\n            <div class=\"kksr-icon\" style=\"width: px; height: px;\"><\/div>\n        <\/div>\n            <div class=\"kksr-star\" data-star=\"4\">\n            <div class=\"kksr-icon\" style=\"width: px; height: px;\"><\/div>\n        <\/div>\n            <div class=\"kksr-star\" data-star=\"5\">\n            <div class=\"kksr-icon\" style=\"width: px; height: px;\"><\/div>\n        <\/div>\n    <\/div>\n    <div class=\"kksr-stars-active\" style=\"width: 0px;\">\n            <div class=\"kksr-star\">\n            <div class=\"kksr-icon\" style=\"width: px; height: px;\"><\/div>\n        <\/div>\n            <div class=\"kksr-star\">\n            <div class=\"kksr-icon\" style=\"width: px; height: px;\"><\/div>\n        <\/div>\n            <div class=\"kksr-star\">\n            <div class=\"kksr-icon\" style=\"width: px; height: px;\"><\/div>\n        <\/div>\n            <div class=\"kksr-star\">\n            <div class=\"kksr-icon\" style=\"width: px; height: px;\"><\/div>\n        <\/div>\n            <div class=\"kksr-star\">\n            <div class=\"kksr-icon\" style=\"width: px; height: px;\"><\/div>\n        <\/div>\n    <\/div>\n<\/div>\n    <div class=\"kksr-legend\">\n            <span class=\"kksr-muted\"><\/span>\n    <\/div>\n<\/div>\n<p align=\"justify\"><strong>En 1970, una sent\u00e8ncia del Tribunal Suprem va acreditar, per primera vegada a Espanya, el nexe causal existent entre un su\u00efcidi i l&#8217;activitat laboral del mort. Des de llavors, han estat v\u00e0ries les resolucions que han concl\u00f2s en semblants termes.<\/strong><\/p>\n<hr \/>\n<p align=\"justify\">Encara que existeixen sent\u00e8ncies que han concl\u00f2s el contrari, el su\u00efcidi no sol recon\u00e8ixer-se com a accident de treball. Les empreses es mostren poc inclinades a l&#8217;equiparaci\u00f3, fins i tot quan aquest tipus de morts es converteixen en habituals. No es tracta d&#8217;un fenomen exclusiu del nostre pa\u00eds. Recorda, per exemple, el cas de\u00a0France\u00a0Telecom al pa\u00eds ve\u00ed fa alguns anys. \u00c9s cert que su\u00efcidar-se \u00e9s una acci\u00f3 volunt\u00e0ria, no obstant aix\u00f2, en certes ocasions \u00e9s possible acreditar fefaentment el nexe causal entre aquests actes i les condicions laborals de l&#8217;afectat. \u00c9s el que va oc\u00f3rrer en l&#8217;exemple que analitzem a continuaci\u00f3 i que, de ben segur, vas tenir l&#8217;oportunitat de llegir en premsa.<\/p>\n<div id=\"ez-toc-container\" class=\"ez-toc-v2_0_17 counter-hierarchy counter-numeric ez-toc-transparent\">\n<div class=\"ez-toc-title-container\">\n<p class=\"ez-toc-title\">Resumen del art&iacute;culo<\/p>\n<span class=\"ez-toc-title-toggle\"><a class=\"ez-toc-pull-right ez-toc-btn ez-toc-btn-xs ez-toc-btn-default ez-toc-toggle\" style=\"display: none;\"><i class=\"ez-toc-glyphicon ez-toc-icon-toggle\"><\/i><\/a><\/span><\/div>\n<nav><ul class=\"ez-toc-list ez-toc-list-level-1\"><li class=\"ez-toc-page-1 ez-toc-heading-level-2\"><a class=\"ez-toc-link ez-toc-heading-1\" href=\"https:\/\/garanley.com\/ca\/dret-laboral\/suicidi-accident-laboral\/#sentencia-del-tribunal-superior-de-justicia-de-catalunya-11-dabril-de-2014\" title=\"Sent\u00e8ncia del Tribunal Superior de Just\u00edcia de Catalunya (11 d&#8217;abril de 2014)\">Sent\u00e8ncia del Tribunal Superior de Just\u00edcia de Catalunya (11 d&#8217;abril de 2014)<\/a><ul class=\"ez-toc-list-level-3\"><li class=\"ez-toc-heading-level-3\"><a class=\"ez-toc-link ez-toc-heading-2\" href=\"https:\/\/garanley.com\/ca\/dret-laboral\/suicidi-accident-laboral\/#problemes-psicosocials-com-a-causa-dincapacitat-laboral\" title=\"Problemes psicosocials com a causa d&#8217;incapacitat laboral\">Problemes psicosocials com a causa d&#8217;incapacitat laboral<\/a><\/li><\/ul><\/li><\/ul><\/nav><\/div>\n<h2 align=\"justify\"><span class=\"ez-toc-section\" id=\"sentencia-del-tribunal-superior-de-justicia-de-catalunya-11-dabril-de-2014\"><\/span>Sent\u00e8ncia del Tribunal Superior de Just\u00edcia de Catalunya (11 d&#8217;abril de 2014)<span class=\"ez-toc-section-end\"><\/span><\/h2>\n<p align=\"justify\">El Tribunal Superior de Just\u00edcia de Catalunya (TSJC) va recon\u00e8ixer com a accident laboral el su\u00efcidi d&#8217;un guarda forestal de la Generalitat, en estimar que la decisi\u00f3 del treballador de llevar-se la vida va ser conseq\u00fc\u00e8ncia de la pressi\u00f3 que sofria en el seu lloc de treball. D&#8217;aquesta forma, es va revocar la sent\u00e8ncia pr\u00e8via d&#8217;un jutjat de Lleida i es va estimar el recurs presentat per l&#8217;esposa i fills del mort, als qui se&#8217;ls va recon\u00e8ixer el dret a les oportunes pensions derivades de l&#8217;accident.<\/p>\n<p>No \u00e9s la primera resoluci\u00f3 judicial que considera un su\u00efcidi com a accident laboral, encara que les sent\u00e8ncies d&#8217;aquestes caracter\u00edstiques no s\u00f3n, ni molt menys, freq\u00fcents. La dificultat estreba que el nexe causal entre el su\u00efcidi i les condicions laborals ha de quedar\u00a0meridianamente\u00a0clar i acreditar-se fidedignament.<\/p>\n<p>Jaume R. L. era el cap d&#8217;\u00e0rea dels gu\u00e0rdies forestals a la comarca lleidatana d&#8217;Alt Urgell. El 8 de mar\u00e7 de 2012 es van produir cinc incendis al Pirineu, durant un interval de temps d&#8217;amb prou feines hora i mitja. Un dels sinistres va tenir lloc en\u00a0Calviny\u00e1, la comarca en la qual Jaume exercia com a responsable de zona. Ell lliurava aquell dia, encara que finalment va acudir als cinc focus i a totes les reunions dels equips encarregats d&#8217;extingir les flames. De fet, va anar l&#8217;\u00fanic responsable que no va comptar amb relleu.<\/p>\n<p>Segons els seus familiars, aquella jornada va suposar un punt d&#8217;inflexi\u00f3 en la vida de Jaume que, des de llavors, va comen\u00e7ar a sentir-se m\u00e9s nervi\u00f3s i alterat. Se sentia responsable, tenia por de les sancions que poguessin imposar-li, de perdre la seva reputaci\u00f3 i, fins i tot, d&#8217;anar a la pres\u00f3. Pel que sembla, vivia intensament la seva labor i el seu nivell de\u00a0autoexigencia\u00a0va acabar afectant la seva salut. A cap moment va sofrir, aix\u00f2 s\u00ed, recriminacions per part dels seus superiors.<\/p>\n<p>Jaume va acudir finalment al metge i aquest li va receptar uns\u00a0ansiol\u00edticos. Li va citar per a uns dies m\u00e9s tard, encara que el guarda forestal es va llevar la vida abans d&#8217;acudir novament a la consulta. El mort va deixar dues notes manuscrites en les quals mostrava la seva preocupaci\u00f3 per l&#8217;incendi de\u00a0Calviny\u00e1. A m\u00e9s, manifestava el seu temor a convertir-se al capdavant de turc per a l&#8217;administraci\u00f3, per les labors d&#8217;extinci\u00f3 efectuades a la seva zona.<\/p>\n<p>Per fonamentar la seva decisi\u00f3, el TSJC va assenyalar en la resoluci\u00f3 que, encara que el su\u00efcidi tenia un evident car\u00e0cter voluntari, el quadre ansi\u00f3s de Jaume es va deure a un \u201celevat grau de professionalitat, responsabilitat i\u00a0autoexigencia\u201d. La situaci\u00f3 li va superar emocionalment, al punt de decidir llevar-se la vida. Per al tribunal, quedava acreditat fefaentment el nexe causal entre l&#8217;estat d&#8217;ansietat i el su\u00efcidi de l&#8217;agent.Precedents i evoluci\u00f3 jurisprudencial<\/p>\n<p align=\"justify\">La jurisprud\u00e8ncia espanyola no va considerar el su\u00efcidi com a accident laboral fins a 1970, any en el qual una sent\u00e8ncia del Tribunal Suprem va acreditar el nexe causal entre aquesta acci\u00f3 i el context laboral del mort. Fins a aquest moment, ni tan sols els actes esdevinguts en temps i lloc de treball tenien tal consideraci\u00f3.<\/p>\n<p>Una altra sent\u00e8ncia del TS, de 25 de setembre de 2007, va mostrar clarament l&#8217;evoluci\u00f3 jurisprudencial sobre aquesta q\u00fcesti\u00f3. Aquesta i altres resolucions judicials van coincidir a entendre que l&#8217;origen de la malaltia mental \u00e9s l&#8217;element a determinar, a l&#8217;hora de decidir si un su\u00efcidi pot considerar-se o no accident de treball.<\/p>\n<p>En qualsevol cas, l&#8217;element de voluntarietat en l&#8217;acte de llevar-se la vida \u00e9s l&#8217;argument b\u00e0sic en altres resolucions, que han rebutjat la possibilitat d&#8217;entendre un su\u00efcidi com a sinistre laboral. \u00c9s el que va oc\u00f3rrer amb la sent\u00e8ncia del Tribunal Superior de Just\u00edcia de Gal\u00edcia de 20 de juny de 2012 i amb la del TSJC de 21 de gener de 2003. En tots dos casos es va estimar l&#8217;exist\u00e8ncia d&#8217;una ruptura del nexe causal entre ambdues situacions, sobre la base de l&#8217;establert en l&#8217;article 115.4 b) de la Llei General de la Seguretat Social: <em>\u201cNo obstant aix\u00f2 l&#8217;establert als apartats anteriors, no tindran la consideraci\u00f3 d&#8217;accident de treball: &#8230;b) Els que siguin deguts a dol o a imprud\u00e8ncia temer\u00e0ria del treballador accidentat\u201d.<\/em><\/p>\n<h3 align=\"justify\"><span class=\"ez-toc-section\" id=\"problemes-psicosocials-com-a-causa-dincapacitat-laboral\"><\/span>Problemes psicosocials com a causa d&#8217;incapacitat laboral<span class=\"ez-toc-section-end\"><\/span><\/h3>\n<p align=\"justify\">Si et preguntes per l&#8217;abast d&#8217;aquest tipus de problemes has de saber que, segons l&#8217;Observatori de Riscos Psicosocials d&#8217;UGT, signifiquen la quarta causa d&#8217;incapacitat laboral a Espanya. No obstant aix\u00f2, les dades oficials semblen no reflectir aquesta realitat. En 2012 es van produir m\u00e9s de 400.000 accidents laborals i, d&#8217;ells, tan sol 700 es van atribuir a factors d&#8217;aquest tipus.<\/p>\n<p>Els riscos psicosocials no estan inclosos en els llistats de malalties professionals i, donat el seu pes espec\u00edfic en la societat actual, resulta\u00a0palmaria\u00a0la necessitat d&#8217;una actualitzaci\u00f3 sobre aquest tema. Com saps, aquest problema no \u00e9s espec\u00edfic d&#8217;Espanya. A Fran\u00e7a, alguns sectors consideren tamb\u00e9 que la mortalitat per su\u00efcidi est\u00e0\u00a0subestimada\u00a0en les estad\u00edstiques governamentals.<\/p>\n<p>Resumint, <strong>el su\u00efcidi pot considerar-se accident laboral quan s&#8217;acrediti fidedignament el nexe causal existent entre el context empresarial del mort i l&#8217;acte de llevar-se la vida.<\/strong> Aquest nexe permetr\u00e0 determinar, fins i tot en casos de su\u00efcidis consumats fora de temps i lloc de treball, si l&#8217;acte \u00e9s o no un sinistre d&#8217;aquell tipus.<\/p>\n<p>En\u00a0Garanley\u00a0Advocats estem al teu servei per oferir-te assessorament legal en aquest \u00e0mbit i en qualsevol altre aspecte o q\u00fcesti\u00f3 de<a href=\"http:\/\/garanley.com\/ca\/especialitats\/laboral\/\"> dret laboral.<\/a> Estem encantats de rebre les teves consultes o dubtes.<\/p>\n","protected":false},"excerpt":{"rendered":"<p>En 1970, una sent\u00e8ncia del Tribunal Suprem va acreditar, per primera vegada a Espanya, el nexe causal existent entre un su\u00efcidi i l&#8217;activitat laboral del mort. Des de llavors, han estat v\u00e0ries les resolucions que han concl\u00f2s en semblants termes. Encara que existeixen sent\u00e8ncies que han concl\u00f2s el contrari, el su\u00efcidi no sol recon\u00e8ixer-se com &hellip;<\/p>\n<p class=\"read-more\"> <a class=\"\" href=\"https:\/\/garanley.com\/ca\/dret-laboral\/suicidi-accident-laboral\/\"> <span class=\"screen-reader-text\">El su\u00efcidi com a accident laboral<\/span> Read More \u00bb<\/a><\/p>\n","protected":false},"author":1,"featured_media":0,"comment_status":"closed","ping_status":"open","sticky":false,"template":"","format":"standard","meta":{"_monsterinsights_skip_tracking":false,"_monsterinsights_sitenote_active":false,"_monsterinsights_sitenote_note":"","_monsterinsights_sitenote_category":0,"footnotes":""},"categories":[19],"tags":[],"class_list":["post-2407","post","type-post","status-publish","format-standard","hentry","category-dret-laboral"],"yoast_head":"<!-- This site is optimized with the Yoast SEO plugin v23.2 - https:\/\/yoast.com\/wordpress\/plugins\/seo\/ -->\n<title>El su\u00efcidi com a accident laboral | Garanley Advocats<\/title>\n<meta name=\"description\" content=\"Su\u00efcidi pot considerar-se accident laboral quan s&#039;acrediti el nexe causal entre el context empresarial del mort i l\u2019acte de llevar-se la vida.\" \/>\n<meta name=\"robots\" content=\"index, follow, max-snippet:-1, max-image-preview:large, max-video-preview:-1\" \/>\n<link rel=\"canonical\" href=\"https:\/\/garanley.com\/ca\/laboral\/suicidio-accidente-trabajo\/\" \/>\n<meta property=\"og:locale\" content=\"ca_ES\" \/>\n<meta property=\"og:type\" content=\"article\" \/>\n<meta property=\"og:title\" content=\"El su\u00efcidi com a accident laboral | Garanley Advocats\" \/>\n<meta property=\"og:description\" content=\"Su\u00efcidi pot considerar-se accident laboral quan s&#039;acrediti el nexe causal entre el context empresarial del mort i l\u2019acte de llevar-se la vida.\" \/>\n<meta property=\"og:url\" content=\"https:\/\/garanley.com\/laboral\/suicidio-accidente-trabajo\/\" \/>\n<meta property=\"og:site_name\" content=\"Garanley Abogados\" \/>\n<meta property=\"article:publisher\" content=\"https:\/\/www.facebook.com\/Garanley\/\" \/>\n<meta property=\"article:published_time\" content=\"2018-02-19T10:32:05+00:00\" \/>\n<meta property=\"article:modified_time\" content=\"2020-03-23T18:51:26+00:00\" \/>\n<meta property=\"og:image\" content=\"https:\/\/garanley.com\/wp-content\/uploads\/1438655.png\" \/>\n\t<meta property=\"og:image:width\" content=\"290\" \/>\n\t<meta property=\"og:image:height\" content=\"190\" \/>\n\t<meta property=\"og:image:type\" content=\"image\/png\" \/>\n<meta name=\"author\" content=\"garanley\" \/>\n<meta name=\"twitter:card\" content=\"summary_large_image\" \/>\n<meta name=\"twitter:creator\" content=\"@garanley\" \/>\n<meta name=\"twitter:site\" content=\"@garanley\" \/>\n<meta name=\"twitter:label1\" content=\"Escrit per\" \/>\n\t<meta name=\"twitter:data1\" content=\"garanley\" \/>\n\t<meta name=\"twitter:label2\" content=\"Temps estimat de lectura\" \/>\n\t<meta name=\"twitter:data2\" content=\"6 minuts\" \/>\n<script type=\"application\/ld+json\" class=\"yoast-schema-graph\">{\"@context\":\"https:\/\/schema.org\",\"@graph\":[{\"@type\":\"Article\",\"@id\":\"https:\/\/garanley.com\/laboral\/suicidio-accidente-trabajo\/#article\",\"isPartOf\":{\"@id\":\"https:\/\/garanley.com\/laboral\/suicidio-accidente-trabajo\/\"},\"author\":{\"name\":\"garanley\",\"@id\":\"https:\/\/garanley.com\/#\/schema\/person\/b66cda0c57b73f2d7e79c1950d4f78cf\"},\"headline\":\"El su\u00efcidi com a accident laboral\",\"datePublished\":\"2018-02-19T10:32:05+00:00\",\"dateModified\":\"2020-03-23T18:51:26+00:00\",\"mainEntityOfPage\":{\"@id\":\"https:\/\/garanley.com\/laboral\/suicidio-accidente-trabajo\/\"},\"wordCount\":1132,\"publisher\":{\"@id\":\"https:\/\/garanley.com\/#organization\"},\"articleSection\":[\"Dret Laboral\"],\"inLanguage\":\"ca\"},{\"@type\":\"WebPage\",\"@id\":\"https:\/\/garanley.com\/laboral\/suicidio-accidente-trabajo\/\",\"url\":\"https:\/\/garanley.com\/laboral\/suicidio-accidente-trabajo\/\",\"name\":\"El su\u00efcidi com a accident laboral | Garanley Advocats\",\"isPartOf\":{\"@id\":\"https:\/\/garanley.com\/#website\"},\"datePublished\":\"2018-02-19T10:32:05+00:00\",\"dateModified\":\"2020-03-23T18:51:26+00:00\",\"description\":\"Su\u00efcidi pot considerar-se accident laboral quan s'acrediti el nexe causal entre el context empresarial del mort i l\u2019acte de llevar-se la vida.\",\"breadcrumb\":{\"@id\":\"https:\/\/garanley.com\/laboral\/suicidio-accidente-trabajo\/#breadcrumb\"},\"inLanguage\":\"ca\",\"potentialAction\":[{\"@type\":\"ReadAction\",\"target\":[\"https:\/\/garanley.com\/laboral\/suicidio-accidente-trabajo\/\"]}]},{\"@type\":\"BreadcrumbList\",\"@id\":\"https:\/\/garanley.com\/laboral\/suicidio-accidente-trabajo\/#breadcrumb\",\"itemListElement\":[{\"@type\":\"ListItem\",\"position\":1,\"name\":\"Inicio\",\"item\":\"https:\/\/garanley.com\/ca\/\"},{\"@type\":\"ListItem\",\"position\":2,\"name\":\"El su\u00efcidi com a accident laboral\"}]},{\"@type\":\"WebSite\",\"@id\":\"https:\/\/garanley.com\/#website\",\"url\":\"https:\/\/garanley.com\/\",\"name\":\"Garanley Abogados\",\"description\":\"Despacho de Abogados en Barcelona\",\"publisher\":{\"@id\":\"https:\/\/garanley.com\/#organization\"},\"potentialAction\":[{\"@type\":\"SearchAction\",\"target\":{\"@type\":\"EntryPoint\",\"urlTemplate\":\"https:\/\/garanley.com\/?s={search_term_string}\"},\"query-input\":\"required name=search_term_string\"}],\"inLanguage\":\"ca\"},{\"@type\":\"Organization\",\"@id\":\"https:\/\/garanley.com\/#organization\",\"name\":\"Garanley Abogados\",\"url\":\"https:\/\/garanley.com\/\",\"logo\":{\"@type\":\"ImageObject\",\"inLanguage\":\"ca\",\"@id\":\"https:\/\/garanley.com\/#\/schema\/logo\/image\/\",\"url\":\"https:\/\/garanley.com\/wp-content\/uploads\/Abogados-Barcelona-Garanley.jpg\",\"contentUrl\":\"https:\/\/garanley.com\/wp-content\/uploads\/Abogados-Barcelona-Garanley.jpg\",\"width\":320,\"height\":120,\"caption\":\"Garanley Abogados\"},\"image\":{\"@id\":\"https:\/\/garanley.com\/#\/schema\/logo\/image\/\"},\"sameAs\":[\"https:\/\/www.facebook.com\/Garanley\/\",\"https:\/\/x.com\/garanley\"]},{\"@type\":\"Person\",\"@id\":\"https:\/\/garanley.com\/#\/schema\/person\/b66cda0c57b73f2d7e79c1950d4f78cf\",\"name\":\"garanley\",\"image\":{\"@type\":\"ImageObject\",\"inLanguage\":\"ca\",\"@id\":\"https:\/\/garanley.com\/#\/schema\/person\/image\/\",\"url\":\"https:\/\/secure.gravatar.com\/avatar\/4999d7af2dec9f5881e04093849bdc05a01736945c70fb6bca18eeb1652dbdd4?s=96&d=mm&r=g\",\"contentUrl\":\"https:\/\/secure.gravatar.com\/avatar\/4999d7af2dec9f5881e04093849bdc05a01736945c70fb6bca18eeb1652dbdd4?s=96&d=mm&r=g\",\"caption\":\"garanley\"}}]}<\/script>\n<!-- \/ Yoast SEO plugin. -->","yoast_head_json":{"title":"El su\u00efcidi com a accident laboral | Garanley Advocats","description":"Su\u00efcidi pot considerar-se accident laboral quan s'acrediti el nexe causal entre el context empresarial del mort i l\u2019acte de llevar-se la vida.","robots":{"index":"index","follow":"follow","max-snippet":"max-snippet:-1","max-image-preview":"max-image-preview:large","max-video-preview":"max-video-preview:-1"},"canonical":"https:\/\/garanley.com\/ca\/laboral\/suicidio-accidente-trabajo\/","og_locale":"ca_ES","og_type":"article","og_title":"El su\u00efcidi com a accident laboral | Garanley Advocats","og_description":"Su\u00efcidi pot considerar-se accident laboral quan s'acrediti el nexe causal entre el context empresarial del mort i l\u2019acte de llevar-se la vida.","og_url":"https:\/\/garanley.com\/laboral\/suicidio-accidente-trabajo\/","og_site_name":"Garanley Abogados","article_publisher":"https:\/\/www.facebook.com\/Garanley\/","article_published_time":"2018-02-19T10:32:05+00:00","article_modified_time":"2020-03-23T18:51:26+00:00","og_image":[{"width":290,"height":190,"url":"https:\/\/garanley.com\/wp-content\/uploads\/1438655.png","type":"image\/png"}],"author":"garanley","twitter_card":"summary_large_image","twitter_creator":"@garanley","twitter_site":"@garanley","twitter_misc":{"Escrit per":"garanley","Temps estimat de lectura":"6 minuts"},"schema":{"@context":"https:\/\/schema.org","@graph":[{"@type":"Article","@id":"https:\/\/garanley.com\/laboral\/suicidio-accidente-trabajo\/#article","isPartOf":{"@id":"https:\/\/garanley.com\/laboral\/suicidio-accidente-trabajo\/"},"author":{"name":"garanley","@id":"https:\/\/garanley.com\/#\/schema\/person\/b66cda0c57b73f2d7e79c1950d4f78cf"},"headline":"El su\u00efcidi com a accident laboral","datePublished":"2018-02-19T10:32:05+00:00","dateModified":"2020-03-23T18:51:26+00:00","mainEntityOfPage":{"@id":"https:\/\/garanley.com\/laboral\/suicidio-accidente-trabajo\/"},"wordCount":1132,"publisher":{"@id":"https:\/\/garanley.com\/#organization"},"articleSection":["Dret Laboral"],"inLanguage":"ca"},{"@type":"WebPage","@id":"https:\/\/garanley.com\/laboral\/suicidio-accidente-trabajo\/","url":"https:\/\/garanley.com\/laboral\/suicidio-accidente-trabajo\/","name":"El su\u00efcidi com a accident laboral | Garanley Advocats","isPartOf":{"@id":"https:\/\/garanley.com\/#website"},"datePublished":"2018-02-19T10:32:05+00:00","dateModified":"2020-03-23T18:51:26+00:00","description":"Su\u00efcidi pot considerar-se accident laboral quan s'acrediti el nexe causal entre el context empresarial del mort i l\u2019acte de llevar-se la vida.","breadcrumb":{"@id":"https:\/\/garanley.com\/laboral\/suicidio-accidente-trabajo\/#breadcrumb"},"inLanguage":"ca","potentialAction":[{"@type":"ReadAction","target":["https:\/\/garanley.com\/laboral\/suicidio-accidente-trabajo\/"]}]},{"@type":"BreadcrumbList","@id":"https:\/\/garanley.com\/laboral\/suicidio-accidente-trabajo\/#breadcrumb","itemListElement":[{"@type":"ListItem","position":1,"name":"Inicio","item":"https:\/\/garanley.com\/ca\/"},{"@type":"ListItem","position":2,"name":"El su\u00efcidi com a accident laboral"}]},{"@type":"WebSite","@id":"https:\/\/garanley.com\/#website","url":"https:\/\/garanley.com\/","name":"Garanley Abogados","description":"Despacho de Abogados en Barcelona","publisher":{"@id":"https:\/\/garanley.com\/#organization"},"potentialAction":[{"@type":"SearchAction","target":{"@type":"EntryPoint","urlTemplate":"https:\/\/garanley.com\/?s={search_term_string}"},"query-input":"required name=search_term_string"}],"inLanguage":"ca"},{"@type":"Organization","@id":"https:\/\/garanley.com\/#organization","name":"Garanley Abogados","url":"https:\/\/garanley.com\/","logo":{"@type":"ImageObject","inLanguage":"ca","@id":"https:\/\/garanley.com\/#\/schema\/logo\/image\/","url":"https:\/\/garanley.com\/wp-content\/uploads\/Abogados-Barcelona-Garanley.jpg","contentUrl":"https:\/\/garanley.com\/wp-content\/uploads\/Abogados-Barcelona-Garanley.jpg","width":320,"height":120,"caption":"Garanley Abogados"},"image":{"@id":"https:\/\/garanley.com\/#\/schema\/logo\/image\/"},"sameAs":["https:\/\/www.facebook.com\/Garanley\/","https:\/\/x.com\/garanley"]},{"@type":"Person","@id":"https:\/\/garanley.com\/#\/schema\/person\/b66cda0c57b73f2d7e79c1950d4f78cf","name":"garanley","image":{"@type":"ImageObject","inLanguage":"ca","@id":"https:\/\/garanley.com\/#\/schema\/person\/image\/","url":"https:\/\/secure.gravatar.com\/avatar\/4999d7af2dec9f5881e04093849bdc05a01736945c70fb6bca18eeb1652dbdd4?s=96&d=mm&r=g","contentUrl":"https:\/\/secure.gravatar.com\/avatar\/4999d7af2dec9f5881e04093849bdc05a01736945c70fb6bca18eeb1652dbdd4?s=96&d=mm&r=g","caption":"garanley"}}]}},"_links":{"self":[{"href":"https:\/\/garanley.com\/ca\/wp-json\/wp\/v2\/posts\/2407\/"}],"collection":[{"href":"https:\/\/garanley.com\/ca\/wp-json\/wp\/v2\/posts\/"}],"about":[{"href":"https:\/\/garanley.com\/ca\/wp-json\/wp\/v2\/types\/post\/"}],"author":[{"embeddable":true,"href":"https:\/\/garanley.com\/ca\/wp-json\/wp\/v2\/users\/1\/"}],"replies":[{"embeddable":true,"href":"https:\/\/garanley.com\/ca\/wp-json\/wp\/v2\/comments\/?post=2407"}],"version-history":[{"count":1,"href":"https:\/\/garanley.com\/ca\/wp-json\/wp\/v2\/posts\/2407\/revisions\/"}],"predecessor-version":[{"id":5210,"href":"https:\/\/garanley.com\/ca\/wp-json\/wp\/v2\/posts\/2407\/revisions\/5210\/"}],"wp:attachment":[{"href":"https:\/\/garanley.com\/ca\/wp-json\/wp\/v2\/media\/?parent=2407"}],"wp:term":[{"taxonomy":"category","embeddable":true,"href":"https:\/\/garanley.com\/ca\/wp-json\/wp\/v2\/categories\/?post=2407"},{"taxonomy":"post_tag","embeddable":true,"href":"https:\/\/garanley.com\/ca\/wp-json\/wp\/v2\/tags\/?post=2407"}],"curies":[{"name":"wp","href":"https:\/\/api.w.org\/{rel}","templated":true}]}}