{"id":2272,"date":"2017-09-14T05:25:58","date_gmt":"2017-09-14T03:25:58","guid":{"rendered":"http:\/\/garanley.com\/?p=2272"},"modified":"2020-03-23T19:51:36","modified_gmt":"2020-03-23T18:51:36","slug":"reclamacio-indemnitzacio-asseguranca-vida","status":"publish","type":"post","link":"https:\/\/garanley.com\/ca\/dret-civil\/reclamacio-indemnitzacio-asseguranca-vida\/","title":{"rendered":"Asseguran\u00e7a de vida i invalidesa: Reclamaci\u00f3 judicial de la indemnitzaci\u00f3"},"content":{"rendered":"<div style=\"display: none;\"\n    class=\"kk-star-ratings kksr-valign-top kksr-align-right kksr-disabled\"\n    data-id=\"2272\"\n    data-slug=\"\">\n    <div class=\"kksr-stars\">\n    <div class=\"kksr-stars-inactive\">\n            <div class=\"kksr-star\" data-star=\"1\">\n            <div class=\"kksr-icon\" style=\"width: px; height: px;\"><\/div>\n        <\/div>\n            <div class=\"kksr-star\" data-star=\"2\">\n            <div class=\"kksr-icon\" style=\"width: px; height: px;\"><\/div>\n        <\/div>\n            <div class=\"kksr-star\" data-star=\"3\">\n            <div class=\"kksr-icon\" style=\"width: px; height: px;\"><\/div>\n        <\/div>\n            <div class=\"kksr-star\" data-star=\"4\">\n            <div class=\"kksr-icon\" style=\"width: px; height: px;\"><\/div>\n        <\/div>\n            <div class=\"kksr-star\" data-star=\"5\">\n            <div class=\"kksr-icon\" style=\"width: px; height: px;\"><\/div>\n        <\/div>\n    <\/div>\n    <div class=\"kksr-stars-active\" style=\"width: 0px;\">\n            <div class=\"kksr-star\">\n            <div class=\"kksr-icon\" style=\"width: px; height: px;\"><\/div>\n        <\/div>\n            <div class=\"kksr-star\">\n            <div class=\"kksr-icon\" style=\"width: px; height: px;\"><\/div>\n        <\/div>\n            <div class=\"kksr-star\">\n            <div class=\"kksr-icon\" style=\"width: px; height: px;\"><\/div>\n        <\/div>\n            <div class=\"kksr-star\">\n            <div class=\"kksr-icon\" style=\"width: px; height: px;\"><\/div>\n        <\/div>\n            <div class=\"kksr-star\">\n            <div class=\"kksr-icon\" style=\"width: px; height: px;\"><\/div>\n        <\/div>\n    <\/div>\n<\/div>\n    <div class=\"kksr-legend\">\n            <strong class=\"kksr-score\">5<\/strong>\n        <span class=\"kksr-muted\">\/<\/span>\n        <strong>5<\/strong>\n        <span class=\"kksr-muted\">(<\/span>\n        <strong class=\"kksr-count\">2<\/strong>\n        <span class=\"kksr-muted\">\n            votes        <\/span>\n        <span class=\"kksr-muted\">)<\/span>\n    <\/div>\n<\/div>\n<p><strong>Les companyies asseguradores es neguen, en moltes ocasions, a pagar les indemnitzacions per assegurances de vida i invalidesa. Aquests casos solen acabar en reclamacions judicials, amb moltes possibilitats d&#8217;aconseguir un resultat positiu per als assegurats.<\/strong><\/p>\n<hr \/>\n<p>Segurament tinguis contractades diverses p\u00f2lisses d&#8217;assegurances. En la societat en la qual vivim tots som assegurats, unes vegades perqu\u00e8 estem obligats per llei i unes altres no, per\u00f2 sempre perseguint cobrir certs riscos i cobrar una indemnitzaci\u00f3 quan es produeix determinat esdeveniment. No obstant aix\u00f2, el problema sorgeix quan la companyia asseguradora no respon davant algun contratemps.<\/p>\n<p>Moltes vegades s&#8217;escuden en <strong>cl\u00e0usules abusives<\/strong> i, fins i tot, deneguen la totalitat de la cobertura. Si est\u00e0s en algun d&#8217;aquests casos, no dubtis a contactar amb un <a href=\"http:\/\/garanley.com\/ca\/especialitats\/civil\/\">advocat especialista en assegurances<\/a> i interposar l&#8217;oportuna reclamaci\u00f3 judicial per obtenir la teva indemnitzaci\u00f3.<\/p>\n<p>Si et van concedir una hipoteca als moments \u00e0lgids de la bombolla immobili\u00e0ria, \u00e9s probable que, al seu moment, t&#8217;instessin a signar tamb\u00e9 una asseguran\u00e7a de vida i invalidesa. Era una pr\u00e0ctica usual al seu moment. Pot ser que, despr\u00e9s de passar mesos i mesos pagant religiosament la teva quota, hagis tingut un accident, necessitis cobrar la indemnitzaci\u00f3 per invalidesa i la companyia rebutgi la teva sol\u00b7licitud. El mateix succeeix amb les assegurances de vida, els familiars d&#8217;alguns morts es troben lligats de peus i mans, davant la negativa de les asseguradores.<\/p>\n<div id=\"ez-toc-container\" class=\"ez-toc-v2_0_17 counter-hierarchy counter-numeric ez-toc-transparent\">\n<div class=\"ez-toc-title-container\">\n<p class=\"ez-toc-title\">Resumen del art&iacute;culo<\/p>\n<span class=\"ez-toc-title-toggle\"><a class=\"ez-toc-pull-right ez-toc-btn ez-toc-btn-xs ez-toc-btn-default ez-toc-toggle\" style=\"display: none;\"><i class=\"ez-toc-glyphicon ez-toc-icon-toggle\"><\/i><\/a><\/span><\/div>\n<nav><ul class=\"ez-toc-list ez-toc-list-level-1\"><li class=\"ez-toc-page-1 ez-toc-heading-level-2\"><a class=\"ez-toc-link ez-toc-heading-1\" href=\"https:\/\/garanley.com\/ca\/dret-civil\/reclamacio-indemnitzacio-asseguranca-vida\/#particularitats-de-les-assegurances-de-vida-i-invalidesa\" title=\"Particularitats de les assegurances de vida i invalidesa\">Particularitats de les assegurances de vida i invalidesa<\/a><ul class=\"ez-toc-list-level-3\"><li class=\"ez-toc-heading-level-3\"><a class=\"ez-toc-link ez-toc-heading-2\" href=\"https:\/\/garanley.com\/ca\/dret-civil\/reclamacio-indemnitzacio-asseguranca-vida\/#en-que-semparen-les-asseguradores-per-excloure-aquestes-cobertures\" title=\"En qu\u00e8 s&#8217;emparen les asseguradores per excloure aquestes cobertures?\">En qu\u00e8 s&#8217;emparen les asseguradores per excloure aquestes cobertures?<\/a><\/li><\/ul><\/li><li class=\"ez-toc-page-1 ez-toc-heading-level-2\"><a class=\"ez-toc-link ez-toc-heading-3\" href=\"https:\/\/garanley.com\/ca\/dret-civil\/reclamacio-indemnitzacio-asseguranca-vida\/#reclamacio-judicial-de-la-indemnitzacio\" title=\"Reclamaci\u00f3 judicial de la indemnitzaci\u00f3\">Reclamaci\u00f3 judicial de la indemnitzaci\u00f3<\/a><ul class=\"ez-toc-list-level-3\"><li class=\"ez-toc-heading-level-3\"><a class=\"ez-toc-link ez-toc-heading-4\" href=\"https:\/\/garanley.com\/ca\/dret-civil\/reclamacio-indemnitzacio-asseguranca-vida\/#conclusio\" title=\"Conclusi\u00f3\">Conclusi\u00f3<\/a><\/li><\/ul><\/li><\/ul><\/nav><\/div>\n<h2><span class=\"ez-toc-section\" id=\"particularitats-de-les-assegurances-de-vida-i-invalidesa\"><\/span>Particularitats de les assegurances de vida i invalidesa<span class=\"ez-toc-section-end\"><\/span><\/h2>\n<p>Ens trobem amb dos tipus d&#8217;assegurances de vida: els que estableixen una indemnitzaci\u00f3 en cas de defunci\u00f3 de l&#8217;assegurat durant la vig\u00e8ncia del contracte i els que paguen si aquell segueix viu al venciment de la p\u00f2lissa. Ambdues opcions poden combinar-se. Les cosines s&#8217;estableixen en funci\u00f3 de variables com la quantitat pactada, l&#8217;edat, sexe, estat de salut etc.<\/p>\n<p>En les assegurances de vida, el pagament del capital dep\u00e8n de la vida de l&#8217;assegurat. El prenedor \u00e9s l&#8217;encarregat de contractar el segur i pagar la cosina i el beneficiari \u00e9s la persona que percebr\u00e0 el capital abonat per l&#8217;assegurador.<\/p>\n<p>No obstant aix\u00f2, el prenedor se sotmet a certs l\u00edmits a l&#8217;hora d&#8217;assegurar la vida d&#8217;altres persones. Aix\u00ed, les p\u00f2lisses que cobreixen la mort de l&#8217;assegurat requereixen el consentiment d&#8217;aquest per poder subscriure&#8217;s el segur. Tampoc \u00e9s possible assegurar la mort de menors de catorze anys ni d&#8217;incapacitats.<\/p>\n<p>Amb un segur d&#8217;invalidesa es cobreix el risc de p\u00e8rdua de la capacitat per treballar, com a conseq\u00fc\u00e8ncia d&#8217;un accident o malaltia. S&#8217;activa quan la Seguretat Social declara a l&#8217;assegurat en situaci\u00f3 d&#8217;invalidesa permanent.<\/p>\n<h3><span class=\"ez-toc-section\" id=\"en-que-semparen-les-asseguradores-per-excloure-aquestes-cobertures\"><\/span>En qu\u00e8 s&#8217;emparen les asseguradores per excloure aquestes cobertures?<span class=\"ez-toc-section-end\"><\/span><\/h3>\n<p>Per\u00f2, com \u00e9s possible que les asseguradores neguin aquest tipus de cobertures?. Segur que tu tamb\u00e9 t&#8217;ho preguntes. La crisi ha passat factura a les companyies, que s&#8217;agarren a un clau cremant per excloure la cobertura de les p\u00f2lisses. En concret, s&#8217;emparen en els articles 10 i 89 de la Llei de Contracte de Segur.<\/p>\n<p>L&#8217;article 10 d&#8217;aquest text legal diu el seg\u00fcent: <em>\u201cEl prenedor del segur t\u00e9 el deure, abans de la conclusi\u00f3 del contracte, de declarar a l&#8217;assegurador, d&#8217;acord amb el q\u00fcestionari que aquest li sotmeti, totes les circumst\u00e0ncies per ell conegudes que puguin influir en la valoraci\u00f3 del risc. Quedar\u00e0 exonerat de tal haver de si l&#8217;assegurador no li sotmet q\u00fcestionari o quan, encara sotmetent-li-ho, es tracti de circumst\u00e0ncies que puguin influir en la valoraci\u00f3 del risc i que no estiguin compreses en ell\u201d.<\/em><\/p>\n<p>Les companyies s&#8217;emparen en l&#8217;e<strong>xist\u00e8ncia de dol o culpa greu de l&#8217;assegurat,<\/strong> qui no hauria comunicat que <strong>patia patologies o malalties pr\u00e8vies<\/strong> en el q\u00fcestionari de salut. Aquest se signa en contractar la p\u00f2lissa i \u00e9s una declaraci\u00f3, per part de l&#8217;assegurat, sobre el seu estat f\u00edsic i ps\u00edquic. No obstant aix\u00f2, no existeix ni tan sols una petita revisi\u00f3 m\u00e8dica m\u00e8dica per comprovar la salut del client, al moment de la contractaci\u00f3. Per sort, la doctrina del Tribunal Suprem considera que el q\u00fcestionari es t\u00e9 per no presentat, en cas de signar-se en pres\u00e8ncia d&#8217;un treballador bancari en funci\u00f3 d&#8217;agent d&#8217;assegurances.<\/p>\n<h2><span class=\"ez-toc-section\" id=\"reclamacio-judicial-de-la-indemnitzacio\"><\/span>Reclamaci\u00f3 judicial de la indemnitzaci\u00f3<span class=\"ez-toc-section-end\"><\/span><\/h2>\n<p>Si et trobes en un cas semblat a l&#8217;exposat a l&#8217;apartat anterior, tens suficient base jur\u00eddica per reclamar la teva indemnitzaci\u00f3. Tingues en compte que la legislaci\u00f3 d&#8217;assegurances i la de protecci\u00f3 dels consumidors, aix\u00ed com la jurisprud\u00e8ncia, t&#8217;emparen sobre aquest tema. S\u00f3n molts els clients que estan guanyant demandes contra les asseguradores per aquesta mateixa causa. Fins i tot, \u00e9s possible que cobris la indemnitzaci\u00f3 que et correspon a trav\u00e9s de solucions extrajudicials.<\/p>\n<p>En qualsevol cas, el teu advocat s&#8217;encarregar\u00e0 d&#8217;estudiar detalladament el cas, realitzant un estudi de viabilitat i analitzant tots els factors abans d&#8217;iniciar l&#8217;oportuna acci\u00f3 judicial.<\/p>\n<p>Recorda, igualment, que si parlem de reclamacions a companyies d&#8217;assegurances, pot oc\u00f3rrer que la teva p\u00f2lissa inclogui una garantia de defensa jur\u00eddica. Imagina&#8217;t la situaci\u00f3: tens la intenci\u00f3 de reclamar a una asseguradora i \u00e9s aquesta la que posa a la teva disposici\u00f3 un equip jur\u00eddic per defensar-te. Sembla inimaginable que l&#8217;entitat vagi contra els seus propis interessos, veritat?. Per aix\u00f2, el m\u00e9s recomanable, sempre que sigui possible, \u00e9s contractar a un professional del dret extern i ali\u00e8 a l&#8217;empresa d&#8217;assegurances. Aquest nomenament voluntari per part de l&#8217;assegurat est\u00e0 limitat a una determinada quantitat, tal com s&#8217;expressa en les condicions particulars del contracte.<\/p>\n<h3><span class=\"ez-toc-section\" id=\"conclusio\"><\/span>Conclusi\u00f3<span class=\"ez-toc-section-end\"><\/span><\/h3>\n<p>Resumint, les reclamacions per assegurances de vida i invalidesa acaben, usualment, en procediments judicials. La ra\u00f3 ja l&#8217;hem analitzat: <strong>les companyies d&#8217;assegurances es neguen, sistem\u00e0ticament, a cobrir qualsevol sinistre de vida. \u00a0<\/strong>\u00a0 Si aquest \u00e9s el teu cas no et desanimis, perqu\u00e8 existeix un bon acolliment de les demandes d&#8217;aquest tipus per part dels jutjats i tribunals. En la major part d&#8217;ocasions, les resolucions judicials acaben sent favorables per als afectats.<\/p>\n","protected":false},"excerpt":{"rendered":"<p>5 \/ 5 ( 2 votes ) Les companyies asseguradores es neguen, en moltes ocasions, a pagar les indemnitzacions per assegurances de vida i invalidesa. Aquests casos solen acabar en reclamacions judicials, amb moltes possibilitats d&#8217;aconseguir un resultat positiu per als assegurats. Segurament tinguis contractades diverses p\u00f2lisses d&#8217;assegurances. En la societat en la qual vivim &hellip;<\/p>\n<p class=\"read-more\"> <a class=\"\" href=\"https:\/\/garanley.com\/ca\/dret-civil\/reclamacio-indemnitzacio-asseguranca-vida\/\"> <span class=\"screen-reader-text\">Asseguran\u00e7a de vida i invalidesa: Reclamaci\u00f3 judicial de la indemnitzaci\u00f3<\/span> Read More \u00bb<\/a><\/p>\n","protected":false},"author":1,"featured_media":0,"comment_status":"closed","ping_status":"open","sticky":false,"template":"","format":"standard","meta":{"_monsterinsights_skip_tracking":false,"_monsterinsights_sitenote_active":false,"_monsterinsights_sitenote_note":"","_monsterinsights_sitenote_category":0,"footnotes":""},"categories":[17],"tags":[],"class_list":["post-2272","post","type-post","status-publish","format-standard","hentry","category-dret-civil"],"yoast_head":"<!-- This site is optimized with the Yoast SEO plugin v23.2 - https:\/\/yoast.com\/wordpress\/plugins\/seo\/ -->\n<title>Reclamaci\u00f3 judicial de la indemnitzaci\u00f3 per asseguran\u00e7a de vida<\/title>\n<meta name=\"description\" content=\"Les companyies asseguradores es neguen, en moltes ocasions, a pagar les indemnitzacions per assegurances de vida i invalidesa. Aquests casos solen acabar en reclamacions judicials, amb moltes possibilitats d&#039;aconseguir un resultat positiu per als assegurats.\" \/>\n<meta name=\"robots\" content=\"index, follow, max-snippet:-1, max-image-preview:large, max-video-preview:-1\" \/>\n<link rel=\"canonical\" href=\"https:\/\/garanley.com\/ca\/civil\/seguro-vida-reclamar-indemnizacion\/\" \/>\n<meta property=\"og:locale\" content=\"ca_ES\" \/>\n<meta property=\"og:type\" content=\"article\" \/>\n<meta property=\"og:title\" content=\"Reclamaci\u00f3 judicial de la indemnitzaci\u00f3 per asseguran\u00e7a de vida\" \/>\n<meta property=\"og:description\" content=\"Les companyies asseguradores es neguen, en moltes ocasions, a pagar les indemnitzacions per assegurances de vida i invalidesa. Aquests casos solen acabar en reclamacions judicials, amb moltes possibilitats d&#039;aconseguir un resultat positiu per als assegurats.\" \/>\n<meta property=\"og:url\" content=\"https:\/\/garanley.com\/civil\/seguro-vida-reclamar-indemnizacion\/\" \/>\n<meta property=\"og:site_name\" content=\"Garanley Abogados\" \/>\n<meta property=\"article:publisher\" content=\"https:\/\/www.facebook.com\/Garanley\/\" \/>\n<meta property=\"article:published_time\" content=\"2017-09-14T03:25:58+00:00\" \/>\n<meta property=\"article:modified_time\" content=\"2020-03-23T18:51:36+00:00\" \/>\n<meta property=\"og:image\" content=\"https:\/\/garanley.com\/wp-content\/uploads\/1438655.png\" \/>\n\t<meta property=\"og:image:width\" content=\"290\" \/>\n\t<meta property=\"og:image:height\" content=\"190\" \/>\n\t<meta property=\"og:image:type\" content=\"image\/png\" \/>\n<meta name=\"author\" content=\"garanley\" \/>\n<meta name=\"twitter:card\" content=\"summary_large_image\" \/>\n<meta name=\"twitter:creator\" content=\"@garanley\" \/>\n<meta name=\"twitter:site\" content=\"@garanley\" \/>\n<meta name=\"twitter:label1\" content=\"Escrit per\" \/>\n\t<meta name=\"twitter:data1\" content=\"garanley\" \/>\n\t<meta name=\"twitter:label2\" content=\"Temps estimat de lectura\" \/>\n\t<meta name=\"twitter:data2\" content=\"5 minuts\" \/>\n<script type=\"application\/ld+json\" class=\"yoast-schema-graph\">{\"@context\":\"https:\/\/schema.org\",\"@graph\":[{\"@type\":\"Article\",\"@id\":\"https:\/\/garanley.com\/civil\/seguro-vida-reclamar-indemnizacion\/#article\",\"isPartOf\":{\"@id\":\"https:\/\/garanley.com\/civil\/seguro-vida-reclamar-indemnizacion\/\"},\"author\":{\"name\":\"garanley\",\"@id\":\"https:\/\/garanley.com\/#\/schema\/person\/b66cda0c57b73f2d7e79c1950d4f78cf\"},\"headline\":\"Asseguran\u00e7a de vida i invalidesa: Reclamaci\u00f3 judicial de la indemnitzaci\u00f3\",\"datePublished\":\"2017-09-14T03:25:58+00:00\",\"dateModified\":\"2020-03-23T18:51:36+00:00\",\"mainEntityOfPage\":{\"@id\":\"https:\/\/garanley.com\/civil\/seguro-vida-reclamar-indemnizacion\/\"},\"wordCount\":990,\"publisher\":{\"@id\":\"https:\/\/garanley.com\/#organization\"},\"articleSection\":[\"Dret Civil\"],\"inLanguage\":\"ca\"},{\"@type\":\"WebPage\",\"@id\":\"https:\/\/garanley.com\/civil\/seguro-vida-reclamar-indemnizacion\/\",\"url\":\"https:\/\/garanley.com\/civil\/seguro-vida-reclamar-indemnizacion\/\",\"name\":\"Reclamaci\u00f3 judicial de la indemnitzaci\u00f3 per asseguran\u00e7a de vida\",\"isPartOf\":{\"@id\":\"https:\/\/garanley.com\/#website\"},\"datePublished\":\"2017-09-14T03:25:58+00:00\",\"dateModified\":\"2020-03-23T18:51:36+00:00\",\"description\":\"Les companyies asseguradores es neguen, en moltes ocasions, a pagar les indemnitzacions per assegurances de vida i invalidesa. Aquests casos solen acabar en reclamacions judicials, amb moltes possibilitats d'aconseguir un resultat positiu per als assegurats.\",\"breadcrumb\":{\"@id\":\"https:\/\/garanley.com\/civil\/seguro-vida-reclamar-indemnizacion\/#breadcrumb\"},\"inLanguage\":\"ca\",\"potentialAction\":[{\"@type\":\"ReadAction\",\"target\":[\"https:\/\/garanley.com\/civil\/seguro-vida-reclamar-indemnizacion\/\"]}]},{\"@type\":\"BreadcrumbList\",\"@id\":\"https:\/\/garanley.com\/civil\/seguro-vida-reclamar-indemnizacion\/#breadcrumb\",\"itemListElement\":[{\"@type\":\"ListItem\",\"position\":1,\"name\":\"Inicio\",\"item\":\"https:\/\/garanley.com\/ca\/\"},{\"@type\":\"ListItem\",\"position\":2,\"name\":\"Asseguran\u00e7a de vida i invalidesa: Reclamaci\u00f3 judicial de la indemnitzaci\u00f3\"}]},{\"@type\":\"WebSite\",\"@id\":\"https:\/\/garanley.com\/#website\",\"url\":\"https:\/\/garanley.com\/\",\"name\":\"Garanley Abogados\",\"description\":\"Despacho de Abogados en Barcelona\",\"publisher\":{\"@id\":\"https:\/\/garanley.com\/#organization\"},\"potentialAction\":[{\"@type\":\"SearchAction\",\"target\":{\"@type\":\"EntryPoint\",\"urlTemplate\":\"https:\/\/garanley.com\/?s={search_term_string}\"},\"query-input\":\"required name=search_term_string\"}],\"inLanguage\":\"ca\"},{\"@type\":\"Organization\",\"@id\":\"https:\/\/garanley.com\/#organization\",\"name\":\"Garanley Abogados\",\"url\":\"https:\/\/garanley.com\/\",\"logo\":{\"@type\":\"ImageObject\",\"inLanguage\":\"ca\",\"@id\":\"https:\/\/garanley.com\/#\/schema\/logo\/image\/\",\"url\":\"https:\/\/garanley.com\/wp-content\/uploads\/Abogados-Barcelona-Garanley.jpg\",\"contentUrl\":\"https:\/\/garanley.com\/wp-content\/uploads\/Abogados-Barcelona-Garanley.jpg\",\"width\":320,\"height\":120,\"caption\":\"Garanley Abogados\"},\"image\":{\"@id\":\"https:\/\/garanley.com\/#\/schema\/logo\/image\/\"},\"sameAs\":[\"https:\/\/www.facebook.com\/Garanley\/\",\"https:\/\/x.com\/garanley\"]},{\"@type\":\"Person\",\"@id\":\"https:\/\/garanley.com\/#\/schema\/person\/b66cda0c57b73f2d7e79c1950d4f78cf\",\"name\":\"garanley\",\"image\":{\"@type\":\"ImageObject\",\"inLanguage\":\"ca\",\"@id\":\"https:\/\/garanley.com\/#\/schema\/person\/image\/\",\"url\":\"https:\/\/secure.gravatar.com\/avatar\/4999d7af2dec9f5881e04093849bdc05a01736945c70fb6bca18eeb1652dbdd4?s=96&d=mm&r=g\",\"contentUrl\":\"https:\/\/secure.gravatar.com\/avatar\/4999d7af2dec9f5881e04093849bdc05a01736945c70fb6bca18eeb1652dbdd4?s=96&d=mm&r=g\",\"caption\":\"garanley\"}}]}<\/script>\n<!-- \/ Yoast SEO plugin. -->","yoast_head_json":{"title":"Reclamaci\u00f3 judicial de la indemnitzaci\u00f3 per asseguran\u00e7a de vida","description":"Les companyies asseguradores es neguen, en moltes ocasions, a pagar les indemnitzacions per assegurances de vida i invalidesa. Aquests casos solen acabar en reclamacions judicials, amb moltes possibilitats d'aconseguir un resultat positiu per als assegurats.","robots":{"index":"index","follow":"follow","max-snippet":"max-snippet:-1","max-image-preview":"max-image-preview:large","max-video-preview":"max-video-preview:-1"},"canonical":"https:\/\/garanley.com\/ca\/civil\/seguro-vida-reclamar-indemnizacion\/","og_locale":"ca_ES","og_type":"article","og_title":"Reclamaci\u00f3 judicial de la indemnitzaci\u00f3 per asseguran\u00e7a de vida","og_description":"Les companyies asseguradores es neguen, en moltes ocasions, a pagar les indemnitzacions per assegurances de vida i invalidesa. Aquests casos solen acabar en reclamacions judicials, amb moltes possibilitats d'aconseguir un resultat positiu per als assegurats.","og_url":"https:\/\/garanley.com\/civil\/seguro-vida-reclamar-indemnizacion\/","og_site_name":"Garanley Abogados","article_publisher":"https:\/\/www.facebook.com\/Garanley\/","article_published_time":"2017-09-14T03:25:58+00:00","article_modified_time":"2020-03-23T18:51:36+00:00","og_image":[{"width":290,"height":190,"url":"https:\/\/garanley.com\/wp-content\/uploads\/1438655.png","type":"image\/png"}],"author":"garanley","twitter_card":"summary_large_image","twitter_creator":"@garanley","twitter_site":"@garanley","twitter_misc":{"Escrit per":"garanley","Temps estimat de lectura":"5 minuts"},"schema":{"@context":"https:\/\/schema.org","@graph":[{"@type":"Article","@id":"https:\/\/garanley.com\/civil\/seguro-vida-reclamar-indemnizacion\/#article","isPartOf":{"@id":"https:\/\/garanley.com\/civil\/seguro-vida-reclamar-indemnizacion\/"},"author":{"name":"garanley","@id":"https:\/\/garanley.com\/#\/schema\/person\/b66cda0c57b73f2d7e79c1950d4f78cf"},"headline":"Asseguran\u00e7a de vida i invalidesa: Reclamaci\u00f3 judicial de la indemnitzaci\u00f3","datePublished":"2017-09-14T03:25:58+00:00","dateModified":"2020-03-23T18:51:36+00:00","mainEntityOfPage":{"@id":"https:\/\/garanley.com\/civil\/seguro-vida-reclamar-indemnizacion\/"},"wordCount":990,"publisher":{"@id":"https:\/\/garanley.com\/#organization"},"articleSection":["Dret Civil"],"inLanguage":"ca"},{"@type":"WebPage","@id":"https:\/\/garanley.com\/civil\/seguro-vida-reclamar-indemnizacion\/","url":"https:\/\/garanley.com\/civil\/seguro-vida-reclamar-indemnizacion\/","name":"Reclamaci\u00f3 judicial de la indemnitzaci\u00f3 per asseguran\u00e7a de vida","isPartOf":{"@id":"https:\/\/garanley.com\/#website"},"datePublished":"2017-09-14T03:25:58+00:00","dateModified":"2020-03-23T18:51:36+00:00","description":"Les companyies asseguradores es neguen, en moltes ocasions, a pagar les indemnitzacions per assegurances de vida i invalidesa. Aquests casos solen acabar en reclamacions judicials, amb moltes possibilitats d'aconseguir un resultat positiu per als assegurats.","breadcrumb":{"@id":"https:\/\/garanley.com\/civil\/seguro-vida-reclamar-indemnizacion\/#breadcrumb"},"inLanguage":"ca","potentialAction":[{"@type":"ReadAction","target":["https:\/\/garanley.com\/civil\/seguro-vida-reclamar-indemnizacion\/"]}]},{"@type":"BreadcrumbList","@id":"https:\/\/garanley.com\/civil\/seguro-vida-reclamar-indemnizacion\/#breadcrumb","itemListElement":[{"@type":"ListItem","position":1,"name":"Inicio","item":"https:\/\/garanley.com\/ca\/"},{"@type":"ListItem","position":2,"name":"Asseguran\u00e7a de vida i invalidesa: Reclamaci\u00f3 judicial de la indemnitzaci\u00f3"}]},{"@type":"WebSite","@id":"https:\/\/garanley.com\/#website","url":"https:\/\/garanley.com\/","name":"Garanley Abogados","description":"Despacho de Abogados en Barcelona","publisher":{"@id":"https:\/\/garanley.com\/#organization"},"potentialAction":[{"@type":"SearchAction","target":{"@type":"EntryPoint","urlTemplate":"https:\/\/garanley.com\/?s={search_term_string}"},"query-input":"required name=search_term_string"}],"inLanguage":"ca"},{"@type":"Organization","@id":"https:\/\/garanley.com\/#organization","name":"Garanley Abogados","url":"https:\/\/garanley.com\/","logo":{"@type":"ImageObject","inLanguage":"ca","@id":"https:\/\/garanley.com\/#\/schema\/logo\/image\/","url":"https:\/\/garanley.com\/wp-content\/uploads\/Abogados-Barcelona-Garanley.jpg","contentUrl":"https:\/\/garanley.com\/wp-content\/uploads\/Abogados-Barcelona-Garanley.jpg","width":320,"height":120,"caption":"Garanley Abogados"},"image":{"@id":"https:\/\/garanley.com\/#\/schema\/logo\/image\/"},"sameAs":["https:\/\/www.facebook.com\/Garanley\/","https:\/\/x.com\/garanley"]},{"@type":"Person","@id":"https:\/\/garanley.com\/#\/schema\/person\/b66cda0c57b73f2d7e79c1950d4f78cf","name":"garanley","image":{"@type":"ImageObject","inLanguage":"ca","@id":"https:\/\/garanley.com\/#\/schema\/person\/image\/","url":"https:\/\/secure.gravatar.com\/avatar\/4999d7af2dec9f5881e04093849bdc05a01736945c70fb6bca18eeb1652dbdd4?s=96&d=mm&r=g","contentUrl":"https:\/\/secure.gravatar.com\/avatar\/4999d7af2dec9f5881e04093849bdc05a01736945c70fb6bca18eeb1652dbdd4?s=96&d=mm&r=g","caption":"garanley"}}]}},"_links":{"self":[{"href":"https:\/\/garanley.com\/ca\/wp-json\/wp\/v2\/posts\/2272\/"}],"collection":[{"href":"https:\/\/garanley.com\/ca\/wp-json\/wp\/v2\/posts\/"}],"about":[{"href":"https:\/\/garanley.com\/ca\/wp-json\/wp\/v2\/types\/post\/"}],"author":[{"embeddable":true,"href":"https:\/\/garanley.com\/ca\/wp-json\/wp\/v2\/users\/1\/"}],"replies":[{"embeddable":true,"href":"https:\/\/garanley.com\/ca\/wp-json\/wp\/v2\/comments\/?post=2272"}],"version-history":[{"count":1,"href":"https:\/\/garanley.com\/ca\/wp-json\/wp\/v2\/posts\/2272\/revisions\/"}],"predecessor-version":[{"id":5315,"href":"https:\/\/garanley.com\/ca\/wp-json\/wp\/v2\/posts\/2272\/revisions\/5315\/"}],"wp:attachment":[{"href":"https:\/\/garanley.com\/ca\/wp-json\/wp\/v2\/media\/?parent=2272"}],"wp:term":[{"taxonomy":"category","embeddable":true,"href":"https:\/\/garanley.com\/ca\/wp-json\/wp\/v2\/categories\/?post=2272"},{"taxonomy":"post_tag","embeddable":true,"href":"https:\/\/garanley.com\/ca\/wp-json\/wp\/v2\/tags\/?post=2272"}],"curies":[{"name":"wp","href":"https:\/\/api.w.org\/{rel}","templated":true}]}}