{"id":2222,"date":"2018-02-21T10:49:32","date_gmt":"2018-02-21T09:49:32","guid":{"rendered":"http:\/\/garanley.com\/?p=2222"},"modified":"2020-03-23T19:51:25","modified_gmt":"2020-03-23T18:51:25","slug":"indemnitzacio","status":"publish","type":"post","link":"https:\/\/garanley.com\/ca\/accidents-transit\/indemnitzacio\/","title":{"rendered":"Indemnitzaci\u00f3 per accident de tr\u00e0nsit. Com se sol\u00b7licita? A qui? Quant em correspon?"},"content":{"rendered":"<div style=\"display: none;\"\n    class=\"kk-star-ratings kksr-valign-top kksr-align-right kksr-disabled\"\n    data-id=\"2222\"\n    data-slug=\"\">\n    <div class=\"kksr-stars\">\n    <div class=\"kksr-stars-inactive\">\n            <div class=\"kksr-star\" data-star=\"1\">\n            <div class=\"kksr-icon\" style=\"width: px; height: px;\"><\/div>\n        <\/div>\n            <div class=\"kksr-star\" data-star=\"2\">\n            <div class=\"kksr-icon\" style=\"width: px; height: px;\"><\/div>\n        <\/div>\n            <div class=\"kksr-star\" data-star=\"3\">\n            <div class=\"kksr-icon\" style=\"width: px; height: px;\"><\/div>\n        <\/div>\n            <div class=\"kksr-star\" data-star=\"4\">\n            <div class=\"kksr-icon\" style=\"width: px; height: px;\"><\/div>\n        <\/div>\n            <div class=\"kksr-star\" data-star=\"5\">\n            <div class=\"kksr-icon\" style=\"width: px; height: px;\"><\/div>\n        <\/div>\n    <\/div>\n    <div class=\"kksr-stars-active\" style=\"width: 0px;\">\n            <div class=\"kksr-star\">\n            <div class=\"kksr-icon\" style=\"width: px; height: px;\"><\/div>\n        <\/div>\n            <div class=\"kksr-star\">\n            <div class=\"kksr-icon\" style=\"width: px; height: px;\"><\/div>\n        <\/div>\n            <div class=\"kksr-star\">\n            <div class=\"kksr-icon\" style=\"width: px; height: px;\"><\/div>\n        <\/div>\n            <div class=\"kksr-star\">\n            <div class=\"kksr-icon\" style=\"width: px; height: px;\"><\/div>\n        <\/div>\n            <div class=\"kksr-star\">\n            <div class=\"kksr-icon\" style=\"width: px; height: px;\"><\/div>\n        <\/div>\n    <\/div>\n<\/div>\n    <div class=\"kksr-legend\">\n            <span class=\"kksr-muted\"><\/span>\n    <\/div>\n<\/div>\n<p style=\"text-align: justify;\">Al moment que sofrim un accident de tr\u00e0nsit, hem de tenir en compte que darrere dels danys hi ha una transacci\u00f3 econ\u00f2mica i legal entre les dues parts implicades. En el cas de no ser causants del sinistre,\u00a0hem de reclamar una indemnitzaci\u00f3 per danys f\u00edsics i materials. Pel que caldr\u00e0 donar part a la companyia d&#8217;assegurances i detallar qu\u00e8 ha ocorregut, qui estaven implicats en el sinistre i tota la informaci\u00f3 pertinent.<\/p>\n<p>Aquest part ha de comuniqu\u00e9s en el termini m\u00e0xim d&#8217;una setmana quan hem estat v\u00edctimes d&#8217;un accident de tr\u00e0nsit; en cas de no ser responsables del sinistre, la reclamaci\u00f3 se li fa a l&#8217;asseguradora del culpable de l&#8217;accident.<\/p>\n<div id=\"ez-toc-container\" class=\"ez-toc-v2_0_17 counter-hierarchy counter-numeric ez-toc-transparent\">\n<div class=\"ez-toc-title-container\">\n<p class=\"ez-toc-title\">Resumen del art&iacute;culo<\/p>\n<span class=\"ez-toc-title-toggle\"><a class=\"ez-toc-pull-right ez-toc-btn ez-toc-btn-xs ez-toc-btn-default ez-toc-toggle\" style=\"display: none;\"><i class=\"ez-toc-glyphicon ez-toc-icon-toggle\"><\/i><\/a><\/span><\/div>\n<nav><ul class=\"ez-toc-list ez-toc-list-level-1\"><li class=\"ez-toc-page-1 ez-toc-heading-level-2\"><a class=\"ez-toc-link ez-toc-heading-1\" href=\"https:\/\/garanley.com\/ca\/accidents-transit\/indemnitzacio\/#quant-es-la-indemnitzacio-per-accident-de-transit-com-la-calculo\" title=\"Quant \u00e9s la indemnitzaci\u00f3 per accident de tr\u00e0nsit? Com la calculo?\">Quant \u00e9s la indemnitzaci\u00f3 per accident de tr\u00e0nsit? Com la calculo?<\/a><ul class=\"ez-toc-list-level-3\"><li class=\"ez-toc-heading-level-3\"><a class=\"ez-toc-link ez-toc-heading-2\" href=\"https:\/\/garanley.com\/ca\/accidents-transit\/indemnitzacio\/#incapacitat-temporal\" title=\"Incapacitat temporal\">Incapacitat temporal<\/a><\/li><li class=\"ez-toc-page-1 ez-toc-heading-level-3\"><a class=\"ez-toc-link ez-toc-heading-3\" href=\"https:\/\/garanley.com\/ca\/accidents-transit\/indemnitzacio\/#incapacitat-permanent\" title=\"Incapacitat permanent\">Incapacitat permanent<\/a><ul class=\"ez-toc-list-level-4\"><li class=\"ez-toc-heading-level-4\"><a class=\"ez-toc-link ez-toc-heading-4\" href=\"https:\/\/garanley.com\/ca\/accidents-transit\/indemnitzacio\/#advocat-extern\" title=\"Advocat extern\">Advocat extern<\/a><\/li><\/ul><\/li><li class=\"ez-toc-page-1 ez-toc-heading-level-3\"><a class=\"ez-toc-link ez-toc-heading-5\" href=\"https:\/\/garanley.com\/ca\/accidents-transit\/indemnitzacio\/#quins-conceptes-podem-reclamar-en-una-indemnitzacio-per-accident\" title=\"Quins conceptes podem reclamar en una indemnitzaci\u00f3 per accident?\">Quins conceptes podem reclamar en una indemnitzaci\u00f3 per accident?<\/a><ul class=\"ez-toc-list-level-4\"><li class=\"ez-toc-heading-level-4\"><a class=\"ez-toc-link ez-toc-heading-6\" href=\"https:\/\/garanley.com\/ca\/accidents-transit\/indemnitzacio\/#danys-a-reclamar-en-la-indemnitzacio\" title=\"Danys a reclamar en la indemnitzaci\u00f3\">Danys a reclamar en la indemnitzaci\u00f3<\/a><\/li><\/ul><\/li><li class=\"ez-toc-page-1 ez-toc-heading-level-3\"><a class=\"ez-toc-link ez-toc-heading-7\" href=\"https:\/\/garanley.com\/ca\/accidents-transit\/indemnitzacio\/#la-indemnitzacio-per-a-ocupants-i-passatgers\" title=\"La indemnitzaci\u00f3 per a ocupants i passatgers\">La indemnitzaci\u00f3 per a ocupants i passatgers<\/a><ul class=\"ez-toc-list-level-4\"><li class=\"ez-toc-heading-level-4\"><a class=\"ez-toc-link ez-toc-heading-8\" href=\"https:\/\/garanley.com\/ca\/accidents-transit\/indemnitzacio\/#ocupant-o-passatger-que-viatja-en-el-vehicle-culpable-de-laccident\" title=\"Ocupant o passatger que viatja en el vehicle culpable de l&#8217;accident\">Ocupant o passatger que viatja en el vehicle culpable de l&#8217;accident<\/a><\/li><li class=\"ez-toc-page-1 ez-toc-heading-level-4\"><a class=\"ez-toc-link ez-toc-heading-9\" href=\"https:\/\/garanley.com\/ca\/accidents-transit\/indemnitzacio\/#ocupant-o-passatger-que-circula-en-un-vehicle-no-culpable-de-laccident\" title=\"Ocupant o passatger que circula en un vehicle no culpable de l&#8217;accident\">Ocupant o passatger que circula en un vehicle no culpable de l&#8217;accident<\/a><\/li><\/ul><\/li><li class=\"ez-toc-page-1 ez-toc-heading-level-3\"><a class=\"ez-toc-link ez-toc-heading-10\" href=\"https:\/\/garanley.com\/ca\/accidents-transit\/indemnitzacio\/#responsabilitat-compartida\" title=\"Responsabilitat compartida\">Responsabilitat compartida<\/a><\/li><li class=\"ez-toc-page-1 ez-toc-heading-level-3\"><a class=\"ez-toc-link ez-toc-heading-11\" href=\"https:\/\/garanley.com\/ca\/accidents-transit\/indemnitzacio\/#valoracio-de-la-indemnitzacio\" title=\"Valoraci\u00f3 de la indemnitzaci\u00f3\">Valoraci\u00f3 de la indemnitzaci\u00f3<\/a><ul class=\"ez-toc-list-level-4\"><li class=\"ez-toc-heading-level-4\"><a class=\"ez-toc-link ez-toc-heading-12\" href=\"https:\/\/garanley.com\/ca\/accidents-transit\/indemnitzacio\/#preguntes-frequents-relacionades-amb-la-indemnitzacio-per-accident-de-transit\" title=\"Preguntes freq\u00fcents relacionades amb la indemnitzaci\u00f3 per accident de tr\u00e0nsit\">Preguntes freq\u00fcents relacionades amb la indemnitzaci\u00f3 per accident de tr\u00e0nsit<\/a><\/li><\/ul><\/li><\/ul><\/li><\/ul><\/nav><\/div>\n<h2 style=\"text-align: justify;\"><span class=\"ez-toc-section\" id=\"quant-es-la-indemnitzacio-per-accident-de-transit-com-la-calculo\"><\/span>Quant \u00e9s la indemnitzaci\u00f3 per accident de tr\u00e0nsit? Com la calculo?<span class=\"ez-toc-section-end\"><\/span><\/h2>\n<p style=\"text-align: justify;\">Per calcular la indemnitzaci\u00f3 que et correspon com a conseq\u00fc\u00e8ncia d&#8217;un accident de tr\u00e0nsit amb lesions, es tenen en compte una s\u00e8rie de factors de correcci\u00f3 i el barem que anualment publica la Direcci\u00f3 general d&#8217;Assegurances i Fons de Pensions.<\/p>\n<p>Si has sofert un accident de tr\u00e0nsit i desitges calcular la indemnitzaci\u00f3 que et correspon per lesions permanents o incapacitat temporal, has de saber que el resultat dep\u00e8n de factors com l&#8217;any en el qual va oc\u00f3rrer el sinistre o van sanar les ferides, la teva edat al moment del contratemps, les seq\u00fceles i els dies\u00a0impeditivos, no\u00a0impeditivos\u00a0o hospitalaris. A m\u00e9s, has de tenir en compte que tamb\u00e9 s&#8217;apliquen factors correctors, en funci\u00f3 dels teus ingressos nets anuals per treball personal.<\/p>\n<p>La indemnitzaci\u00f3, despr\u00e9s d&#8217;un accident de tr\u00e0nsit, es fonamenta en el concepte jur\u00eddic \u201crestitutium\u00a0in\u00a0integrum\u201d. \u00c9s a dir, es tracta de retornar a l&#8217;afectat a la situaci\u00f3 immediatament anterior a l&#8217;accident.<\/p>\n<h3 style=\"text-align: justify;\"><span class=\"ez-toc-section\" id=\"incapacitat-temporal\"><\/span>Incapacitat temporal<span class=\"ez-toc-section-end\"><\/span><\/h3>\n<p style=\"text-align: justify;\">La incapacitat temporal es defineix com el temps efectiu que triguen a guarir-se les lesions produ\u00efdes en un accident. Atenci\u00f3!, no has de confondre aquest concepte amb la baixa laboral, s\u00f3n coses diferents. Tingues present que un aturat, jubilat o estudiant tamb\u00e9 pot trobar-se en situaci\u00f3 d&#8217;incapacitat temporal. No obstant aix\u00f2, les asseguradores, en multitud d&#8217;ocasions, tendeixen a equiparar tots dos termes en inter\u00e8s propi.<\/p>\n<p>El c\u00e0lcul de la indemnitzaci\u00f3 sempre t\u00e9 en compte el temps efectiu que es precisa per a la curaci\u00f3 de les ferides. Es tracta de l&#8217;espai temporal que interv\u00e9 entre el moment en el qual es produeix l&#8217;accident i en el qual s&#8217;estabilitzen les lesions.<\/p>\n<p>Suposem que aquest lapse de temps \u00e9s de 30 dies (es van necessitar 30 dies per a la curaci\u00f3 de les lesions). Doncs b\u00e9, aquestes 30 jornades han de tenir-se presents per al c\u00e0lcul, amb independ\u00e8ncia de si va existir o no baixa laboral. Un aturat, jubilat o estudiant que es trobi en tals circumst\u00e0ncies, pot presentar den\u00fancia. Despr\u00e9s, ser\u00e0 examinat per un forense, que valorar\u00e0 les lesions. D&#8217;aquesta forma, l&#8217;advocat estar\u00e0 en condicions de realitzar els c\u00e0lculs adequats i de reclamar l&#8217;oportuna indemnitzaci\u00f3.<\/p>\n<p>Quan s&#8217;ha determinat clarament el temps d&#8217;incapacitat temporal, arriba el moment d&#8217;estudiar si l&#8217;afectat s&#8217;ha vist impedit per efectuar el seu treball habitual, durant tot o part del per\u00edode de curaci\u00f3. L&#8217;objectiu \u00e9s identificar el nombre de dies\u00a0impeditivos\u00a0i no\u00a0impeditivos.<\/p>\n<h3 style=\"text-align: justify;\"><span class=\"ez-toc-section\" id=\"incapacitat-permanent\"><\/span>Incapacitat permanent<span class=\"ez-toc-section-end\"><\/span><\/h3>\n<p style=\"text-align: justify;\">La incapacitat permanent t\u00e9 a veure amb les seq\u00fceles que romanen m\u00e9s enll\u00e0 del per\u00edode de curaci\u00f3. Per calcular una indemnitzaci\u00f3 per accident de tr\u00e0nsit, la incapacitat permanent \u00e9s el principal factor que es t\u00e9 en compte. La valoraci\u00f3 s&#8217;efectua amb una\u00a0baremaci\u00f3n\u00a0que va de 0 a 100 punts. Les seq\u00fceles es divideixen en tres grans grups:<\/p>\n<ul>\n<li style=\"text-align: justify;\"><strong>F\u00edsiques<\/strong> (dolors, limitacions de mobilitat, amputacions etc).<\/li>\n<li style=\"text-align: justify;\"><strong>Psicol\u00f2giques<\/strong> (estr\u00e8s\u00a0postraum\u00e1tico, trastorn depressiu reactiu, s\u00edndrome\u00a0postconmocional, trastorn org\u00e0nic de la personalitat\u2026).<\/li>\n<li style=\"text-align: justify;\"><strong>Est\u00e8tiques<\/strong> (marques, cremades, cicatrius etc). Per valorar aquest tipus de seq\u00fceles s&#8217;utilitza una escala d&#8217;1 a 50 punts i es t\u00e9 en compte la visibilitat d&#8217;aquelles. Poden ser: lleugeres, moderades, mitjanes, importants, bastant importants o molt importants.<\/li>\n<li style=\"text-align: justify;\"><strong>Factors de correcci\u00f3<\/strong><\/li>\n<\/ul>\n<p>Existeixen altres factors destacats a l&#8217;hora de calcular la indemnitzaci\u00f3 per accident de tr\u00e0nsit. Aix\u00ed, si l&#8217;afectat resulta incapacitat per realitzar el seu treball habitual, la quantia de la compensaci\u00f3 augmentar\u00e0 entre 19.000 i 95.000 euros.<\/p>\n<p>Altres factors de correcci\u00f3 s\u00f3n:<\/p>\n<ul>\n<li>Despeses de medicaments.<\/li>\n<li>Despeses de transport.<\/li>\n<li>Rehabilitaci\u00f3.<\/li>\n<li>Perjudici econ\u00f2mic lucre cessant.<\/li>\n<li>Perjudicis morals.<\/li>\n<li>Adequaci\u00f3 d&#8217;habitatge.<\/li>\n<li>Reparaci\u00f3 de vehicle.<\/li>\n<\/ul>\n<h4><span class=\"ez-toc-section\" id=\"advocat-extern\"><\/span><strong>Advocat extern<\/strong><span class=\"ez-toc-section-end\"><\/span><\/h4>\n<p>El m\u00e9s raonable en aquestes situacions \u00e9s dirigir-te a un bufet especialitzat en accidents de tr\u00e0nsit. Ells, a part de fer els oportuns c\u00e0lculs, reclamaran i lluitaran perqu\u00e8 la indemnitzaci\u00f3 sigui el m\u00e9s d&#8217;acord amb la teva situaci\u00f3 i necessitats reals.<\/p>\n<p>Tingues en compte que reclamar una indemnitzaci\u00f3, despr\u00e9s d&#8217;un accident de tr\u00e0nsit, no \u00e9s una tasca senzilla. Per comen\u00e7ar, les asseguradores signen convenis i pactes de no agressi\u00f3. D&#8217;aquesta forma, totes elles surten beneficiades i les teves necessitats passen a un segon pla. D&#8217;altra banda, la Seguretat Social delega l&#8217;atenci\u00f3 m\u00e8dica dels lesionats en les pr\u00f2pies asseguradores, circumst\u00e0ncia que provoca infinitat de conflictes d&#8217;interessos. Finalment, has de saber que en la valoraci\u00f3 de la indemnitzaci\u00f3, a part dels criteris objectius, tamb\u00e9 existeix marge per aplicar estimacions subjectives. Per exemple, quan es tracta de determinar l&#8217;abast de la intensitat dels s\u00edmptomes.<\/p>\n<p>El teu advocat extern, independent de les asseguradores, s&#8217;encarregar\u00e0 de sol\u00b7licitar que les teves lesions siguin examinades per m\u00e8dics forenses aliens a aquelles. Despr\u00e9s de la valoraci\u00f3 d&#8217;aquests experts, el professional del dret far\u00e0 els corresponents c\u00e0lculs i iniciar\u00e0 la reclamaci\u00f3 de la indemnitzaci\u00f3.<\/p>\n<p>Seguint aquests passos, t&#8217;assegures una correcta assist\u00e8ncia m\u00e8dica i la millor indemnitzaci\u00f3 per al teu problema. A m\u00e9s, pots acollir-te a l&#8217;assist\u00e8ncia jur\u00eddica de la teva p\u00f2lissa d&#8217;assegurances, perqu\u00e8 aquesta es faci c\u00e0rrec dels honoraris de l&#8217;advocat independent.<\/p>\n<p>En definitiva, si has sofert un accident de circulaci\u00f3 amb lesions, et recomanem posar-te en contacte amb advocats de confian\u00e7a, especialistes en aquesta mat\u00e8ria. La Seguretat Social deriva als afectats a les pr\u00f2pies companyies asseguradores, les mateixes que han de pagar les indemnitzacions. T&#8217;imagines la situaci\u00f3?. La mateixa empresa \u00e9s la que decideix les sessions o proves diagn\u00f2stiques a realitzar i la que ha de pagar la despesa m\u00e8dica i, en definitiva, el conjunt de la indemnitzaci\u00f3. Si, a m\u00e9s, confies en un dels advocats de la companyia, \u00e9s possible que aquest miri m\u00e9s pels interessos de la seva empresa que pels teus propis. Amb un advocat independent tens m\u00e9s possibilitats d&#8217;aconseguir un resultat satisfactori i una indemnitzaci\u00f3 adequada.<\/p>\n<p>Amb independ\u00e8ncia del fet que d\u00f3na origen a la indemnitzaci\u00f3 i sempre que es tracti d&#8217;una reclamaci\u00f3 de danys personals (lesions, invalidesa o mort), s&#8217;utilitza com a sistema de valoraci\u00f3 el que anualment publica la Direcci\u00f3 general d&#8217;Assegurances i Fons de Pensions. El barem per 2014 es va aprovar en la Resoluci\u00f3 de 5 de mar\u00e7 de 2014.<\/p>\n<h3><span class=\"ez-toc-section\" id=\"quins-conceptes-podem-reclamar-en-una-indemnitzacio-per-accident\"><\/span>Quins conceptes podem reclamar en una indemnitzaci\u00f3 per accident?<span class=\"ez-toc-section-end\"><\/span><\/h3>\n<p>No solament es tenen en compte els dies de baixa \u2013\u00e9s a dir, els dies que les lesions li han obligat a estar de baixa laboral i tampoc ha pogut realitzar amb normalitat les seves activitats quotidianes-, tamb\u00e9 es poden reclamar altres perjudicis econ\u00f2mics, la qual cosa es coneix com a lucre cessant. Posem el cas d&#8217;una persona que, a m\u00e9s del seu salari, percep altres ingressos extres que, en estar de baixa, no pot percebre. En aquests casos, hem d&#8217;acreditar aquests ingressos per reclamar-los.<\/p>\n<h4><span class=\"ez-toc-section\" id=\"danys-a-reclamar-en-la-indemnitzacio\"><\/span>Danys a reclamar en la indemnitzaci\u00f3<span class=\"ez-toc-section-end\"><\/span><\/h4>\n<p>Els danys que poden derivar-se d&#8217;un accident de tr\u00e0nsit s\u00f3n de dos tipus:<\/p>\n<p><strong>&#8211; Els danys materials<\/strong><br \/>\nS\u00f3n aquells desperfectes afecten al vehicle com a conseq\u00fc\u00e8ncia de l&#8217;accident de tr\u00e0nsit.<\/p>\n<p>En aquests casos la companyia d&#8217;assegurances designar\u00e0 un perit per realitzar un informe en el qual es determini si els danys que reflecteix el vehicle coincideixen amb els declarats en el part amist\u00f3s d&#8217;accident i emetr\u00e0 una valoraci\u00f3 dels mateixos.<\/p>\n<p>El propietari del vehicle sinistrat t\u00e9 dret a exigir la reparaci\u00f3 dels danys ocasionats. En el sup\u00f2sit que no interessi la reparaci\u00f3 del cotxe o el valor de la reparaci\u00f3 sigui superior al valor de venda del mateix al moment de l&#8217;accident, t\u00e9 dret al fet que se li indemnitzin els perjudicis causats per l&#8217;import d&#8217;aquest valor de venda.<\/p>\n<p>A m\u00e9s de les despeses de reparaci\u00f3 del vehicle, tamb\u00e9 \u00e9s possible reclamar altres danys materials sempre que es derivin directament de l&#8217;accident de circulaci\u00f3 per exemple, la p\u00e8rdua o els danys soferts dels objectes, com per exemple el trencament d&#8217;un rellotge o de la roba, etc.<\/p>\n<p>En aquests casos, faci constar que s&#8217;han produ\u00eft aquests danys a la declaraci\u00f3 d&#8217;accident o en la den\u00fancia i conservi tant els objectes deteriorats com les factures d&#8217;adquisici\u00f3 dels nous.<\/p>\n<p>Finalment, tamb\u00e9 pot sol\u00b7licitar l&#8217;abonament de les despeses realitzades a conseq\u00fc\u00e8ncia de l&#8217;accident, per exemple, els despla\u00e7aments, el lloguer d&#8217;un altre vehicle mentre dura la reparaci\u00f3\u2026 etc.<\/p>\n<p><strong>&#8211; Els danys personals<\/strong><br \/>\nS\u00f3n aquells que pateixen les persones implicades en un accident de circulaci\u00f3, siguin conductors, passatgers o vianants.<\/p>\n<p>La quantia de la indemnitzaci\u00f3 d&#8217;aquests danys (o si es vol la \u201ctraducci\u00f3\u201d dels danys soferts a euros) es fixa de conformitat a unes regles i barems que s\u00f3n freq\u00fcentment dif\u00edcils d&#8217;aplicar.<\/p>\n<p>Prou saber que el barem valora la indemnitzaci\u00f3 depenent de si l&#8217;accident causa en la v\u00edctima la mort, lesions permanents o la incapacitat temporal; seguidament, l&#8217;estimaci\u00f3 d&#8217;aquests danys es realitza de forma individualitzada considerant dues q\u00fcestions, d&#8217;una banda el temps de baixa que l&#8217;accident provoca i, per un altre, la gravetat de la lesi\u00f3, ferides i seq\u00fceles que causa.<\/p>\n<p>Finalment, les quantitats que resulten de l&#8217;aplicaci\u00f3 del barem es moderen en funci\u00f3 de la situaci\u00f3 de cada individu (per exemple, no s&#8217;indemnitza de la mateixa manera la mort d&#8217;un nen que la d&#8217;un pare de fam\u00edlia, la p\u00e8rdua d&#8217;una m\u00e0 d&#8217;un pintor i la de qui no ho \u00e9s\u2026 etc. perqu\u00e8 aix\u00f2 dep\u00e8n de la repercussi\u00f3 que el dany produeix en la vida de la v\u00edctima o en la d&#8217;aquells que depenen d&#8217;ella)<\/p>\n<p>Finalment, destacar que la indemnitzaci\u00f3 estar\u00e0 composta no nom\u00e9s per l&#8217;import en qu\u00e8 es valorin els danys i perjudicis tant materials com a personals, sin\u00f3 tamb\u00e9 pels interessos que aquestes quantitats reportin des de la data de l&#8217;accident. Si la companyia asseguradora es retarda m\u00e9s de 3 mesos, la quantitat deguda generar\u00e0 a m\u00e9s un inter\u00e8s especial.<\/p>\n<h3><span class=\"ez-toc-section\" id=\"la-indemnitzacio-per-a-ocupants-i-passatgers\"><\/span>La indemnitzaci\u00f3 per a ocupants i passatgers<span class=\"ez-toc-section-end\"><\/span><\/h3>\n<p>Els ocupants i passatgers que sofreixin danys com a conseq\u00fc\u00e8ncia d&#8217;un accident de tr\u00e0nsit tenen dret a rebre una indemnitzaci\u00f3, amb independ\u00e8ncia de la identitat del responsable o culpable del sinistre.<\/p>\n<p>Ha d&#8217;indemnitzar-se als ocupants d&#8217;un vehicle accidentat o als passatgers d&#8217;un mitj\u00e0 de transport p\u00fablic?. Segur que t&#8217;has formulat aquesta pregunta en m\u00e9s d&#8217;una ocasi\u00f3. La resposta no pot ser m\u00e9s senzilla: els ocupants i passatgers sempre tenen dret a una indemnitzaci\u00f3, amb independ\u00e8ncia de qui sigui el responsable o culpable del sinistre. La conclusi\u00f3 \u00e9s aix\u00ed de simple, perqu\u00e8 els tercers no han pogut evitar, a cap moment, l&#8217;accident. No estava a les seves mans la possibilitat d&#8217;eludir tal desenlla\u00e7.<\/p>\n<p>Per tant, als ocupants i als passatgers de vehicles p\u00fablics o privats els vas agafar el dret a indemnitzaci\u00f3 pels danys soferts com a conseq\u00fc\u00e8ncia del sinistre.<\/p>\n<h4><span class=\"ez-toc-section\" id=\"ocupant-o-passatger-que-viatja-en-el-vehicle-culpable-de-laccident\"><\/span>Ocupant o passatger que viatja en el vehicle culpable de l&#8217;accident<span class=\"ez-toc-section-end\"><\/span><\/h4>\n<p>Imagina que un amic et convida a fer una excursi\u00f3 de finalitzaci\u00f3 de setmana o que decideixes anar a visitar a un familiar a una altra ciutat i agafes un autocar. Sofreixes un accident en qualsevol dels dos sup\u00f2sits i el responsable del mateix \u00e9s el teu amic o el conductor de l&#8217;autob\u00fas respectivament. Si has sofert danys, de la indemnitzaci\u00f3 que et correspon ha de fer-se carrego la companyia asseguradora del vehicle culpable (cotxe del teu amic o autocar, en aquest cas).<\/p>\n<p>La companyia del vehicle culpable no nom\u00e9s ha d&#8217;assumir la teva indemnitzaci\u00f3, com a ocupant que ets. Tamb\u00e9 ha de cobrir els danys ocasionats a la resta de vehicles implicats, en cas que existeixin.<\/p>\n<p>Tu, com a ocupant o passatger, tens la possibilitat de reclamar la m\u00e0xima indemnitzaci\u00f3, per sinistre de tr\u00e0fic, a la companyia del vehicle responsable. Pots fer-ho, sense que per aix\u00f2 hagis de demandar o denunciar al conductor culpable de l&#8217;accident.<\/p>\n<h4><span class=\"ez-toc-section\" id=\"ocupant-o-passatger-que-circula-en-un-vehicle-no-culpable-de-laccident\"><\/span>Ocupant o passatger que circula en un vehicle no culpable de l&#8217;accident<span class=\"ez-toc-section-end\"><\/span><\/h4>\n<p>En aquest cas, la companyia del vehicle en el qual viatges t&#8217;oferir\u00e0 els seus serveis jur\u00eddics, per interposar la corresponent demanda contra el conductor del cotxe culpable i la seva asseguradora. Abans d&#8217;acceptar, recorda que nom\u00e9s un advocat extern pot garantir-te la millor indemnitzaci\u00f3. Els professionals del dret de les empreses d&#8217;assegurances miren primer pels interessos de la seva organitzaci\u00f3 i despr\u00e9s pels teus. Tingues-ho en compte!.<\/p>\n<p>D&#8217;altra banda, tingues present que disposes d&#8217;un termini de sis mesos per exercir els teus drets com perjudicat si optes per la via penal i d&#8217;un any si ho fas directament en la via civil.<\/p>\n<p>En el primer dels casos, l&#8217;usual \u00e9s que el corresponent jutjat d&#8217;instrucci\u00f3 incoi dilig\u00e8ncies pr\u00e8vies contra conductor i asseguradora, despr\u00e9s de la den\u00fancia interposada pel teu advocat.<\/p>\n<h3><span class=\"ez-toc-section\" id=\"responsabilitat-compartida\"><\/span>Responsabilitat compartida<span class=\"ez-toc-section-end\"><\/span><\/h3>\n<p>Si l&#8217;accident es va produir per culpa de diverses persones, les companyies d&#8217;assegurances de totes elles estan obligades a respondre per les lesions dels ocupants. Aquests seran indemnitzats, de manera solid\u00e0ria, per les asseguradors implicades i fins a l&#8217;import total en el qual s&#8217;hagin valorat els danys personals i materials dels afectats.<\/p>\n<h3><span class=\"ez-toc-section\" id=\"valoracio-de-la-indemnitzacio\"><\/span>Valoraci\u00f3 de la indemnitzaci\u00f3<span class=\"ez-toc-section-end\"><\/span><\/h3>\n<p>La indemnitzaci\u00f3 total es correspon amb la suma de les valoracions de danys materials i personals. Has d&#8217;entendre per dany material aquell perjudici econ\u00f2mic sofert com a conseq\u00fc\u00e8ncia de l&#8217;accident de tr\u00e0nsit (despeses, factures, medicines, lucre cessant&#8230;). El c\u00e0lcul \u00e9s senzill, sempre que es guardin tots els tiquets i justificants oportuns.<\/p>\n<p>La valoraci\u00f3 dels danys materials \u00e9s una q\u00fcesti\u00f3 molt m\u00e9s complexa. Es realitza conforme a un barem de Tr\u00e0fic i, en no poques ocasions, genera conflictes entre les parts, perqu\u00e8 sempre existeix un marge per a la subjectivitat. En aquest punt, et reiterem la import\u00e0ncia de contractar un advocat extern i ali\u00e8 a les companyies asseguradores en conflicte. \u00c9s la millor alternativa per aconseguir la major indemnitzaci\u00f3 possible.<\/p>\n<p>En resum, si ets passatger o ocupant i sofreixes danys, materials o personals, tens dret a ser rescabalat dels mateixos. L&#8217;asseguradora d&#8217;un vehicle tercer o la del cotxe en el qual viatges van a fer-se c\u00e0rrec de la teva indemnitzaci\u00f3, en funci\u00f3 de la identitat del causant del sinistre.<\/p>\n<p>Recorda tamb\u00e9 que, en cas de viatjar en transport p\u00fablic, el propietari d&#8217;aquest ha de tenir subscrita una p\u00f2lissa d&#8217;asseguran\u00e7a Obligatori de Viatgers, quan el vehicle posseeixi m\u00e9s de 9 places. Aquesta p\u00f2lissa cobreix els danys que es produeixin a l&#8217;interior, quan la responsabilitat del sinistre sigui atribu\u00efble al conductor o al personal de la companyia.<\/p>\n<p>Si, per desgr\u00e0cia, et veus implicat en un cas semblat als ressenyats, tingues en compte que tens dret a la lliure elecci\u00f3 d&#8217;advocat, segons ha d&#8217;establir la p\u00f2lissa d&#8217;assegurances que t&#8217;acull (defensa jur\u00eddica). Fa un cop d&#8217;ull a l&#8217;article 76 de la Llei 50\/1980, del Contracte de Segur.<\/p>\n<h4><span class=\"ez-toc-section\" id=\"preguntes-frequents-relacionades-amb-la-indemnitzacio-per-accident-de-transit\"><\/span>Preguntes freq\u00fcents relacionades amb la indemnitzaci\u00f3 per accident de tr\u00e0nsit<span class=\"ez-toc-section-end\"><\/span><\/h4>\n[su_spoiler\u00a0title=&#8221;\u00a0Puc reclamar una indemnitzaci\u00f3 per accident de tr\u00e0nsit estant en atur?&#8221;\u00a0style=&#8221;fancy&#8221;]\n<p>En primer lloc cal dir que estar en atur no eximeix del dret a ser indemnitzat en cas d&#8217;accident de tr\u00e0nsit quan no hem estat els responsables del mateix, \u00e9s a dir, el culpable \u00e9s el conductor de l&#8217;altre vehicle implicat.<\/p>\n<p>Podemos calcular una estimaci\u00f3 de quin seria la indemnitzaci\u00f3 que ens correspon amb el barem que es publica en el Butllet\u00ed Oficial de l&#8217;Estat (BOE)\u00a0que fixa les indemnitzacions per lesions permanents, incapacitat temporal o defunci\u00f3, aix\u00ed com les quanties per danys i perjudicis que s&#8217;hagin causat a les persones involucrades en un accident de tr\u00e0nsit.<\/p>\n<p>Aquest barem s&#8217;actualitza anualment i s&#8217;aplica en accidents de vehicles (turismes, motos, camions) aix\u00ed com en els accidents en els quals s&#8217;hagin vist involucrat vianants (atropellament) i en els accidents laborals.<\/p>\n<p>Per fixar les quanties es tenen en compte l&#8217;edat de la v\u00edctima, el temps de recuperaci\u00f3 (en dies) i el grau de les seq\u00fceles f\u00edsiques provocades per l&#8217;accident.<\/p>\n<p>En cas d&#8217;accident, i\u00a0m\u00e1xime\u00a0quan hi ha per mitj\u00e0 el cobrament d&#8217;una possible indemnitzaci\u00f3 pels danys i lesions causades en l&#8217;accident, conv\u00e9 explicar sempre amb l&#8217;assessorament d&#8217;un advocat especialitzat en accidents de tr\u00e0nsit. En tots els casos d&#8217;accident o problemes amb el vehicle \u2013per exemple, una avaria del cotxe que ens obligui a donar part a la companyia d&#8217;assegurances per sol\u00b7licitar el servei de grua i, en cas necessari, un cotxe de substituci\u00f3- \u00e9s important llegir amb deteniment les condicions de la p\u00f2lissa.<\/p>\n<p>La indemnitzaci\u00f3 en cas d&#8217;accident amb lesions abasta el per\u00edode compr\u00e8s des del dia en el qual ocorre fins al moment en el qual estiguem plenament recuperats i puguem realitzar tant les activitats quotidianes personals com a professionals. La indemnitzaci\u00f3 inclou tant els dies d&#8217;hospitalitzaci\u00f3 com els de baixa, \u00e9s a dir, el nombre de dies que no hem pogut desenvolupar les nostres activitats quotidianes a conseq\u00fc\u00e8ncia de les lesions de l&#8217;accident.<\/p>\n<p>La indemnitzaci\u00f3 per accident s&#8217;aplica a qualsevol persona que hagi sofert una lesi\u00f3, independentment de la seva edat i de la seva situaci\u00f3 laboral, ja siguin treballadors en actiu o en atur. \u00c9s a dir, a l&#8217;hora de fixar una indemnitzaci\u00f3 per accident de tr\u00e0nsit el que es t\u00e9 en compte \u00e9s el grau de les lesions i les seves conseq\u00fc\u00e8ncies, no la situaci\u00f3 laboral o econ\u00f2mica de la v\u00edctima. Si es considera que les lesions li han provocat una p\u00e8rdua de diners que no es repara amb la indemnitzaci\u00f3, es pot presentar una reclamaci\u00f3 via judicial.<\/p>\n","protected":false},"excerpt":{"rendered":"<p>Al moment que sofrim un accident de tr\u00e0nsit, hem de tenir en compte que darrere dels danys hi ha una transacci\u00f3 econ\u00f2mica i legal entre les dues parts implicades. En el cas de no ser causants del sinistre,\u00a0hem de reclamar una indemnitzaci\u00f3 per danys f\u00edsics i materials. Pel que caldr\u00e0 donar part a la companyia &hellip;<\/p>\n<p class=\"read-more\"> <a class=\"\" href=\"https:\/\/garanley.com\/ca\/accidents-transit\/indemnitzacio\/\"> <span class=\"screen-reader-text\">Indemnitzaci\u00f3 per accident de tr\u00e0nsit. Com se sol\u00b7licita? A qui? Quant em correspon?<\/span> Read More \u00bb<\/a><\/p>\n","protected":false},"author":1,"featured_media":4961,"comment_status":"closed","ping_status":"open","sticky":false,"template":"","format":"standard","meta":{"_monsterinsights_skip_tracking":false,"_monsterinsights_sitenote_active":false,"_monsterinsights_sitenote_note":"","_monsterinsights_sitenote_category":0,"footnotes":""},"categories":[16],"tags":[],"class_list":["post-2222","post","type-post","status-publish","format-standard","has-post-thumbnail","hentry","category-accidents-transit"],"yoast_head":"<!-- This site is optimized with the Yoast SEO plugin v23.2 - https:\/\/yoast.com\/wordpress\/plugins\/seo\/ -->\n<title>Indemnitzaci\u00f3 per accident de tr\u00e0nsit | Garanley<\/title>\n<meta name=\"description\" content=\"Per calcular la indemnitzaci\u00f3 que et correspon com a conseq\u00fc\u00e8ncia d&#039;un accident de tr\u00e0nsit amb lesions, es tenen en compte una s\u00e8rie de factors de correcci\u00f3 i el barem que anualment publica la Direcci\u00f3 general d&#039;Assegurances i Fons de Pensions.\" \/>\n<meta name=\"robots\" content=\"index, follow, max-snippet:-1, max-image-preview:large, max-video-preview:-1\" \/>\n<link rel=\"canonical\" href=\"https:\/\/garanley.com\/ca\/accidentes-trafico\/indemnizacion-calculo\/\" \/>\n<meta property=\"og:locale\" content=\"ca_ES\" \/>\n<meta property=\"og:type\" content=\"article\" \/>\n<meta property=\"og:title\" content=\"Indemnitzaci\u00f3 per accident de tr\u00e0nsit | Garanley\" \/>\n<meta property=\"og:description\" content=\"Per calcular la indemnitzaci\u00f3 que et correspon com a conseq\u00fc\u00e8ncia d&#039;un accident de tr\u00e0nsit amb lesions, es tenen en compte una s\u00e8rie de factors de correcci\u00f3 i el barem que anualment publica la Direcci\u00f3 general d&#039;Assegurances i Fons de Pensions.\" \/>\n<meta property=\"og:url\" content=\"https:\/\/garanley.com\/accidentes-trafico\/indemnizacion-calculo\/\" \/>\n<meta property=\"og:site_name\" content=\"Garanley Abogados\" \/>\n<meta property=\"article:publisher\" content=\"https:\/\/www.facebook.com\/Garanley\/\" \/>\n<meta property=\"article:published_time\" content=\"2018-02-21T09:49:32+00:00\" \/>\n<meta property=\"article:modified_time\" content=\"2020-03-23T18:51:25+00:00\" \/>\n<meta property=\"og:image\" content=\"https:\/\/garanley.com\/wp-content\/uploads\/calcular-indemnizacion-por-accidente-de-trafico-.jpg\" \/>\n\t<meta property=\"og:image:width\" content=\"600\" \/>\n\t<meta property=\"og:image:height\" content=\"331\" \/>\n\t<meta property=\"og:image:type\" content=\"image\/jpeg\" \/>\n<meta name=\"author\" content=\"garanley\" \/>\n<meta name=\"twitter:card\" content=\"summary_large_image\" \/>\n<meta name=\"twitter:creator\" content=\"@garanley\" \/>\n<meta name=\"twitter:site\" content=\"@garanley\" \/>\n<meta name=\"twitter:label1\" content=\"Escrit per\" \/>\n\t<meta name=\"twitter:data1\" content=\"garanley\" \/>\n\t<meta name=\"twitter:label2\" content=\"Temps estimat de lectura\" \/>\n\t<meta name=\"twitter:data2\" content=\"15 minuts\" \/>\n<script type=\"application\/ld+json\" class=\"yoast-schema-graph\">{\"@context\":\"https:\/\/schema.org\",\"@graph\":[{\"@type\":\"Article\",\"@id\":\"https:\/\/garanley.com\/accidentes-trafico\/indemnizacion-calculo\/#article\",\"isPartOf\":{\"@id\":\"https:\/\/garanley.com\/accidentes-trafico\/indemnizacion-calculo\/\"},\"author\":{\"name\":\"garanley\",\"@id\":\"https:\/\/garanley.com\/#\/schema\/person\/b66cda0c57b73f2d7e79c1950d4f78cf\"},\"headline\":\"Indemnitzaci\u00f3 per accident de tr\u00e0nsit. Com se sol\u00b7licita? A qui? Quant em correspon?\",\"datePublished\":\"2018-02-21T09:49:32+00:00\",\"dateModified\":\"2020-03-23T18:51:25+00:00\",\"mainEntityOfPage\":{\"@id\":\"https:\/\/garanley.com\/accidentes-trafico\/indemnizacion-calculo\/\"},\"wordCount\":3063,\"publisher\":{\"@id\":\"https:\/\/garanley.com\/#organization\"},\"image\":{\"@id\":\"https:\/\/garanley.com\/accidentes-trafico\/indemnizacion-calculo\/#primaryimage\"},\"thumbnailUrl\":\"https:\/\/garanley.com\/wp-content\/uploads\/calcular-indemnizacion-por-accidente-de-trafico-.jpg\",\"articleSection\":[\"Accidents de tr\u00e0nsit\"],\"inLanguage\":\"ca\"},{\"@type\":\"WebPage\",\"@id\":\"https:\/\/garanley.com\/accidentes-trafico\/indemnizacion-calculo\/\",\"url\":\"https:\/\/garanley.com\/accidentes-trafico\/indemnizacion-calculo\/\",\"name\":\"Indemnitzaci\u00f3 per accident de tr\u00e0nsit | Garanley\",\"isPartOf\":{\"@id\":\"https:\/\/garanley.com\/#website\"},\"primaryImageOfPage\":{\"@id\":\"https:\/\/garanley.com\/accidentes-trafico\/indemnizacion-calculo\/#primaryimage\"},\"image\":{\"@id\":\"https:\/\/garanley.com\/accidentes-trafico\/indemnizacion-calculo\/#primaryimage\"},\"thumbnailUrl\":\"https:\/\/garanley.com\/wp-content\/uploads\/calcular-indemnizacion-por-accidente-de-trafico-.jpg\",\"datePublished\":\"2018-02-21T09:49:32+00:00\",\"dateModified\":\"2020-03-23T18:51:25+00:00\",\"description\":\"Per calcular la indemnitzaci\u00f3 que et correspon com a conseq\u00fc\u00e8ncia d'un accident de tr\u00e0nsit amb lesions, es tenen en compte una s\u00e8rie de factors de correcci\u00f3 i el barem que anualment publica la Direcci\u00f3 general d'Assegurances i Fons de Pensions.\",\"breadcrumb\":{\"@id\":\"https:\/\/garanley.com\/accidentes-trafico\/indemnizacion-calculo\/#breadcrumb\"},\"inLanguage\":\"ca\",\"potentialAction\":[{\"@type\":\"ReadAction\",\"target\":[\"https:\/\/garanley.com\/accidentes-trafico\/indemnizacion-calculo\/\"]}]},{\"@type\":\"ImageObject\",\"inLanguage\":\"ca\",\"@id\":\"https:\/\/garanley.com\/accidentes-trafico\/indemnizacion-calculo\/#primaryimage\",\"url\":\"https:\/\/garanley.com\/wp-content\/uploads\/calcular-indemnizacion-por-accidente-de-trafico-.jpg\",\"contentUrl\":\"https:\/\/garanley.com\/wp-content\/uploads\/calcular-indemnizacion-por-accidente-de-trafico-.jpg\",\"width\":600,\"height\":331,\"caption\":\"calcular-indemnizacion-por-accidente-de-trafico\"},{\"@type\":\"BreadcrumbList\",\"@id\":\"https:\/\/garanley.com\/accidentes-trafico\/indemnizacion-calculo\/#breadcrumb\",\"itemListElement\":[{\"@type\":\"ListItem\",\"position\":1,\"name\":\"Inicio\",\"item\":\"https:\/\/garanley.com\/ca\/\"},{\"@type\":\"ListItem\",\"position\":2,\"name\":\"Indemnitzaci\u00f3 per accident de tr\u00e0nsit. Com se sol\u00b7licita? A qui? Quant em correspon?\"}]},{\"@type\":\"WebSite\",\"@id\":\"https:\/\/garanley.com\/#website\",\"url\":\"https:\/\/garanley.com\/\",\"name\":\"Garanley Abogados\",\"description\":\"Despacho de Abogados en Barcelona\",\"publisher\":{\"@id\":\"https:\/\/garanley.com\/#organization\"},\"potentialAction\":[{\"@type\":\"SearchAction\",\"target\":{\"@type\":\"EntryPoint\",\"urlTemplate\":\"https:\/\/garanley.com\/?s={search_term_string}\"},\"query-input\":\"required name=search_term_string\"}],\"inLanguage\":\"ca\"},{\"@type\":\"Organization\",\"@id\":\"https:\/\/garanley.com\/#organization\",\"name\":\"Garanley Abogados\",\"url\":\"https:\/\/garanley.com\/\",\"logo\":{\"@type\":\"ImageObject\",\"inLanguage\":\"ca\",\"@id\":\"https:\/\/garanley.com\/#\/schema\/logo\/image\/\",\"url\":\"https:\/\/garanley.com\/wp-content\/uploads\/Abogados-Barcelona-Garanley.jpg\",\"contentUrl\":\"https:\/\/garanley.com\/wp-content\/uploads\/Abogados-Barcelona-Garanley.jpg\",\"width\":320,\"height\":120,\"caption\":\"Garanley Abogados\"},\"image\":{\"@id\":\"https:\/\/garanley.com\/#\/schema\/logo\/image\/\"},\"sameAs\":[\"https:\/\/www.facebook.com\/Garanley\/\",\"https:\/\/x.com\/garanley\"]},{\"@type\":\"Person\",\"@id\":\"https:\/\/garanley.com\/#\/schema\/person\/b66cda0c57b73f2d7e79c1950d4f78cf\",\"name\":\"garanley\",\"image\":{\"@type\":\"ImageObject\",\"inLanguage\":\"ca\",\"@id\":\"https:\/\/garanley.com\/#\/schema\/person\/image\/\",\"url\":\"https:\/\/secure.gravatar.com\/avatar\/4999d7af2dec9f5881e04093849bdc05a01736945c70fb6bca18eeb1652dbdd4?s=96&d=mm&r=g\",\"contentUrl\":\"https:\/\/secure.gravatar.com\/avatar\/4999d7af2dec9f5881e04093849bdc05a01736945c70fb6bca18eeb1652dbdd4?s=96&d=mm&r=g\",\"caption\":\"garanley\"}}]}<\/script>\n<!-- \/ Yoast SEO plugin. -->","yoast_head_json":{"title":"Indemnitzaci\u00f3 per accident de tr\u00e0nsit | Garanley","description":"Per calcular la indemnitzaci\u00f3 que et correspon com a conseq\u00fc\u00e8ncia d'un accident de tr\u00e0nsit amb lesions, es tenen en compte una s\u00e8rie de factors de correcci\u00f3 i el barem que anualment publica la Direcci\u00f3 general d'Assegurances i Fons de Pensions.","robots":{"index":"index","follow":"follow","max-snippet":"max-snippet:-1","max-image-preview":"max-image-preview:large","max-video-preview":"max-video-preview:-1"},"canonical":"https:\/\/garanley.com\/ca\/accidentes-trafico\/indemnizacion-calculo\/","og_locale":"ca_ES","og_type":"article","og_title":"Indemnitzaci\u00f3 per accident de tr\u00e0nsit | Garanley","og_description":"Per calcular la indemnitzaci\u00f3 que et correspon com a conseq\u00fc\u00e8ncia d'un accident de tr\u00e0nsit amb lesions, es tenen en compte una s\u00e8rie de factors de correcci\u00f3 i el barem que anualment publica la Direcci\u00f3 general d'Assegurances i Fons de Pensions.","og_url":"https:\/\/garanley.com\/accidentes-trafico\/indemnizacion-calculo\/","og_site_name":"Garanley Abogados","article_publisher":"https:\/\/www.facebook.com\/Garanley\/","article_published_time":"2018-02-21T09:49:32+00:00","article_modified_time":"2020-03-23T18:51:25+00:00","og_image":[{"width":600,"height":331,"url":"https:\/\/garanley.com\/wp-content\/uploads\/calcular-indemnizacion-por-accidente-de-trafico-.jpg","type":"image\/jpeg"}],"author":"garanley","twitter_card":"summary_large_image","twitter_creator":"@garanley","twitter_site":"@garanley","twitter_misc":{"Escrit per":"garanley","Temps estimat de lectura":"15 minuts"},"schema":{"@context":"https:\/\/schema.org","@graph":[{"@type":"Article","@id":"https:\/\/garanley.com\/accidentes-trafico\/indemnizacion-calculo\/#article","isPartOf":{"@id":"https:\/\/garanley.com\/accidentes-trafico\/indemnizacion-calculo\/"},"author":{"name":"garanley","@id":"https:\/\/garanley.com\/#\/schema\/person\/b66cda0c57b73f2d7e79c1950d4f78cf"},"headline":"Indemnitzaci\u00f3 per accident de tr\u00e0nsit. Com se sol\u00b7licita? A qui? Quant em correspon?","datePublished":"2018-02-21T09:49:32+00:00","dateModified":"2020-03-23T18:51:25+00:00","mainEntityOfPage":{"@id":"https:\/\/garanley.com\/accidentes-trafico\/indemnizacion-calculo\/"},"wordCount":3063,"publisher":{"@id":"https:\/\/garanley.com\/#organization"},"image":{"@id":"https:\/\/garanley.com\/accidentes-trafico\/indemnizacion-calculo\/#primaryimage"},"thumbnailUrl":"https:\/\/garanley.com\/wp-content\/uploads\/calcular-indemnizacion-por-accidente-de-trafico-.jpg","articleSection":["Accidents de tr\u00e0nsit"],"inLanguage":"ca"},{"@type":"WebPage","@id":"https:\/\/garanley.com\/accidentes-trafico\/indemnizacion-calculo\/","url":"https:\/\/garanley.com\/accidentes-trafico\/indemnizacion-calculo\/","name":"Indemnitzaci\u00f3 per accident de tr\u00e0nsit | Garanley","isPartOf":{"@id":"https:\/\/garanley.com\/#website"},"primaryImageOfPage":{"@id":"https:\/\/garanley.com\/accidentes-trafico\/indemnizacion-calculo\/#primaryimage"},"image":{"@id":"https:\/\/garanley.com\/accidentes-trafico\/indemnizacion-calculo\/#primaryimage"},"thumbnailUrl":"https:\/\/garanley.com\/wp-content\/uploads\/calcular-indemnizacion-por-accidente-de-trafico-.jpg","datePublished":"2018-02-21T09:49:32+00:00","dateModified":"2020-03-23T18:51:25+00:00","description":"Per calcular la indemnitzaci\u00f3 que et correspon com a conseq\u00fc\u00e8ncia d'un accident de tr\u00e0nsit amb lesions, es tenen en compte una s\u00e8rie de factors de correcci\u00f3 i el barem que anualment publica la Direcci\u00f3 general d'Assegurances i Fons de Pensions.","breadcrumb":{"@id":"https:\/\/garanley.com\/accidentes-trafico\/indemnizacion-calculo\/#breadcrumb"},"inLanguage":"ca","potentialAction":[{"@type":"ReadAction","target":["https:\/\/garanley.com\/accidentes-trafico\/indemnizacion-calculo\/"]}]},{"@type":"ImageObject","inLanguage":"ca","@id":"https:\/\/garanley.com\/accidentes-trafico\/indemnizacion-calculo\/#primaryimage","url":"https:\/\/garanley.com\/wp-content\/uploads\/calcular-indemnizacion-por-accidente-de-trafico-.jpg","contentUrl":"https:\/\/garanley.com\/wp-content\/uploads\/calcular-indemnizacion-por-accidente-de-trafico-.jpg","width":600,"height":331,"caption":"calcular-indemnizacion-por-accidente-de-trafico"},{"@type":"BreadcrumbList","@id":"https:\/\/garanley.com\/accidentes-trafico\/indemnizacion-calculo\/#breadcrumb","itemListElement":[{"@type":"ListItem","position":1,"name":"Inicio","item":"https:\/\/garanley.com\/ca\/"},{"@type":"ListItem","position":2,"name":"Indemnitzaci\u00f3 per accident de tr\u00e0nsit. Com se sol\u00b7licita? A qui? Quant em correspon?"}]},{"@type":"WebSite","@id":"https:\/\/garanley.com\/#website","url":"https:\/\/garanley.com\/","name":"Garanley Abogados","description":"Despacho de Abogados en Barcelona","publisher":{"@id":"https:\/\/garanley.com\/#organization"},"potentialAction":[{"@type":"SearchAction","target":{"@type":"EntryPoint","urlTemplate":"https:\/\/garanley.com\/?s={search_term_string}"},"query-input":"required name=search_term_string"}],"inLanguage":"ca"},{"@type":"Organization","@id":"https:\/\/garanley.com\/#organization","name":"Garanley Abogados","url":"https:\/\/garanley.com\/","logo":{"@type":"ImageObject","inLanguage":"ca","@id":"https:\/\/garanley.com\/#\/schema\/logo\/image\/","url":"https:\/\/garanley.com\/wp-content\/uploads\/Abogados-Barcelona-Garanley.jpg","contentUrl":"https:\/\/garanley.com\/wp-content\/uploads\/Abogados-Barcelona-Garanley.jpg","width":320,"height":120,"caption":"Garanley Abogados"},"image":{"@id":"https:\/\/garanley.com\/#\/schema\/logo\/image\/"},"sameAs":["https:\/\/www.facebook.com\/Garanley\/","https:\/\/x.com\/garanley"]},{"@type":"Person","@id":"https:\/\/garanley.com\/#\/schema\/person\/b66cda0c57b73f2d7e79c1950d4f78cf","name":"garanley","image":{"@type":"ImageObject","inLanguage":"ca","@id":"https:\/\/garanley.com\/#\/schema\/person\/image\/","url":"https:\/\/secure.gravatar.com\/avatar\/4999d7af2dec9f5881e04093849bdc05a01736945c70fb6bca18eeb1652dbdd4?s=96&d=mm&r=g","contentUrl":"https:\/\/secure.gravatar.com\/avatar\/4999d7af2dec9f5881e04093849bdc05a01736945c70fb6bca18eeb1652dbdd4?s=96&d=mm&r=g","caption":"garanley"}}]}},"_links":{"self":[{"href":"https:\/\/garanley.com\/ca\/wp-json\/wp\/v2\/posts\/2222\/"}],"collection":[{"href":"https:\/\/garanley.com\/ca\/wp-json\/wp\/v2\/posts\/"}],"about":[{"href":"https:\/\/garanley.com\/ca\/wp-json\/wp\/v2\/types\/post\/"}],"author":[{"embeddable":true,"href":"https:\/\/garanley.com\/ca\/wp-json\/wp\/v2\/users\/1\/"}],"replies":[{"embeddable":true,"href":"https:\/\/garanley.com\/ca\/wp-json\/wp\/v2\/comments\/?post=2222"}],"version-history":[{"count":1,"href":"https:\/\/garanley.com\/ca\/wp-json\/wp\/v2\/posts\/2222\/revisions\/"}],"predecessor-version":[{"id":5185,"href":"https:\/\/garanley.com\/ca\/wp-json\/wp\/v2\/posts\/2222\/revisions\/5185\/"}],"wp:featuredmedia":[{"embeddable":true,"href":"https:\/\/garanley.com\/ca\/wp-json\/wp\/v2\/media\/4961\/"}],"wp:attachment":[{"href":"https:\/\/garanley.com\/ca\/wp-json\/wp\/v2\/media\/?parent=2222"}],"wp:term":[{"taxonomy":"category","embeddable":true,"href":"https:\/\/garanley.com\/ca\/wp-json\/wp\/v2\/categories\/?post=2222"},{"taxonomy":"post_tag","embeddable":true,"href":"https:\/\/garanley.com\/ca\/wp-json\/wp\/v2\/tags\/?post=2222"}],"curies":[{"name":"wp","href":"https:\/\/api.w.org\/{rel}","templated":true}]}}