{"id":2216,"date":"2019-02-22T10:45:00","date_gmt":"2019-02-22T09:45:00","guid":{"rendered":"http:\/\/garanley.com\/?p=2216"},"modified":"2020-03-23T19:51:23","modified_gmt":"2020-03-23T18:51:23","slug":"responsabilitat-indemnitzacio-accident-cadena","status":"publish","type":"post","link":"https:\/\/garanley.com\/ca\/accidents-transit\/responsabilitat-indemnitzacio-accident-cadena\/","title":{"rendered":"Responsabilitat i indemnitzaci\u00f3 per accident de tr\u00e0nsit en cadena"},"content":{"rendered":"<div style=\"display: none;\"\n    class=\"kk-star-ratings kksr-valign-top kksr-align-right kksr-disabled\"\n    data-id=\"2216\"\n    data-slug=\"\">\n    <div class=\"kksr-stars\">\n    <div class=\"kksr-stars-inactive\">\n            <div class=\"kksr-star\" data-star=\"1\">\n            <div class=\"kksr-icon\" style=\"width: px; height: px;\"><\/div>\n        <\/div>\n            <div class=\"kksr-star\" data-star=\"2\">\n            <div class=\"kksr-icon\" style=\"width: px; height: px;\"><\/div>\n        <\/div>\n            <div class=\"kksr-star\" data-star=\"3\">\n            <div class=\"kksr-icon\" style=\"width: px; height: px;\"><\/div>\n        <\/div>\n            <div class=\"kksr-star\" data-star=\"4\">\n            <div class=\"kksr-icon\" style=\"width: px; height: px;\"><\/div>\n        <\/div>\n            <div class=\"kksr-star\" data-star=\"5\">\n            <div class=\"kksr-icon\" style=\"width: px; height: px;\"><\/div>\n        <\/div>\n    <\/div>\n    <div class=\"kksr-stars-active\" style=\"width: 0px;\">\n            <div class=\"kksr-star\">\n            <div class=\"kksr-icon\" style=\"width: px; height: px;\"><\/div>\n        <\/div>\n            <div class=\"kksr-star\">\n            <div class=\"kksr-icon\" style=\"width: px; height: px;\"><\/div>\n        <\/div>\n            <div class=\"kksr-star\">\n            <div class=\"kksr-icon\" style=\"width: px; height: px;\"><\/div>\n        <\/div>\n            <div class=\"kksr-star\">\n            <div class=\"kksr-icon\" style=\"width: px; height: px;\"><\/div>\n        <\/div>\n            <div class=\"kksr-star\">\n            <div class=\"kksr-icon\" style=\"width: px; height: px;\"><\/div>\n        <\/div>\n    <\/div>\n<\/div>\n    <div class=\"kksr-legend\">\n            <span class=\"kksr-muted\"><\/span>\n    <\/div>\n<\/div>\n<p><strong>Existeixen diversos tipus d&#8217;accidents en cadena i, despr\u00e9s de tots i cadascun d&#8217;ells, \u00e9s possible reclamar una indemnitzaci\u00f3 per lesions o danys materials, sempre que el reclamant no sigui l&#8217;\u00fanic i exclusiu responsable del sinistre.<\/strong><\/p>\n<hr \/>\n<p><strong>Un accident en cadena \u00e9s aquell en el qual es veuen implicats dues o m\u00e9s vehicles, provocant danys tant materials com a personals.<\/strong> Si t&#8217;has vist embolicat\/a en una situaci\u00f3 d&#8217;aquestes caracter\u00edstiques i resultes ser el\/la responsable exclusiu\/a de el contratemps no podr\u00e0s reclamar una indemnitzaci\u00f3 per danys. Si no \u00e9s aix\u00ed, estar\u00e0s en el teu dret de sol\u00b7licitar l&#8217;oport\u00fa rescabalament per lesions f\u00edsiques o perjudicis de tipus material.<\/p>\n<div id=\"ez-toc-container\" class=\"ez-toc-v2_0_17 counter-hierarchy counter-numeric ez-toc-transparent\">\n<div class=\"ez-toc-title-container\">\n<p class=\"ez-toc-title\">Resumen del art&iacute;culo<\/p>\n<span class=\"ez-toc-title-toggle\"><a class=\"ez-toc-pull-right ez-toc-btn ez-toc-btn-xs ez-toc-btn-default ez-toc-toggle\" style=\"display: none;\"><i class=\"ez-toc-glyphicon ez-toc-icon-toggle\"><\/i><\/a><\/span><\/div>\n<nav><ul class=\"ez-toc-list ez-toc-list-level-1\"><li class=\"ez-toc-page-1 ez-toc-heading-level-2\"><a class=\"ez-toc-link ez-toc-heading-1\" href=\"https:\/\/garanley.com\/ca\/accidents-transit\/responsabilitat-indemnitzacio-accident-cadena\/#com-reaccionar-davant-un-accident-en-cadena-o-collisio-multiple\" title=\"Com reaccionar davant un accident en cadena o col\u00b7lisi\u00f3 m\u00faltiple?\">Com reaccionar davant un accident en cadena o col\u00b7lisi\u00f3 m\u00faltiple?<\/a><ul class=\"ez-toc-list-level-3\"><li class=\"ez-toc-heading-level-3\"><a class=\"ez-toc-link ez-toc-heading-2\" href=\"https:\/\/garanley.com\/ca\/accidents-transit\/responsabilitat-indemnitzacio-accident-cadena\/#casuistica\" title=\"Casu\u00edstica\">Casu\u00edstica<\/a><ul class=\"ez-toc-list-level-4\"><li class=\"ez-toc-heading-level-4\"><a class=\"ez-toc-link ez-toc-heading-3\" href=\"https:\/\/garanley.com\/ca\/accidents-transit\/responsabilitat-indemnitzacio-accident-cadena\/#accidents-per-llancament\" title=\"Accidents per llan\u00e7ament\">Accidents per llan\u00e7ament<\/a><\/li><li class=\"ez-toc-page-1 ez-toc-heading-level-4\"><a class=\"ez-toc-link ez-toc-heading-4\" href=\"https:\/\/garanley.com\/ca\/accidents-transit\/responsabilitat-indemnitzacio-accident-cadena\/#accidents-per-abast\" title=\"Accidents per abast\">Accidents per abast<\/a><\/li><\/ul><\/li><li class=\"ez-toc-page-1 ez-toc-heading-level-3\"><a class=\"ez-toc-link ez-toc-heading-5\" href=\"https:\/\/garanley.com\/ca\/accidents-transit\/responsabilitat-indemnitzacio-accident-cadena\/#indemnitzacions\" title=\"Indemnitzacions\">Indemnitzacions<\/a><\/li><\/ul><\/li><\/ul><\/nav><\/div>\n<h2><span class=\"ez-toc-section\" id=\"com-reaccionar-davant-un-accident-en-cadena-o-collisio-multiple\"><\/span>Com reaccionar davant un accident en cadena o col\u00b7lisi\u00f3 m\u00faltiple?<span class=\"ez-toc-section-end\"><\/span><\/h2>\n<p>Si alguna vegada sofreixes un contratemps d&#8217;aquestes caracter\u00edstiques recorda sempre mantenir la calma i tractar de dominar els nervis. Un dels primers passos ha de consistir a cridar al tel\u00e8fon d&#8217;emerg\u00e8ncies 112, el servei centralitzat que s&#8217;encarrega de coordinar tots els recursos d&#8217;urg\u00e8ncies de la comunitat aut\u00f2noma en la qual s&#8217;hagi produ\u00eft l&#8217;accident de circulaci\u00f3. No obstant aix\u00f2, el recomanable \u00e9s seguir el <strong>protocol PAS (protegir, avisar, soc\u00f3rrer).<\/strong><\/p>\n<p>Els\u00a0teleoperadores\u00a0del 112 seran els encarregats de comunicar l&#8217;incident a l&#8217;autoritat competent (Gu\u00e0rdia Civil, Mossos&#8230;), que es personar\u00e0 en el lloc i efectuar\u00e0 l&#8217;oport\u00fa atestat. Aquest document, igual que els parts m\u00e8dics, resultar\u00e0 decisiu a l&#8217;hora de depurar responsabilitats i concedir indemnitzacions. Baixa del cotxe amb summa cura (sempre que puguis i no estiguis ferit), posa&#8217;t l&#8217;armilla reflectora, col\u00b7loca els triangles senyalitzadors, enc\u00e9n les llums d&#8217;emerg\u00e8ncia i les d&#8217;encreuament si \u00e9s de nit. Socorre als ferits en la mesura que puguis. Recorda que en accidents de circulaci\u00f3 els primers auxilis poden resultar determinants. Procura no caminar per la carretera per evitar que t&#8217;atropellin altres vehicles.<\/p>\n<p>Els primers moments despr\u00e9s de l&#8217;accident poden resultar ca\u00f2tics, per\u00f2 una vegada recuperada certa calma resulta crucial que els conductors implicats donin les seves versions dels fets a l&#8217;autoritat. Aquestes seran determinants per establir les oportunes responsabilitats.<\/p>\n<h3><span class=\"ez-toc-section\" id=\"casuistica\"><\/span>Casu\u00edstica<span class=\"ez-toc-section-end\"><\/span><\/h3>\n<p>Existeixen diferents tipus d&#8217;accidents per abast, dels quals tamb\u00e9 poden derivar-se diferents responsabilitats.<\/p>\n<h4><span class=\"ez-toc-section\" id=\"accidents-per-llancament\"><\/span>Accidents per llan\u00e7ament<span class=\"ez-toc-section-end\"><\/span><\/h4>\n<p>Es produeixen quan un vehicle (A) copeja a un altre (B) per darrere i aquest segon envesteix al que li precedeix (C) (aquesta concatenaci\u00f3 d&#8217;impactes pot allargar-se el que calgui). En aquest cas i aplicant la l\u00f2gica, es considera responsable del sinistre a l&#8217;autom\u00f2bil que copeja primer. No obstant aix\u00f2, les asseguradores dels cotxes culpables solen argumentar que el conductor d&#8217;enmig (B) no va guardar la dist\u00e0ncia de seguretat o que havia copejat pr\u00e8viament al tercer (C).<\/p>\n<h4><span class=\"ez-toc-section\" id=\"accidents-per-abast\"><\/span>Accidents per abast<span class=\"ez-toc-section-end\"><\/span><\/h4>\n<p>En aquests casos, un primer vehicle (A) es det\u00e9 sobtadament per circumst\u00e0ncies de la circulaci\u00f3, el que li segueix (B) impacta amb el primer i un tercer (C) aconsegueix per darrere al segon (B). Com a regla general, no es considera culpable al vehicle A, sin\u00f3 a B i C per sengles i successius cops. S&#8217;estima, per tant, que existeixen dos accidents diferents. El segur de B hauria de cobrir els desperfectes d&#8217;i la p\u00f2lissa de C els danys materials de B. La cosa pot complicar-se si l&#8217;impacte de C sobre B provoca un nou cop de B sobri A. En tals circumst\u00e0ncies, \u00e9s possible que les asseguradores de B i C hagin de repartir-se el pagament a A.<\/p>\n<h3><span class=\"ez-toc-section\" id=\"indemnitzacions\"><\/span>Indemnitzacions<span class=\"ez-toc-section-end\"><\/span><\/h3>\n<p>Com en la resta d&#8217;accidents, en un sinistre en cadena es\u00a0resarcen\u00a0tant els danys materials (perjudicis patrimonials i econ\u00f2mics) com els personals (lesions f\u00edsiques o psicol\u00f2giques).<\/p>\n<p>Per reclamar una indemnitzaci\u00f3 per lesions, una vegada determinat el culpable, es procedeix de la mateixa manera que en els accidents amb dos implicats. Les companyies solen pactar concurr\u00e8ncia de culpes, la qual cosa implica reduccions en el percentatge del barem de les indemnitzacions.<\/p>\n<p>Les coses canvien quan es tracta del rescabalament per danys materials, doncs les asseguradores solen no aplicar en aquests casos el conveni\u00a0CIDE-ASCIDE, circumst\u00e0ncia que implica retards en els peritatges i en els abonaments.<\/p>\n<p>En alguns casos, les companyies asseguradores s\u00f3n incapaces de posar-se d&#8217;acord i ha de ser el jutge el que dictamini entorn de les responsabilitats dels implicats.<\/p>\n","protected":false},"excerpt":{"rendered":"<p>Existeixen diversos tipus d&#8217;accidents en cadena i, despr\u00e9s de tots i cadascun d&#8217;ells, \u00e9s possible reclamar una indemnitzaci\u00f3 per lesions o danys materials, sempre que el reclamant no sigui l&#8217;\u00fanic i exclusiu responsable del sinistre. Un accident en cadena \u00e9s aquell en el qual es veuen implicats dues o m\u00e9s vehicles, provocant danys tant materials &hellip;<\/p>\n<p class=\"read-more\"> <a class=\"\" href=\"https:\/\/garanley.com\/ca\/accidents-transit\/responsabilitat-indemnitzacio-accident-cadena\/\"> <span class=\"screen-reader-text\">Responsabilitat i indemnitzaci\u00f3 per accident de tr\u00e0nsit en cadena<\/span> Read More \u00bb<\/a><\/p>\n","protected":false},"author":1,"featured_media":0,"comment_status":"closed","ping_status":"open","sticky":false,"template":"","format":"standard","meta":{"_monsterinsights_skip_tracking":false,"_monsterinsights_sitenote_active":false,"_monsterinsights_sitenote_note":"","_monsterinsights_sitenote_category":0,"footnotes":""},"categories":[16],"tags":[],"class_list":["post-2216","post","type-post","status-publish","format-standard","hentry","category-accidents-transit"],"yoast_head":"<!-- This site is optimized with the Yoast SEO plugin v23.2 - https:\/\/yoast.com\/wordpress\/plugins\/seo\/ -->\n<title>Responsabilitat i indemnitzaci\u00f3 per accident de tr\u00e0nsit en cadena<\/title>\n<meta name=\"description\" content=\"Un accident en cadena \u00e9s aquell en el qual es veuen implicats dues o m\u00e9s vehicles, provocant danys tant materials com a personals.\" \/>\n<meta name=\"robots\" content=\"index, follow, max-snippet:-1, max-image-preview:large, max-video-preview:-1\" \/>\n<link rel=\"canonical\" href=\"https:\/\/garanley.com\/ca\/accidentes-trafico\/indemnizacion-accidente-colision-multiple\/\" \/>\n<meta property=\"og:locale\" content=\"ca_ES\" \/>\n<meta property=\"og:type\" content=\"article\" \/>\n<meta property=\"og:title\" content=\"Responsabilitat i indemnitzaci\u00f3 per accident de tr\u00e0nsit en cadena\" \/>\n<meta property=\"og:description\" content=\"Un accident en cadena \u00e9s aquell en el qual es veuen implicats dues o m\u00e9s vehicles, provocant danys tant materials com a personals.\" \/>\n<meta property=\"og:url\" content=\"https:\/\/garanley.com\/accidentes-trafico\/indemnizacion-accidente-colision-multiple\/\" \/>\n<meta property=\"og:site_name\" content=\"Garanley Abogados\" \/>\n<meta property=\"article:publisher\" content=\"https:\/\/www.facebook.com\/Garanley\/\" \/>\n<meta property=\"article:published_time\" content=\"2019-02-22T09:45:00+00:00\" \/>\n<meta property=\"article:modified_time\" content=\"2020-03-23T18:51:23+00:00\" \/>\n<meta property=\"og:image\" content=\"https:\/\/garanley.com\/wp-content\/uploads\/1438655.png\" \/>\n\t<meta property=\"og:image:width\" content=\"290\" \/>\n\t<meta property=\"og:image:height\" content=\"190\" \/>\n\t<meta property=\"og:image:type\" content=\"image\/png\" \/>\n<meta name=\"author\" content=\"garanley\" \/>\n<meta name=\"twitter:card\" content=\"summary_large_image\" \/>\n<meta name=\"twitter:creator\" content=\"@garanley\" \/>\n<meta name=\"twitter:site\" content=\"@garanley\" \/>\n<meta name=\"twitter:label1\" content=\"Escrit per\" \/>\n\t<meta name=\"twitter:data1\" content=\"garanley\" \/>\n\t<meta name=\"twitter:label2\" content=\"Temps estimat de lectura\" \/>\n\t<meta name=\"twitter:data2\" content=\"4 minuts\" \/>\n<script type=\"application\/ld+json\" class=\"yoast-schema-graph\">{\"@context\":\"https:\/\/schema.org\",\"@graph\":[{\"@type\":\"Article\",\"@id\":\"https:\/\/garanley.com\/accidentes-trafico\/indemnizacion-accidente-colision-multiple\/#article\",\"isPartOf\":{\"@id\":\"https:\/\/garanley.com\/accidentes-trafico\/indemnizacion-accidente-colision-multiple\/\"},\"author\":{\"name\":\"garanley\",\"@id\":\"https:\/\/garanley.com\/#\/schema\/person\/b66cda0c57b73f2d7e79c1950d4f78cf\"},\"headline\":\"Responsabilitat i indemnitzaci\u00f3 per accident de tr\u00e0nsit en cadena\",\"datePublished\":\"2019-02-22T09:45:00+00:00\",\"dateModified\":\"2020-03-23T18:51:23+00:00\",\"mainEntityOfPage\":{\"@id\":\"https:\/\/garanley.com\/accidentes-trafico\/indemnizacion-accidente-colision-multiple\/\"},\"wordCount\":723,\"publisher\":{\"@id\":\"https:\/\/garanley.com\/#organization\"},\"articleSection\":[\"Accidents de tr\u00e0nsit\"],\"inLanguage\":\"ca\"},{\"@type\":\"WebPage\",\"@id\":\"https:\/\/garanley.com\/accidentes-trafico\/indemnizacion-accidente-colision-multiple\/\",\"url\":\"https:\/\/garanley.com\/accidentes-trafico\/indemnizacion-accidente-colision-multiple\/\",\"name\":\"Responsabilitat i indemnitzaci\u00f3 per accident de tr\u00e0nsit en cadena\",\"isPartOf\":{\"@id\":\"https:\/\/garanley.com\/#website\"},\"datePublished\":\"2019-02-22T09:45:00+00:00\",\"dateModified\":\"2020-03-23T18:51:23+00:00\",\"description\":\"Un accident en cadena \u00e9s aquell en el qual es veuen implicats dues o m\u00e9s vehicles, provocant danys tant materials com a personals.\",\"breadcrumb\":{\"@id\":\"https:\/\/garanley.com\/accidentes-trafico\/indemnizacion-accidente-colision-multiple\/#breadcrumb\"},\"inLanguage\":\"ca\",\"potentialAction\":[{\"@type\":\"ReadAction\",\"target\":[\"https:\/\/garanley.com\/accidentes-trafico\/indemnizacion-accidente-colision-multiple\/\"]}]},{\"@type\":\"BreadcrumbList\",\"@id\":\"https:\/\/garanley.com\/accidentes-trafico\/indemnizacion-accidente-colision-multiple\/#breadcrumb\",\"itemListElement\":[{\"@type\":\"ListItem\",\"position\":1,\"name\":\"Inicio\",\"item\":\"https:\/\/garanley.com\/ca\/\"},{\"@type\":\"ListItem\",\"position\":2,\"name\":\"Responsabilitat i indemnitzaci\u00f3 per accident de tr\u00e0nsit en cadena\"}]},{\"@type\":\"WebSite\",\"@id\":\"https:\/\/garanley.com\/#website\",\"url\":\"https:\/\/garanley.com\/\",\"name\":\"Garanley Abogados\",\"description\":\"Despacho de Abogados en Barcelona\",\"publisher\":{\"@id\":\"https:\/\/garanley.com\/#organization\"},\"potentialAction\":[{\"@type\":\"SearchAction\",\"target\":{\"@type\":\"EntryPoint\",\"urlTemplate\":\"https:\/\/garanley.com\/?s={search_term_string}\"},\"query-input\":\"required name=search_term_string\"}],\"inLanguage\":\"ca\"},{\"@type\":\"Organization\",\"@id\":\"https:\/\/garanley.com\/#organization\",\"name\":\"Garanley Abogados\",\"url\":\"https:\/\/garanley.com\/\",\"logo\":{\"@type\":\"ImageObject\",\"inLanguage\":\"ca\",\"@id\":\"https:\/\/garanley.com\/#\/schema\/logo\/image\/\",\"url\":\"https:\/\/garanley.com\/wp-content\/uploads\/Abogados-Barcelona-Garanley.jpg\",\"contentUrl\":\"https:\/\/garanley.com\/wp-content\/uploads\/Abogados-Barcelona-Garanley.jpg\",\"width\":320,\"height\":120,\"caption\":\"Garanley Abogados\"},\"image\":{\"@id\":\"https:\/\/garanley.com\/#\/schema\/logo\/image\/\"},\"sameAs\":[\"https:\/\/www.facebook.com\/Garanley\/\",\"https:\/\/x.com\/garanley\"]},{\"@type\":\"Person\",\"@id\":\"https:\/\/garanley.com\/#\/schema\/person\/b66cda0c57b73f2d7e79c1950d4f78cf\",\"name\":\"garanley\",\"image\":{\"@type\":\"ImageObject\",\"inLanguage\":\"ca\",\"@id\":\"https:\/\/garanley.com\/#\/schema\/person\/image\/\",\"url\":\"https:\/\/secure.gravatar.com\/avatar\/4999d7af2dec9f5881e04093849bdc05a01736945c70fb6bca18eeb1652dbdd4?s=96&d=mm&r=g\",\"contentUrl\":\"https:\/\/secure.gravatar.com\/avatar\/4999d7af2dec9f5881e04093849bdc05a01736945c70fb6bca18eeb1652dbdd4?s=96&d=mm&r=g\",\"caption\":\"garanley\"}}]}<\/script>\n<!-- \/ Yoast SEO plugin. -->","yoast_head_json":{"title":"Responsabilitat i indemnitzaci\u00f3 per accident de tr\u00e0nsit en cadena","description":"Un accident en cadena \u00e9s aquell en el qual es veuen implicats dues o m\u00e9s vehicles, provocant danys tant materials com a personals.","robots":{"index":"index","follow":"follow","max-snippet":"max-snippet:-1","max-image-preview":"max-image-preview:large","max-video-preview":"max-video-preview:-1"},"canonical":"https:\/\/garanley.com\/ca\/accidentes-trafico\/indemnizacion-accidente-colision-multiple\/","og_locale":"ca_ES","og_type":"article","og_title":"Responsabilitat i indemnitzaci\u00f3 per accident de tr\u00e0nsit en cadena","og_description":"Un accident en cadena \u00e9s aquell en el qual es veuen implicats dues o m\u00e9s vehicles, provocant danys tant materials com a personals.","og_url":"https:\/\/garanley.com\/accidentes-trafico\/indemnizacion-accidente-colision-multiple\/","og_site_name":"Garanley Abogados","article_publisher":"https:\/\/www.facebook.com\/Garanley\/","article_published_time":"2019-02-22T09:45:00+00:00","article_modified_time":"2020-03-23T18:51:23+00:00","og_image":[{"width":290,"height":190,"url":"https:\/\/garanley.com\/wp-content\/uploads\/1438655.png","type":"image\/png"}],"author":"garanley","twitter_card":"summary_large_image","twitter_creator":"@garanley","twitter_site":"@garanley","twitter_misc":{"Escrit per":"garanley","Temps estimat de lectura":"4 minuts"},"schema":{"@context":"https:\/\/schema.org","@graph":[{"@type":"Article","@id":"https:\/\/garanley.com\/accidentes-trafico\/indemnizacion-accidente-colision-multiple\/#article","isPartOf":{"@id":"https:\/\/garanley.com\/accidentes-trafico\/indemnizacion-accidente-colision-multiple\/"},"author":{"name":"garanley","@id":"https:\/\/garanley.com\/#\/schema\/person\/b66cda0c57b73f2d7e79c1950d4f78cf"},"headline":"Responsabilitat i indemnitzaci\u00f3 per accident de tr\u00e0nsit en cadena","datePublished":"2019-02-22T09:45:00+00:00","dateModified":"2020-03-23T18:51:23+00:00","mainEntityOfPage":{"@id":"https:\/\/garanley.com\/accidentes-trafico\/indemnizacion-accidente-colision-multiple\/"},"wordCount":723,"publisher":{"@id":"https:\/\/garanley.com\/#organization"},"articleSection":["Accidents de tr\u00e0nsit"],"inLanguage":"ca"},{"@type":"WebPage","@id":"https:\/\/garanley.com\/accidentes-trafico\/indemnizacion-accidente-colision-multiple\/","url":"https:\/\/garanley.com\/accidentes-trafico\/indemnizacion-accidente-colision-multiple\/","name":"Responsabilitat i indemnitzaci\u00f3 per accident de tr\u00e0nsit en cadena","isPartOf":{"@id":"https:\/\/garanley.com\/#website"},"datePublished":"2019-02-22T09:45:00+00:00","dateModified":"2020-03-23T18:51:23+00:00","description":"Un accident en cadena \u00e9s aquell en el qual es veuen implicats dues o m\u00e9s vehicles, provocant danys tant materials com a personals.","breadcrumb":{"@id":"https:\/\/garanley.com\/accidentes-trafico\/indemnizacion-accidente-colision-multiple\/#breadcrumb"},"inLanguage":"ca","potentialAction":[{"@type":"ReadAction","target":["https:\/\/garanley.com\/accidentes-trafico\/indemnizacion-accidente-colision-multiple\/"]}]},{"@type":"BreadcrumbList","@id":"https:\/\/garanley.com\/accidentes-trafico\/indemnizacion-accidente-colision-multiple\/#breadcrumb","itemListElement":[{"@type":"ListItem","position":1,"name":"Inicio","item":"https:\/\/garanley.com\/ca\/"},{"@type":"ListItem","position":2,"name":"Responsabilitat i indemnitzaci\u00f3 per accident de tr\u00e0nsit en cadena"}]},{"@type":"WebSite","@id":"https:\/\/garanley.com\/#website","url":"https:\/\/garanley.com\/","name":"Garanley Abogados","description":"Despacho de Abogados en Barcelona","publisher":{"@id":"https:\/\/garanley.com\/#organization"},"potentialAction":[{"@type":"SearchAction","target":{"@type":"EntryPoint","urlTemplate":"https:\/\/garanley.com\/?s={search_term_string}"},"query-input":"required name=search_term_string"}],"inLanguage":"ca"},{"@type":"Organization","@id":"https:\/\/garanley.com\/#organization","name":"Garanley Abogados","url":"https:\/\/garanley.com\/","logo":{"@type":"ImageObject","inLanguage":"ca","@id":"https:\/\/garanley.com\/#\/schema\/logo\/image\/","url":"https:\/\/garanley.com\/wp-content\/uploads\/Abogados-Barcelona-Garanley.jpg","contentUrl":"https:\/\/garanley.com\/wp-content\/uploads\/Abogados-Barcelona-Garanley.jpg","width":320,"height":120,"caption":"Garanley Abogados"},"image":{"@id":"https:\/\/garanley.com\/#\/schema\/logo\/image\/"},"sameAs":["https:\/\/www.facebook.com\/Garanley\/","https:\/\/x.com\/garanley"]},{"@type":"Person","@id":"https:\/\/garanley.com\/#\/schema\/person\/b66cda0c57b73f2d7e79c1950d4f78cf","name":"garanley","image":{"@type":"ImageObject","inLanguage":"ca","@id":"https:\/\/garanley.com\/#\/schema\/person\/image\/","url":"https:\/\/secure.gravatar.com\/avatar\/4999d7af2dec9f5881e04093849bdc05a01736945c70fb6bca18eeb1652dbdd4?s=96&d=mm&r=g","contentUrl":"https:\/\/secure.gravatar.com\/avatar\/4999d7af2dec9f5881e04093849bdc05a01736945c70fb6bca18eeb1652dbdd4?s=96&d=mm&r=g","caption":"garanley"}}]}},"_links":{"self":[{"href":"https:\/\/garanley.com\/ca\/wp-json\/wp\/v2\/posts\/2216\/"}],"collection":[{"href":"https:\/\/garanley.com\/ca\/wp-json\/wp\/v2\/posts\/"}],"about":[{"href":"https:\/\/garanley.com\/ca\/wp-json\/wp\/v2\/types\/post\/"}],"author":[{"embeddable":true,"href":"https:\/\/garanley.com\/ca\/wp-json\/wp\/v2\/users\/1\/"}],"replies":[{"embeddable":true,"href":"https:\/\/garanley.com\/ca\/wp-json\/wp\/v2\/comments\/?post=2216"}],"version-history":[{"count":1,"href":"https:\/\/garanley.com\/ca\/wp-json\/wp\/v2\/posts\/2216\/revisions\/"}],"predecessor-version":[{"id":5152,"href":"https:\/\/garanley.com\/ca\/wp-json\/wp\/v2\/posts\/2216\/revisions\/5152\/"}],"wp:attachment":[{"href":"https:\/\/garanley.com\/ca\/wp-json\/wp\/v2\/media\/?parent=2216"}],"wp:term":[{"taxonomy":"category","embeddable":true,"href":"https:\/\/garanley.com\/ca\/wp-json\/wp\/v2\/categories\/?post=2216"},{"taxonomy":"post_tag","embeddable":true,"href":"https:\/\/garanley.com\/ca\/wp-json\/wp\/v2\/tags\/?post=2216"}],"curies":[{"name":"wp","href":"https:\/\/api.w.org\/{rel}","templated":true}]}}