{"id":2131,"date":"2018-02-21T08:07:55","date_gmt":"2018-02-21T07:07:55","guid":{"rendered":"http:\/\/garanley.com\/?p=2131"},"modified":"2020-03-23T19:51:25","modified_gmt":"2020-03-23T18:51:25","slug":"responsabilitat-civil-danys","status":"publish","type":"post","link":"https:\/\/garanley.com\/ca\/dret-civil\/responsabilitat-civil-danys\/","title":{"rendered":"Responsabilitat civil per danys"},"content":{"rendered":"<div style=\"display: none;\"\n    class=\"kk-star-ratings kksr-valign-top kksr-align-right kksr-disabled\"\n    data-id=\"2131\"\n    data-slug=\"\">\n    <div class=\"kksr-stars\">\n    <div class=\"kksr-stars-inactive\">\n            <div class=\"kksr-star\" data-star=\"1\">\n            <div class=\"kksr-icon\" style=\"width: px; height: px;\"><\/div>\n        <\/div>\n            <div class=\"kksr-star\" data-star=\"2\">\n            <div class=\"kksr-icon\" style=\"width: px; height: px;\"><\/div>\n        <\/div>\n            <div class=\"kksr-star\" data-star=\"3\">\n            <div class=\"kksr-icon\" style=\"width: px; height: px;\"><\/div>\n        <\/div>\n            <div class=\"kksr-star\" data-star=\"4\">\n            <div class=\"kksr-icon\" style=\"width: px; height: px;\"><\/div>\n        <\/div>\n            <div class=\"kksr-star\" data-star=\"5\">\n            <div class=\"kksr-icon\" style=\"width: px; height: px;\"><\/div>\n        <\/div>\n    <\/div>\n    <div class=\"kksr-stars-active\" style=\"width: 0px;\">\n            <div class=\"kksr-star\">\n            <div class=\"kksr-icon\" style=\"width: px; height: px;\"><\/div>\n        <\/div>\n            <div class=\"kksr-star\">\n            <div class=\"kksr-icon\" style=\"width: px; height: px;\"><\/div>\n        <\/div>\n            <div class=\"kksr-star\">\n            <div class=\"kksr-icon\" style=\"width: px; height: px;\"><\/div>\n        <\/div>\n            <div class=\"kksr-star\">\n            <div class=\"kksr-icon\" style=\"width: px; height: px;\"><\/div>\n        <\/div>\n            <div class=\"kksr-star\">\n            <div class=\"kksr-icon\" style=\"width: px; height: px;\"><\/div>\n        <\/div>\n    <\/div>\n<\/div>\n    <div class=\"kksr-legend\">\n            <strong class=\"kksr-score\">5<\/strong>\n        <span class=\"kksr-muted\">\/<\/span>\n        <strong>5<\/strong>\n        <span class=\"kksr-muted\">(<\/span>\n        <strong class=\"kksr-count\">1<\/strong>\n        <span class=\"kksr-muted\">\n            vote        <\/span>\n        <span class=\"kksr-muted\">)<\/span>\n    <\/div>\n<\/div>\n<p><strong>La responsabilitat civil per danys est\u00e0 regulada en l&#8217;article 1.902 del Codi civil, que indica que \u201c<em>El que per acci\u00f3 o omissi\u00f3 causa dany a un altre, intervenint culpa o neglig\u00e8ncia, est\u00e0 obligat a reparar el dany causat&#8221;.<\/em><\/strong><\/p>\n<hr \/>\n<p>\u00c9s clar que, segons aquesta definici\u00f3, qualsevol persona, al llarg de la seva vida, pot causar dany a una altra, sigui de forma volunt\u00e0ria o b\u00e9 per neglig\u00e8ncia o omissi\u00f3 en l&#8217;empleno dels seus deures o obligacions.<\/p>\n<p>Aquestes obligacions es creen arran d&#8217;un contracte o de forma independent als acords entre les parts. En aquest cas l&#8217;origen de l&#8217;obligaci\u00f3 \u00e9s el dany ocasionat.<\/p>\n<div id=\"ez-toc-container\" class=\"ez-toc-v2_0_17 counter-hierarchy counter-numeric ez-toc-transparent\">\n<div class=\"ez-toc-title-container\">\n<p class=\"ez-toc-title\">Resumen del art&iacute;culo<\/p>\n<span class=\"ez-toc-title-toggle\"><a class=\"ez-toc-pull-right ez-toc-btn ez-toc-btn-xs ez-toc-btn-default ez-toc-toggle\" style=\"display: none;\"><i class=\"ez-toc-glyphicon ez-toc-icon-toggle\"><\/i><\/a><\/span><\/div>\n<nav><ul class=\"ez-toc-list ez-toc-list-level-1\"><li class=\"ez-toc-page-1 ez-toc-heading-level-2\"><a class=\"ez-toc-link ez-toc-heading-1\" href=\"https:\/\/garanley.com\/ca\/dret-civil\/responsabilitat-civil-danys\/#responsabilitat-civil-contractual-i-extra-contractual\" title=\"Responsabilitat civil: contractual i extra contractual\">Responsabilitat civil: contractual i extra contractual<\/a><ul class=\"ez-toc-list-level-3\"><li class=\"ez-toc-heading-level-3\"><a class=\"ez-toc-link ez-toc-heading-2\" href=\"https:\/\/garanley.com\/ca\/dret-civil\/responsabilitat-civil-danys\/#responsabilitat-civil-com-tutelar-se\" title=\"Responsabilitat civil: com tutelar-se\">Responsabilitat civil: com tutelar-se<\/a><\/li><\/ul><\/li><\/ul><\/nav><\/div>\n<h2><span class=\"ez-toc-section\" id=\"responsabilitat-civil-contractual-i-extra-contractual\"><\/span>Responsabilitat civil: contractual i extra contractual<span class=\"ez-toc-section-end\"><\/span><\/h2>\n<p>Trobem exemples de responsabilitat civil originada per contracte en les professions liberals. Podria ser el cas d&#8217;un metge que no ha pogut sanar a un pacient malgrat haver actuat de la manera correcta i amb l&#8217;esfor\u00e7 necessari.<\/p>\n<p>Perqu\u00e8 el metge en l&#8217;exemple sigui legalment responsable del dany ocasionat, \u00e9s necessari provar que va actuar amb neglig\u00e8ncia i va haver-hi mala praxi.<\/p>\n<p>Un altre cas pot ser el d&#8217;un arquitecte que no lliura els pl\u00e0nols que se li havia comissionat, incomplint aix\u00ed les obligacions contractuals.<\/p>\n<p>D&#8217;altra banda, es parla de responsabilitat extra contractual quan neix d&#8217;una acci\u00f3 il\u00b7l\u00edcita intencional o deguda a neglig\u00e8ncia. En aquests casos pot ser que derivi tamb\u00e9 en responsabilitat penal.<\/p>\n<p>Veiem llavors que, el perjudici causat a una altra persona no sempre t\u00e9 origen d&#8217;una actuaci\u00f3 volunt\u00e0ria o demostrable i l&#8217;\u00fanica manera d&#8217;evitar la responsabilitat \u00e9s demostrar que hi ha hagut una causa fortu\u00efta. \u00c9s el cas t\u00edpic de la responsabilitat civil del segur de vehicles a motor.<\/p>\n<p>Les sancions per responsabilitat civil no preveuen multes, inhabilitaci\u00f3 o reclusi\u00f3, com en el cas de la responsabilitat penal, sempre que el responsable provi que el seu incompliment es va deure a un cas fortu\u00eft o de for\u00e7a major.<\/p>\n<h3><span class=\"ez-toc-section\" id=\"responsabilitat-civil-com-tutelar-se\"><\/span>Responsabilitat civil: com tutelar-se<span class=\"ez-toc-section-end\"><\/span><\/h3>\n<p>La contractaci\u00f3 d&#8217;un segur de responsabilitat civil permet a les persones d&#8217;exercir les seves activitats sense el temor que les seves actuacions puguin posar-les en la situaci\u00f3 de perdre el seu patrimoni per compensar els danys ocasionats.<\/p>\n<p>Amb aquest tipus d&#8217;assegurances, el pagament de les indemnitzacions derivades de reclamacions d&#8217;un tercer per responsabilitat de l&#8217;assegurat, es traslladen a la companyia asseguradora, que se substitueix a la persona f\u00edsica o empresa responsable legalment enfront del tercer, i assumeix el pagament de les indemnitzacions.<\/p>\n<p>Si t\u00e9 algun problema on li involucrin en una responsabilitat civil, el millor que pot fer \u00e9s posar-se en contacte amb un <a href=\"http:\/\/garanley.com\/ca\/especialitats\/civil\/\">advocat especialista en dret civil.<\/a><\/p>\n","protected":false},"excerpt":{"rendered":"<p>5 \/ 5 ( 1 vote ) La responsabilitat civil per danys est\u00e0 regulada en l&#8217;article 1.902 del Codi civil, que indica que \u201cEl que per acci\u00f3 o omissi\u00f3 causa dany a un altre, intervenint culpa o neglig\u00e8ncia, est\u00e0 obligat a reparar el dany causat&#8221;. \u00c9s clar que, segons aquesta definici\u00f3, qualsevol persona, al llarg &hellip;<\/p>\n<p class=\"read-more\"> <a class=\"\" href=\"https:\/\/garanley.com\/ca\/dret-civil\/responsabilitat-civil-danys\/\"> <span class=\"screen-reader-text\">Responsabilitat civil per danys<\/span> Read More \u00bb<\/a><\/p>\n","protected":false},"author":1,"featured_media":0,"comment_status":"closed","ping_status":"open","sticky":false,"template":"","format":"standard","meta":{"_monsterinsights_skip_tracking":false,"_monsterinsights_sitenote_active":false,"_monsterinsights_sitenote_note":"","_monsterinsights_sitenote_category":0,"footnotes":""},"categories":[17],"tags":[],"class_list":["post-2131","post","type-post","status-publish","format-standard","hentry","category-dret-civil"],"yoast_head":"<!-- This site is optimized with the Yoast SEO plugin v23.2 - https:\/\/yoast.com\/wordpress\/plugins\/seo\/ -->\n<title>Responsabilitat civil per danys | Garanley Advocats<\/title>\n<meta name=\"description\" content=\"La responsabilitat civil per danys est\u00e0 regulada en l&#039;article 1.902 del Codi civil, que indica que \u201cEl que per acci\u00f3 o omissi\u00f3 causa dany a un altre, intervenint culpa o neglig\u00e8ncia, est\u00e0 obligat a reparar el dany causat&quot;.\" \/>\n<meta name=\"robots\" content=\"index, follow, max-snippet:-1, max-image-preview:large, max-video-preview:-1\" \/>\n<link rel=\"canonical\" href=\"https:\/\/garanley.com\/ca\/civil\/responsabilidad-danos\/\" \/>\n<meta property=\"og:locale\" content=\"ca_ES\" \/>\n<meta property=\"og:type\" content=\"article\" \/>\n<meta property=\"og:title\" content=\"Responsabilitat civil per danys | Garanley Advocats\" \/>\n<meta property=\"og:description\" content=\"La responsabilitat civil per danys est\u00e0 regulada en l&#039;article 1.902 del Codi civil, que indica que \u201cEl que per acci\u00f3 o omissi\u00f3 causa dany a un altre, intervenint culpa o neglig\u00e8ncia, est\u00e0 obligat a reparar el dany causat&quot;.\" \/>\n<meta property=\"og:url\" content=\"https:\/\/garanley.com\/civil\/responsabilidad-danos\/\" \/>\n<meta property=\"og:site_name\" content=\"Garanley Abogados\" \/>\n<meta property=\"article:publisher\" content=\"https:\/\/www.facebook.com\/Garanley\/\" \/>\n<meta property=\"article:published_time\" content=\"2018-02-21T07:07:55+00:00\" \/>\n<meta property=\"article:modified_time\" content=\"2020-03-23T18:51:25+00:00\" \/>\n<meta property=\"og:image\" content=\"https:\/\/garanley.com\/wp-content\/uploads\/1438655.png\" \/>\n\t<meta property=\"og:image:width\" content=\"290\" \/>\n\t<meta property=\"og:image:height\" content=\"190\" \/>\n\t<meta property=\"og:image:type\" content=\"image\/png\" \/>\n<meta name=\"author\" content=\"garanley\" \/>\n<meta name=\"twitter:card\" content=\"summary_large_image\" \/>\n<meta name=\"twitter:creator\" content=\"@garanley\" \/>\n<meta name=\"twitter:site\" content=\"@garanley\" \/>\n<meta name=\"twitter:label1\" content=\"Escrit per\" \/>\n\t<meta name=\"twitter:data1\" content=\"garanley\" \/>\n\t<meta name=\"twitter:label2\" content=\"Temps estimat de lectura\" \/>\n\t<meta name=\"twitter:data2\" content=\"2 minuts\" \/>\n<script type=\"application\/ld+json\" class=\"yoast-schema-graph\">{\"@context\":\"https:\/\/schema.org\",\"@graph\":[{\"@type\":\"Article\",\"@id\":\"https:\/\/garanley.com\/civil\/responsabilidad-danos\/#article\",\"isPartOf\":{\"@id\":\"https:\/\/garanley.com\/civil\/responsabilidad-danos\/\"},\"author\":{\"name\":\"garanley\",\"@id\":\"https:\/\/garanley.com\/#\/schema\/person\/b66cda0c57b73f2d7e79c1950d4f78cf\"},\"headline\":\"Responsabilitat civil per danys\",\"datePublished\":\"2018-02-21T07:07:55+00:00\",\"dateModified\":\"2020-03-23T18:51:25+00:00\",\"mainEntityOfPage\":{\"@id\":\"https:\/\/garanley.com\/civil\/responsabilidad-danos\/\"},\"wordCount\":438,\"publisher\":{\"@id\":\"https:\/\/garanley.com\/#organization\"},\"articleSection\":[\"Dret Civil\"],\"inLanguage\":\"ca\"},{\"@type\":\"WebPage\",\"@id\":\"https:\/\/garanley.com\/civil\/responsabilidad-danos\/\",\"url\":\"https:\/\/garanley.com\/civil\/responsabilidad-danos\/\",\"name\":\"Responsabilitat civil per danys | Garanley Advocats\",\"isPartOf\":{\"@id\":\"https:\/\/garanley.com\/#website\"},\"datePublished\":\"2018-02-21T07:07:55+00:00\",\"dateModified\":\"2020-03-23T18:51:25+00:00\",\"description\":\"La responsabilitat civil per danys est\u00e0 regulada en l'article 1.902 del Codi civil, que indica que \u201cEl que per acci\u00f3 o omissi\u00f3 causa dany a un altre, intervenint culpa o neglig\u00e8ncia, est\u00e0 obligat a reparar el dany causat\\\".\",\"breadcrumb\":{\"@id\":\"https:\/\/garanley.com\/civil\/responsabilidad-danos\/#breadcrumb\"},\"inLanguage\":\"ca\",\"potentialAction\":[{\"@type\":\"ReadAction\",\"target\":[\"https:\/\/garanley.com\/civil\/responsabilidad-danos\/\"]}]},{\"@type\":\"BreadcrumbList\",\"@id\":\"https:\/\/garanley.com\/civil\/responsabilidad-danos\/#breadcrumb\",\"itemListElement\":[{\"@type\":\"ListItem\",\"position\":1,\"name\":\"Inicio\",\"item\":\"https:\/\/garanley.com\/ca\/\"},{\"@type\":\"ListItem\",\"position\":2,\"name\":\"Responsabilitat civil per danys\"}]},{\"@type\":\"WebSite\",\"@id\":\"https:\/\/garanley.com\/#website\",\"url\":\"https:\/\/garanley.com\/\",\"name\":\"Garanley Abogados\",\"description\":\"Despacho de Abogados en Barcelona\",\"publisher\":{\"@id\":\"https:\/\/garanley.com\/#organization\"},\"potentialAction\":[{\"@type\":\"SearchAction\",\"target\":{\"@type\":\"EntryPoint\",\"urlTemplate\":\"https:\/\/garanley.com\/?s={search_term_string}\"},\"query-input\":\"required name=search_term_string\"}],\"inLanguage\":\"ca\"},{\"@type\":\"Organization\",\"@id\":\"https:\/\/garanley.com\/#organization\",\"name\":\"Garanley Abogados\",\"url\":\"https:\/\/garanley.com\/\",\"logo\":{\"@type\":\"ImageObject\",\"inLanguage\":\"ca\",\"@id\":\"https:\/\/garanley.com\/#\/schema\/logo\/image\/\",\"url\":\"https:\/\/garanley.com\/wp-content\/uploads\/Abogados-Barcelona-Garanley.jpg\",\"contentUrl\":\"https:\/\/garanley.com\/wp-content\/uploads\/Abogados-Barcelona-Garanley.jpg\",\"width\":320,\"height\":120,\"caption\":\"Garanley Abogados\"},\"image\":{\"@id\":\"https:\/\/garanley.com\/#\/schema\/logo\/image\/\"},\"sameAs\":[\"https:\/\/www.facebook.com\/Garanley\/\",\"https:\/\/x.com\/garanley\"]},{\"@type\":\"Person\",\"@id\":\"https:\/\/garanley.com\/#\/schema\/person\/b66cda0c57b73f2d7e79c1950d4f78cf\",\"name\":\"garanley\",\"image\":{\"@type\":\"ImageObject\",\"inLanguage\":\"ca\",\"@id\":\"https:\/\/garanley.com\/#\/schema\/person\/image\/\",\"url\":\"https:\/\/secure.gravatar.com\/avatar\/4999d7af2dec9f5881e04093849bdc05a01736945c70fb6bca18eeb1652dbdd4?s=96&d=mm&r=g\",\"contentUrl\":\"https:\/\/secure.gravatar.com\/avatar\/4999d7af2dec9f5881e04093849bdc05a01736945c70fb6bca18eeb1652dbdd4?s=96&d=mm&r=g\",\"caption\":\"garanley\"}}]}<\/script>\n<!-- \/ Yoast SEO plugin. -->","yoast_head_json":{"title":"Responsabilitat civil per danys | Garanley Advocats","description":"La responsabilitat civil per danys est\u00e0 regulada en l'article 1.902 del Codi civil, que indica que \u201cEl que per acci\u00f3 o omissi\u00f3 causa dany a un altre, intervenint culpa o neglig\u00e8ncia, est\u00e0 obligat a reparar el dany causat\".","robots":{"index":"index","follow":"follow","max-snippet":"max-snippet:-1","max-image-preview":"max-image-preview:large","max-video-preview":"max-video-preview:-1"},"canonical":"https:\/\/garanley.com\/ca\/civil\/responsabilidad-danos\/","og_locale":"ca_ES","og_type":"article","og_title":"Responsabilitat civil per danys | Garanley Advocats","og_description":"La responsabilitat civil per danys est\u00e0 regulada en l'article 1.902 del Codi civil, que indica que \u201cEl que per acci\u00f3 o omissi\u00f3 causa dany a un altre, intervenint culpa o neglig\u00e8ncia, est\u00e0 obligat a reparar el dany causat\".","og_url":"https:\/\/garanley.com\/civil\/responsabilidad-danos\/","og_site_name":"Garanley Abogados","article_publisher":"https:\/\/www.facebook.com\/Garanley\/","article_published_time":"2018-02-21T07:07:55+00:00","article_modified_time":"2020-03-23T18:51:25+00:00","og_image":[{"width":290,"height":190,"url":"https:\/\/garanley.com\/wp-content\/uploads\/1438655.png","type":"image\/png"}],"author":"garanley","twitter_card":"summary_large_image","twitter_creator":"@garanley","twitter_site":"@garanley","twitter_misc":{"Escrit per":"garanley","Temps estimat de lectura":"2 minuts"},"schema":{"@context":"https:\/\/schema.org","@graph":[{"@type":"Article","@id":"https:\/\/garanley.com\/civil\/responsabilidad-danos\/#article","isPartOf":{"@id":"https:\/\/garanley.com\/civil\/responsabilidad-danos\/"},"author":{"name":"garanley","@id":"https:\/\/garanley.com\/#\/schema\/person\/b66cda0c57b73f2d7e79c1950d4f78cf"},"headline":"Responsabilitat civil per danys","datePublished":"2018-02-21T07:07:55+00:00","dateModified":"2020-03-23T18:51:25+00:00","mainEntityOfPage":{"@id":"https:\/\/garanley.com\/civil\/responsabilidad-danos\/"},"wordCount":438,"publisher":{"@id":"https:\/\/garanley.com\/#organization"},"articleSection":["Dret Civil"],"inLanguage":"ca"},{"@type":"WebPage","@id":"https:\/\/garanley.com\/civil\/responsabilidad-danos\/","url":"https:\/\/garanley.com\/civil\/responsabilidad-danos\/","name":"Responsabilitat civil per danys | Garanley Advocats","isPartOf":{"@id":"https:\/\/garanley.com\/#website"},"datePublished":"2018-02-21T07:07:55+00:00","dateModified":"2020-03-23T18:51:25+00:00","description":"La responsabilitat civil per danys est\u00e0 regulada en l'article 1.902 del Codi civil, que indica que \u201cEl que per acci\u00f3 o omissi\u00f3 causa dany a un altre, intervenint culpa o neglig\u00e8ncia, est\u00e0 obligat a reparar el dany causat\".","breadcrumb":{"@id":"https:\/\/garanley.com\/civil\/responsabilidad-danos\/#breadcrumb"},"inLanguage":"ca","potentialAction":[{"@type":"ReadAction","target":["https:\/\/garanley.com\/civil\/responsabilidad-danos\/"]}]},{"@type":"BreadcrumbList","@id":"https:\/\/garanley.com\/civil\/responsabilidad-danos\/#breadcrumb","itemListElement":[{"@type":"ListItem","position":1,"name":"Inicio","item":"https:\/\/garanley.com\/ca\/"},{"@type":"ListItem","position":2,"name":"Responsabilitat civil per danys"}]},{"@type":"WebSite","@id":"https:\/\/garanley.com\/#website","url":"https:\/\/garanley.com\/","name":"Garanley Abogados","description":"Despacho de Abogados en Barcelona","publisher":{"@id":"https:\/\/garanley.com\/#organization"},"potentialAction":[{"@type":"SearchAction","target":{"@type":"EntryPoint","urlTemplate":"https:\/\/garanley.com\/?s={search_term_string}"},"query-input":"required name=search_term_string"}],"inLanguage":"ca"},{"@type":"Organization","@id":"https:\/\/garanley.com\/#organization","name":"Garanley Abogados","url":"https:\/\/garanley.com\/","logo":{"@type":"ImageObject","inLanguage":"ca","@id":"https:\/\/garanley.com\/#\/schema\/logo\/image\/","url":"https:\/\/garanley.com\/wp-content\/uploads\/Abogados-Barcelona-Garanley.jpg","contentUrl":"https:\/\/garanley.com\/wp-content\/uploads\/Abogados-Barcelona-Garanley.jpg","width":320,"height":120,"caption":"Garanley Abogados"},"image":{"@id":"https:\/\/garanley.com\/#\/schema\/logo\/image\/"},"sameAs":["https:\/\/www.facebook.com\/Garanley\/","https:\/\/x.com\/garanley"]},{"@type":"Person","@id":"https:\/\/garanley.com\/#\/schema\/person\/b66cda0c57b73f2d7e79c1950d4f78cf","name":"garanley","image":{"@type":"ImageObject","inLanguage":"ca","@id":"https:\/\/garanley.com\/#\/schema\/person\/image\/","url":"https:\/\/secure.gravatar.com\/avatar\/4999d7af2dec9f5881e04093849bdc05a01736945c70fb6bca18eeb1652dbdd4?s=96&d=mm&r=g","contentUrl":"https:\/\/secure.gravatar.com\/avatar\/4999d7af2dec9f5881e04093849bdc05a01736945c70fb6bca18eeb1652dbdd4?s=96&d=mm&r=g","caption":"garanley"}}]}},"_links":{"self":[{"href":"https:\/\/garanley.com\/ca\/wp-json\/wp\/v2\/posts\/2131\/"}],"collection":[{"href":"https:\/\/garanley.com\/ca\/wp-json\/wp\/v2\/posts\/"}],"about":[{"href":"https:\/\/garanley.com\/ca\/wp-json\/wp\/v2\/types\/post\/"}],"author":[{"embeddable":true,"href":"https:\/\/garanley.com\/ca\/wp-json\/wp\/v2\/users\/1\/"}],"replies":[{"embeddable":true,"href":"https:\/\/garanley.com\/ca\/wp-json\/wp\/v2\/comments\/?post=2131"}],"version-history":[{"count":1,"href":"https:\/\/garanley.com\/ca\/wp-json\/wp\/v2\/posts\/2131\/revisions\/"}],"predecessor-version":[{"id":5189,"href":"https:\/\/garanley.com\/ca\/wp-json\/wp\/v2\/posts\/2131\/revisions\/5189\/"}],"wp:attachment":[{"href":"https:\/\/garanley.com\/ca\/wp-json\/wp\/v2\/media\/?parent=2131"}],"wp:term":[{"taxonomy":"category","embeddable":true,"href":"https:\/\/garanley.com\/ca\/wp-json\/wp\/v2\/categories\/?post=2131"},{"taxonomy":"post_tag","embeddable":true,"href":"https:\/\/garanley.com\/ca\/wp-json\/wp\/v2\/tags\/?post=2131"}],"curies":[{"name":"wp","href":"https:\/\/api.w.org\/{rel}","templated":true}]}}